{"id":14966,"date":"2018-03-28T07:50:40","date_gmt":"2018-03-28T10:50:40","guid":{"rendered":"http:\/\/blogs.correio24horas.com.br\/mesalte\/?p=14966"},"modified":"2018-03-28T08:09:40","modified_gmt":"2018-03-28T11:09:40","slug":"psicologa-transexual-e-aprovada-em-selecao-de-mestrado-em-estudos-afro-da-ufba","status":"publish","type":"post","link":"https:\/\/blogs.correio24horas.com.br\/mesalte\/psicologa-transexual-e-aprovada-em-selecao-de-mestrado-em-estudos-afro-da-ufba\/","title":{"rendered":"Psic\u00f3loga transexual \u00e9 aprovada em sele\u00e7\u00e3o de mestrado em estudos afro da Ufba"},"content":{"rendered":"<p>Ariane Senna est\u00e1 acostumada com pioneirismo. Depois de se tornar a primeira mulher transexual a se formar em Psicologia em Salvador ela agora al\u00e7ar\u00e1 mais um voo de primeira vez. A partir do pr\u00f3ximo m\u00eas ser\u00e1 a primeira trans a estudar no mestrado de estudos \u00e9tnicos e africanos da Faculdade de Filosofia e Ci\u00eancias Humanas da Universidade Federal da Bahia.<\/p>\n<p>Vice Presidenta do Conselho Estadual dos Direitos da Popula\u00e7\u00e3o LGBT da Bahia, Ariane conta que a ficha ainda n\u00e3o caiu diante da conquista. &#8220;\u00c9 um filme que vem na minha cabe\u00e7a, de onde vim, de tudo o que passei. Est\u00e1 conseguindo mais um passo na minha trajet\u00f3ria. Me sinto uma mission\u00e1ria ao estar podendo abrir tantos espa\u00e7os para que amanh\u00e3 depois outras trans possam estar adentrando. Sei que n\u00e3o \u00e9 f\u00e1cil e nem ser\u00e1: me recordo bastante de quando estive na banca e um dos professores me perguntou do tamanho do desafio que eu iria encontrar ao estar em um programa que n\u00e3o tem experi\u00eancia com quest\u00f5es de transexualidade, respondi para ele que sim e, aqui estou!&#8221;, relata Ariane.<\/p>\n<p>&nbsp;<\/p>\n<div id=\"attachment_14967\" style=\"width: 809px\" class=\"wp-caption aligncenter\"><img loading=\"lazy\" decoding=\"async\" aria-describedby=\"caption-attachment-14967\" class=\"size-full wp-image-14967\" src=\"https:\/\/blogs.correio24h.com.br\/mesalte\/wp-content\/uploads\/2018\/03\/aprovacao.jpg\" alt=\"Ariane conquistou a 10\u00aa coloca\u00e7\u00e3o na sele\u00e7\u00e3o \" width=\"799\" height=\"699\" srcset=\"https:\/\/blogs.correio24h.com.br\/mesalte\/wp-content\/uploads\/2018\/03\/aprovacao.jpg 799w, https:\/\/blogs.correio24h.com.br\/mesalte\/wp-content\/uploads\/2018\/03\/aprovacao-300x262.jpg 300w, https:\/\/blogs.correio24h.com.br\/mesalte\/wp-content\/uploads\/2018\/03\/aprovacao-768x672.jpg 768w, https:\/\/blogs.correio24h.com.br\/mesalte\/wp-content\/uploads\/2018\/03\/aprovacao-167x146.jpg 167w, https:\/\/blogs.correio24h.com.br\/mesalte\/wp-content\/uploads\/2018\/03\/aprovacao-50x44.jpg 50w, https:\/\/blogs.correio24h.com.br\/mesalte\/wp-content\/uploads\/2018\/03\/aprovacao-86x75.jpg 86w\" sizes=\"auto, (max-width: 799px) 100vw, 799px\" \/><p id=\"caption-attachment-14967\" class=\"wp-caption-text\">Ariane conquistou a 10\u00aa coloca\u00e7\u00e3o na sele\u00e7\u00e3o<\/p><\/div>\n<p>A busca pelo programa, segundo a psic\u00f3loga, aconteceu por ele ter o vi\u00e9s em ra\u00e7a e etnia. &#8220;Com ele, buscarei me aprofundar mais em temas relacionados ao campo de estudos \u00e9tnicos e africanos.\u00a0\u00a0A minha inser\u00e7\u00e3o nesse programa se d\u00e1 pela necessidade de eu me apropriar mais tamb\u00e9m do meu lugar enquanto mulher negra. Chegou um momento em que passei a perceber e refletir da dupla opress\u00e3o que passava e passo, primeiro por ser mulher trans mais tamb\u00e9m por ser negra. Isso me instigou a cada vez mais buscar conhecer teorias que me fortale\u00e7am para enfrentar mais essa opress\u00e3o na pr\u00e1tica&#8221;, destacou.<\/p>\n<p>&nbsp;<\/p>\n<blockquote><p>N\u00e3o acredito que foi em v\u00e3o o fato de eu ter me tornado a primeira mulher transexual a se formar em psicologia na cidade de Salvador, a primeira a estrelar na parada LGBT levando o tema e a visibilidade trans, a primeira a se tornar uma vice presidenta no conselho Estadual LGBT da Bahia\u00a0 e a agora a entrar em um programa de mestrado que assim como a maioria, ainda \u00e9 muito fechado e tampouco discutido as quest\u00f5es trans (Ariane Senna).<\/p><\/blockquote>\n<p>&nbsp;<\/p>\n<p>Para conquistar a vaga Ariane contou com a ajuda das oficinas montadas pelo projeto Transformando a P\u00f3s do\u00a0 grupo de pesquisa em Cultura e Sexualidade (CUS). O projeto teve coordena\u00e7\u00e3o do professor Leandro Colling, coordenador do CUS, e de Viviane Vergueiro que \u00e9 ativista transfeminista, professora e pesquisadora em identidades de g\u00eanero e diversidades corporais no Grupo de Pesquisa em Cultura e Sexualidade da Universidade Federal da Bahia (CuS-UFBA).<\/p>\n<p>&#8220;O Cus resolveu fazer esse projeto em fun\u00e7\u00e3o da Ufba ter criado as cotas para pessoas trans. Al\u00e9m de explicar como fazer um projeto acompanhamos a produ\u00e7\u00e3o dos projetos, sugerindo bibliografias e metodologias. As pessoas trans ainda s\u00e3o rar\u00edssimas na p\u00f3s, mas n\u00e3o \u00e9 s\u00f3 por isso que \u00e9 importante ter elas nessa \u00e1rea. O mais importante, na minha opini\u00e3o, s\u00e3o os conhecimentos que essas pessoas podem produzir a partir das suas vidas singulares&#8221;, argumenta Colling.<\/p>\n<div id=\"attachment_6947\" style=\"width: 398px\" class=\"wp-caption aligncenter\"><img loading=\"lazy\" decoding=\"async\" aria-describedby=\"caption-attachment-6947\" class=\"size-full wp-image-6947\" src=\"https:\/\/blogs.correio24h.com.br\/mesalte\/wp-content\/uploads\/2016\/09\/Ariane-Sena2.jpg\" alt=\"Ariane foi a primeira trans a se formar em psicologia em Salvador\" width=\"388\" height=\"612\" srcset=\"https:\/\/blogs.correio24h.com.br\/mesalte\/wp-content\/uploads\/2016\/09\/Ariane-Sena2.jpg 388w, https:\/\/blogs.correio24h.com.br\/mesalte\/wp-content\/uploads\/2016\/09\/Ariane-Sena2-190x300.jpg 190w, https:\/\/blogs.correio24h.com.br\/mesalte\/wp-content\/uploads\/2016\/09\/Ariane-Sena2-93x146.jpg 93w, https:\/\/blogs.correio24h.com.br\/mesalte\/wp-content\/uploads\/2016\/09\/Ariane-Sena2-32x50.jpg 32w, https:\/\/blogs.correio24h.com.br\/mesalte\/wp-content\/uploads\/2016\/09\/Ariane-Sena2-48x75.jpg 48w\" sizes=\"auto, (max-width: 388px) 100vw, 388px\" \/><p id=\"caption-attachment-6947\" class=\"wp-caption-text\">Ariane foi a primeira trans a se formar em psicologia em Salvador<\/p><\/div>\n<p>Ariane frisa que a conquista n\u00e3o \u00e9 apenas dela. &#8220;Isso \u00e9 uma vit\u00f3ria n\u00e3o s\u00f3 minha, mais de todas as mulheres trans, negras e perif\u00e9ricas de Salvador que a partir de hoje ver\u00e3o e ter\u00e3o mais um caminho para adentrar. Sei que se pensarmos na quantidade de habitantes trans na cidade e no ano que estamos vivendo ainda se comemorar o pioneirismo de uma transexual pode ser para muitos uma vergonha, mas \u00e9 algo tamb\u00e9m de nos alegrar, se pensarmos que diante de tantos retrocessos resistimos e estamos ocupamos espa\u00e7os. Sei tamb\u00e9m que j\u00e1 temos muitas trans doutoras e escritoras no Brasil e no mundo mas ao olharmos para quem s\u00e3o elas e de onde vem, logo perceberemos o motivo de comemorar a chegada nesses espa\u00e7os de uma mulher trans, negra e perif\u00e9rica e que, assim como a maioria, vem de um \u00fanico caminho: a prostitui\u00e7\u00e3o. Ent\u00e3o, parab\u00e9ns para n\u00f3s trans que estamos podendo transitar da prostitui\u00e7\u00e3o para a academia. Ainda s\u00e3o poucas! Por isso temos que comemorar!&#8221;, finaliza.<\/p>\n<p>&nbsp;<\/p>\n<p>&nbsp;<\/p>\n","protected":false},"excerpt":{"rendered":"<p>Ariane Senna est\u00e1 acostumada com pioneirismo. Depois de se tornar a primeira mulher transexual a se formar em Psicologia em Salvador ela agora al\u00e7ar\u00e1 mais um [&hellip;]<\/p>\n","protected":false},"author":1,"featured_media":14970,"comment_status":"open","ping_status":"open","sticky":false,"template":"","format":"image","meta":{"footnotes":""},"categories":[80,9],"tags":[],"class_list":["post-14966","post","type-post","status-publish","format-image","has-post-thumbnail","hentry","category-home","category-me-orgulho","post_format-post-format-image"],"_links":{"self":[{"href":"https:\/\/blogs.correio24horas.com.br\/mesalte\/wp-json\/wp\/v2\/posts\/14966","targetHints":{"allow":["GET"]}}],"collection":[{"href":"https:\/\/blogs.correio24horas.com.br\/mesalte\/wp-json\/wp\/v2\/posts"}],"about":[{"href":"https:\/\/blogs.correio24horas.com.br\/mesalte\/wp-json\/wp\/v2\/types\/post"}],"author":[{"embeddable":true,"href":"https:\/\/blogs.correio24horas.com.br\/mesalte\/wp-json\/wp\/v2\/users\/1"}],"replies":[{"embeddable":true,"href":"https:\/\/blogs.correio24horas.com.br\/mesalte\/wp-json\/wp\/v2\/comments?post=14966"}],"version-history":[{"count":2,"href":"https:\/\/blogs.correio24horas.com.br\/mesalte\/wp-json\/wp\/v2\/posts\/14966\/revisions"}],"predecessor-version":[{"id":14971,"href":"https:\/\/blogs.correio24horas.com.br\/mesalte\/wp-json\/wp\/v2\/posts\/14966\/revisions\/14971"}],"wp:featuredmedia":[{"embeddable":true,"href":"https:\/\/blogs.correio24horas.com.br\/mesalte\/wp-json\/wp\/v2\/media\/14970"}],"wp:attachment":[{"href":"https:\/\/blogs.correio24horas.com.br\/mesalte\/wp-json\/wp\/v2\/media?parent=14966"}],"wp:term":[{"taxonomy":"category","embeddable":true,"href":"https:\/\/blogs.correio24horas.com.br\/mesalte\/wp-json\/wp\/v2\/categories?post=14966"},{"taxonomy":"post_tag","embeddable":true,"href":"https:\/\/blogs.correio24horas.com.br\/mesalte\/wp-json\/wp\/v2\/tags?post=14966"}],"curies":[{"name":"wp","href":"https:\/\/api.w.org\/{rel}","templated":true}]}}