{"id":14864,"date":"2018-03-14T18:51:39","date_gmt":"2018-03-14T21:51:39","guid":{"rendered":"http:\/\/blogs.correio24horas.com.br\/mesalte\/?p=14864"},"modified":"2018-03-14T19:11:00","modified_gmt":"2018-03-14T22:11:00","slug":"pabllo-vittar-ganha-programa-na-tv-para-contar-sua-trajetoria","status":"publish","type":"post","link":"https:\/\/blogs.correio24horas.com.br\/mesalte\/pabllo-vittar-ganha-programa-na-tv-para-contar-sua-trajetoria\/","title":{"rendered":"Pabllo Vittar ganha programa na TV para contar sua trajet\u00f3ria"},"content":{"rendered":"<p>O sucesso de Pabllo Vittar vai render uma participa\u00e7\u00e3o especial nos cinemas at\u00e9 o fim do ano, mas, muito em breve, o artista ser\u00e1 atra\u00e7\u00e3o em um programa do na TV atrav\u00e9s do canal Multishow no hor\u00e1rio nobre. O programa &#8220;Prazer, Pabllo Vittar&#8221; vai contar a hist\u00f3ria da drag queen, desde a inf\u00e2ncia no Maranh\u00e3o, onde nasceu, at\u00e9 se tornar um \u00edcone LGBT e ganhar cada vez mais espa\u00e7o na m\u00fasica.<\/p>\n<p>Entre os destaques da carreira de Pabllo est\u00e3o sua participa\u00e7\u00e3o ao lado de Fergie no Rock in Rio, sendo a primeira drag queen a subir no Palco Mundo, e grava\u00e7\u00f5es ao lado de Anitta, Diplo e Lucas Lucco.<\/p>\n<p>Al\u00e9m da trajet\u00f3ria art\u00edstica, o p\u00fablico vai conhecer as refer\u00eancias do artista para construir a carreira. O programa ser\u00e1 dividido em quatro epis\u00f3dios e tem estreia marcada para o dia 1\u00ba de maio, \u00e0s 21h.<\/p>\n<p>&nbsp;<\/p>\n<p>Com informa\u00e7\u00f5es do Estad\u00e3o Conte\u00fado<\/p>\n","protected":false},"excerpt":{"rendered":"<p>O sucesso de Pabllo Vittar vai render uma participa\u00e7\u00e3o especial nos cinemas at\u00e9 o fim do ano, mas, muito em breve, o artista ser\u00e1 atra\u00e7\u00e3o em [&hellip;]<\/p>\n","protected":false},"author":1,"featured_media":11443,"comment_status":"open","ping_status":"open","sticky":false,"template":"","format":"image","meta":{"footnotes":""},"categories":[80,25],"tags":[1254,1253],"class_list":["post-14864","post","type-post","status-publish","format-image","has-post-thumbnail","hentry","category-home","category-me-transformo","tag-novo-clipe-anitta-e-pabllo","tag-pabllo","post_format-post-format-image"],"_links":{"self":[{"href":"https:\/\/blogs.correio24horas.com.br\/mesalte\/wp-json\/wp\/v2\/posts\/14864","targetHints":{"allow":["GET"]}}],"collection":[{"href":"https:\/\/blogs.correio24horas.com.br\/mesalte\/wp-json\/wp\/v2\/posts"}],"about":[{"href":"https:\/\/blogs.correio24horas.com.br\/mesalte\/wp-json\/wp\/v2\/types\/post"}],"author":[{"embeddable":true,"href":"https:\/\/blogs.correio24horas.com.br\/mesalte\/wp-json\/wp\/v2\/users\/1"}],"replies":[{"embeddable":true,"href":"https:\/\/blogs.correio24horas.com.br\/mesalte\/wp-json\/wp\/v2\/comments?post=14864"}],"version-history":[{"count":3,"href":"https:\/\/blogs.correio24horas.com.br\/mesalte\/wp-json\/wp\/v2\/posts\/14864\/revisions"}],"predecessor-version":[{"id":14869,"href":"https:\/\/blogs.correio24horas.com.br\/mesalte\/wp-json\/wp\/v2\/posts\/14864\/revisions\/14869"}],"wp:featuredmedia":[{"embeddable":true,"href":"https:\/\/blogs.correio24horas.com.br\/mesalte\/wp-json\/wp\/v2\/media\/11443"}],"wp:attachment":[{"href":"https:\/\/blogs.correio24horas.com.br\/mesalte\/wp-json\/wp\/v2\/media?parent=14864"}],"wp:term":[{"taxonomy":"category","embeddable":true,"href":"https:\/\/blogs.correio24horas.com.br\/mesalte\/wp-json\/wp\/v2\/categories?post=14864"},{"taxonomy":"post_tag","embeddable":true,"href":"https:\/\/blogs.correio24horas.com.br\/mesalte\/wp-json\/wp\/v2\/tags?post=14864"}],"curies":[{"name":"wp","href":"https:\/\/api.w.org\/{rel}","templated":true}]}}