{"id":14853,"date":"2018-03-14T07:38:47","date_gmt":"2018-03-14T10:38:47","guid":{"rendered":"http:\/\/blogs.correio24horas.com.br\/mesalte\/?p=14853"},"modified":"2018-03-14T10:17:06","modified_gmt":"2018-03-14T13:17:06","slug":"san-sebastian-troca-de-endereco-e-passara-a-funcionar-na-piramide-do-rio-vermelho","status":"publish","type":"post","link":"https:\/\/blogs.correio24horas.com.br\/mesalte\/san-sebastian-troca-de-endereco-e-passara-a-funcionar-na-piramide-do-rio-vermelho\/","title":{"rendered":"San Sebastian troca de endere\u00e7o e passar\u00e1 a funcionar na Pir\u00e2mide do Rio Vermelho"},"content":{"rendered":"<p>Ap\u00f3s um longo per\u00edodo no mesmo endere\u00e7o, a San Sebastian anuncia a mudan\u00e7a de local das suas instala\u00e7\u00f5es, que continuam no Rio Vermelho. Os empres\u00e1rios Jos\u00e9 Augusto Vasconcelos e Andr\u00e9 Gagliano deixam a Praia da Paci\u00eancia e levam uma nova estrutura, uma nova equipe\u00a0e um novo conceito para a Rua Jo\u00e3o Gomes, na Pir\u00e2mide do Rio Vermelho, onde funcionava recentemente a boate Zero, que foi atingida\u00a0 por um inc\u00eandio.<\/p>\n<p>\u201cA data para a mudan\u00e7a oficial ainda n\u00e3o foi definida, mas a Pir\u00e2mide foi escolhida por oferecer um espa\u00e7o maior e, consequentemente, mais conforto e seguran\u00e7a aos clientes, nos dando tamb\u00e9m a possibilidade de surpreender o p\u00fablico com formatos diferentes de festas e selos, dentro de um novo conceito que ser\u00e1 apresentado ao p\u00fablico e que segue as mudan\u00e7as que a noite sofreu em todo o Brasil. Daremos uma nova cara ao espa\u00e7o, dentro da preocupa\u00e7\u00e3o que a San Sebastian sempre teve de n\u00e3o se acomodar, mesmo tendo crescido e se destacado nos \u00faltimos anos, e de continuar buscando novas experi\u00eancias para os visitantes, sejam eles de Salvador ou de fora\u201d, explica Andr\u00e9 Gagliano em comunicado oficial enviado para a imprensa nesta quarta-feira (14) ap\u00f3s divulga\u00e7\u00e3o da novidade pelo colunista <a href=\"http:\/\/www.correio24horas.com.br\/noticia\/nid\/boate-san-sebastian-vai-mudar-para-a-piramide-do-rio-vermelho\/\" target=\"_blank\">Ronaldo Jacobina do jornal CORREIO<\/a>.<\/p>\n<p>Um dos destaques da nova casa \u00e9 o projeto de ilumina\u00e7\u00e3o, que ser\u00e1 assinado por Lonardi Dona, da LOD System. Parceiro nos dois endere\u00e7os anteriores da San Sebastian ele j\u00e1 assina, entre outras, a ilumina\u00e7\u00e3o da The Week, D-Egde, Provocateur e Lions, todas em S\u00e3o Paulo.<\/p>\n<p>\u201cContinuamos buscando qualidade acima de tudo e diferenciais que nos mantenham como refer\u00eancia. O p\u00fablico n\u00e3o \u00e9 mais o mesmo de quando abrimos a San e \u00e9 normal que sintamos a necessidade de estarmos atualizados. Trabalhamos sempre a favor dos anseios dos clientes, que confiam no nosso trabalho porque reconhecem que somos uma marca moderna, que n\u00e3o fica parada no tempo. Sabemos da grande responsabilidade que \u00e9 se manter no topo e temos certeza de que ser\u00e1 uma nova etapa, rumo aos 10 anos da San Sebastian, em 2019\u201d, antecipa Jos\u00e9 Augusto.<\/p>\n<p>Os s\u00f3cios ainda n\u00e3o definiram o que far\u00e3o com o espa\u00e7o na rua da Paci\u00eancia onde atualmente funciona a boate.<\/p>\n","protected":false},"excerpt":{"rendered":"<p>Ap\u00f3s um longo per\u00edodo no mesmo endere\u00e7o, a San Sebastian anuncia a mudan\u00e7a de local das suas instala\u00e7\u00f5es, que continuam no Rio Vermelho. Os empres\u00e1rios Jos\u00e9 [&hellip;]<\/p>\n","protected":false},"author":1,"featured_media":14855,"comment_status":"open","ping_status":"open","sticky":false,"template":"","format":"image","meta":{"footnotes":""},"categories":[28,80],"tags":[],"class_list":["post-14853","post","type-post","status-publish","format-image","has-post-thumbnail","hentry","category-farofa-digital","category-home","post_format-post-format-image"],"_links":{"self":[{"href":"https:\/\/blogs.correio24horas.com.br\/mesalte\/wp-json\/wp\/v2\/posts\/14853","targetHints":{"allow":["GET"]}}],"collection":[{"href":"https:\/\/blogs.correio24horas.com.br\/mesalte\/wp-json\/wp\/v2\/posts"}],"about":[{"href":"https:\/\/blogs.correio24horas.com.br\/mesalte\/wp-json\/wp\/v2\/types\/post"}],"author":[{"embeddable":true,"href":"https:\/\/blogs.correio24horas.com.br\/mesalte\/wp-json\/wp\/v2\/users\/1"}],"replies":[{"embeddable":true,"href":"https:\/\/blogs.correio24horas.com.br\/mesalte\/wp-json\/wp\/v2\/comments?post=14853"}],"version-history":[{"count":6,"href":"https:\/\/blogs.correio24horas.com.br\/mesalte\/wp-json\/wp\/v2\/posts\/14853\/revisions"}],"predecessor-version":[{"id":14863,"href":"https:\/\/blogs.correio24horas.com.br\/mesalte\/wp-json\/wp\/v2\/posts\/14853\/revisions\/14863"}],"wp:featuredmedia":[{"embeddable":true,"href":"https:\/\/blogs.correio24horas.com.br\/mesalte\/wp-json\/wp\/v2\/media\/14855"}],"wp:attachment":[{"href":"https:\/\/blogs.correio24horas.com.br\/mesalte\/wp-json\/wp\/v2\/media?parent=14853"}],"wp:term":[{"taxonomy":"category","embeddable":true,"href":"https:\/\/blogs.correio24horas.com.br\/mesalte\/wp-json\/wp\/v2\/categories?post=14853"},{"taxonomy":"post_tag","embeddable":true,"href":"https:\/\/blogs.correio24horas.com.br\/mesalte\/wp-json\/wp\/v2\/tags?post=14853"}],"curies":[{"name":"wp","href":"https:\/\/api.w.org\/{rel}","templated":true}]}}