{"id":14820,"date":"2018-03-10T17:28:48","date_gmt":"2018-03-10T20:28:48","guid":{"rendered":"http:\/\/blogs.correio24horas.com.br\/mesalte\/?p=14820"},"modified":"2018-03-10T17:28:48","modified_gmt":"2018-03-10T20:28:48","slug":"exclusivo-sucesso-das-redes-sociais-carlinhos-maia-fara-show-em-salvador-saiba-mais","status":"publish","type":"post","link":"https:\/\/blogs.correio24horas.com.br\/mesalte\/exclusivo-sucesso-das-redes-sociais-carlinhos-maia-fara-show-em-salvador-saiba-mais\/","title":{"rendered":"Exclusivo: sucesso das redes sociais, Carlinhos Maia far\u00e1 show em Salvador; saiba mais"},"content":{"rendered":"<p>Quer rir? Ent\u00e3o marque a\u00ed na sua agenda uma data:\u00a06 de abril (sexta-feira).\u00a0Carlinhos Maia, um dos influenciadores digitais mais bombados no momento nas redes sociais, aportar\u00e1 em Salvador. O Me Salte descobriu, com exclusividade, que ele vir\u00e1 para a capital baiana trazendo seu\u00a0novo espet\u00e1culo \u201cMas, Carlos!\u201d. Somente no instagram ele tem quase <a href=\"https:\/\/www.instagram.com\/carlinhosmaiaof\/\" target=\"_blank\">5 milh\u00f5es de seguidores.\u00a0<\/a><\/p>\n<p>Com produ\u00e7\u00e3o assinada pela Vision+ apresenta\u00e7\u00e3o ser\u00e1 realizada na Concha Ac\u00fastica, \u00e0s 19h e os ingressos come\u00e7ar\u00e3o a ser vendidos j\u00e1 na segunda-feira (12).<\/p>\n<p>Nesta temporada, Carlinhos vai mostrar um pouco de como \u00e9 a vida na &#8216;famosa&#8217; vila de Penedo e acompanhado de Dona Maria, sua amada m\u00e3e, e de seus amigos Reinaldo e Paulo, relatar com muito bom humor v\u00e1rios momentos marcantes de sua trajet\u00f3ria desde a inf\u00e2ncia at\u00e9 o sucesso mete\u00f3rico com seus v\u00eddeos na internet.<\/p>\n<p>Aos 24 anos, o \u00a0alagoano \u00a0come\u00e7ou a gravar v\u00eddeos para fugir da mesmice da internet com inten\u00e7\u00e3o de sempre mostrar coisas boas e engra\u00e7adas. \u201cQuero mostrar um cotidiano de uma pessoa comum e piadas com humanidade. Minha inten\u00e7\u00e3o \u00e9 fazer rir, jamais ofender algu\u00e9m\u201d, completa o artista que, c\u00e1 entre n\u00f3s, \u00e0s vezes pega pesado nas brincadeiras com o povo da vila.<\/p>\n<p>PS: Carlinhos, por favor, traz Branda Isadora (\u00e9 a melhor pessoa da vila)<\/p>\n<p>Ele anda t\u00e3o estourado que foi convidado de honra do casamento de\u00a0\u00a0Whinderson Nunes e Lu\u00edsa Sonza<\/p>\n<blockquote class=\"instagram-media\" style=\"background: #FFF; border: 0; border-radius: 3px; box-shadow: 0 0 1px 0 rgba(0,0,0,0.5),0 1px 10px 0 rgba(0,0,0,0.15); margin: 1px; max-width: 658px; padding: 0; width: calc(100% - 2px);\" data-instgrm-permalink=\"https:\/\/www.instagram.com\/p\/Bfv53gflQGm\/\" data-instgrm-version=\"8\">\n<div style=\"padding: 8px;\">\n<div style=\"background: #F8F8F8; line-height: 0; margin-top: 40px; padding: 53.045186640471506% 0; text-align: center; width: 100%;\"><\/div>\n<p style=\"color: #c9c8cd; font-family: Arial,sans-serif; font-size: 14px; line-height: 17px; margin-bottom: 0; margin-top: 8px; overflow: hidden; padding: 8px 0 7px; text-align: center; text-overflow: ellipsis; white-space: nowrap;\"><a style=\"color: #c9c8cd; font-family: Arial,sans-serif; font-size: 14px; font-style: normal; font-weight: normal; line-height: 17px; text-decoration: none;\" href=\"https:\/\/www.instagram.com\/p\/Bfv53gflQGm\/\" target=\"_blank\">Uma publica\u00e7\u00e3o compartilhada por CARLINHOS MAIA (@carlinhosmaiaof)<\/a> em <time style=\"font-family: Arial,sans-serif; font-size: 14px; line-height: 17px;\" datetime=\"2018-02-28T17:19:25+00:00\">28 de Fev, 2018 \u00e0s 9:19 PST<\/time><\/p>\n<\/div>\n<\/blockquote>\n<p><script src=\"\/\/www.instagram.com\/embed.js\" async=\"\" defer=\"defer\"><\/script><\/p>\n<p><strong>SERVI\u00c7O:<\/strong><br \/>\nO QUE: Stand Up \u201cMas, Carlos!&#8221; com Carlinhos Maia<br \/>\nQUANDO: 6 de abril (sexta-feira)<br \/>\nONDE: Concha Ac\u00fastica &#8211; Campo Grande<br \/>\nHOR\u00c1RIO: 19h<br \/>\nINGRESSOS: R$ 100 (inteira) | R$ 50 (meia)<br \/>\nLOCAIS DE VENDAS: Bilheteria do Teatro Castro Alves<br \/>\nINFORMA\u00c7\u00d5ES: 3014-4655<\/p>\n","protected":false},"excerpt":{"rendered":"<p>Quer rir? Ent\u00e3o marque a\u00ed na sua agenda uma data:\u00a06 de abril (sexta-feira).\u00a0Carlinhos Maia, um dos influenciadores digitais mais bombados no momento nas redes sociais, aportar\u00e1 [&hellip;]<\/p>\n","protected":false},"author":1,"featured_media":14823,"comment_status":"open","ping_status":"open","sticky":false,"template":"","format":"image","meta":{"footnotes":""},"categories":[80,16],"tags":[1637],"class_list":["post-14820","post","type-post","status-publish","format-image","has-post-thumbnail","hentry","category-home","category-me-jogo","tag-carlinhos-maia","post_format-post-format-image"],"_links":{"self":[{"href":"https:\/\/blogs.correio24horas.com.br\/mesalte\/wp-json\/wp\/v2\/posts\/14820","targetHints":{"allow":["GET"]}}],"collection":[{"href":"https:\/\/blogs.correio24horas.com.br\/mesalte\/wp-json\/wp\/v2\/posts"}],"about":[{"href":"https:\/\/blogs.correio24horas.com.br\/mesalte\/wp-json\/wp\/v2\/types\/post"}],"author":[{"embeddable":true,"href":"https:\/\/blogs.correio24horas.com.br\/mesalte\/wp-json\/wp\/v2\/users\/1"}],"replies":[{"embeddable":true,"href":"https:\/\/blogs.correio24horas.com.br\/mesalte\/wp-json\/wp\/v2\/comments?post=14820"}],"version-history":[{"count":3,"href":"https:\/\/blogs.correio24horas.com.br\/mesalte\/wp-json\/wp\/v2\/posts\/14820\/revisions"}],"predecessor-version":[{"id":14824,"href":"https:\/\/blogs.correio24horas.com.br\/mesalte\/wp-json\/wp\/v2\/posts\/14820\/revisions\/14824"}],"wp:featuredmedia":[{"embeddable":true,"href":"https:\/\/blogs.correio24horas.com.br\/mesalte\/wp-json\/wp\/v2\/media\/14823"}],"wp:attachment":[{"href":"https:\/\/blogs.correio24horas.com.br\/mesalte\/wp-json\/wp\/v2\/media?parent=14820"}],"wp:term":[{"taxonomy":"category","embeddable":true,"href":"https:\/\/blogs.correio24horas.com.br\/mesalte\/wp-json\/wp\/v2\/categories?post=14820"},{"taxonomy":"post_tag","embeddable":true,"href":"https:\/\/blogs.correio24horas.com.br\/mesalte\/wp-json\/wp\/v2\/tags?post=14820"}],"curies":[{"name":"wp","href":"https:\/\/api.w.org\/{rel}","templated":true}]}}