{"id":14804,"date":"2018-03-07T17:28:27","date_gmt":"2018-03-07T20:28:27","guid":{"rendered":"http:\/\/blogs.correio24horas.com.br\/mesalte\/?p=14804"},"modified":"2018-03-07T19:17:49","modified_gmt":"2018-03-07T22:17:49","slug":"estudantes-assistem-filme-pantera-negra-em-salvador","status":"publish","type":"post","link":"https:\/\/blogs.correio24horas.com.br\/mesalte\/estudantes-assistem-filme-pantera-negra-em-salvador\/","title":{"rendered":"Estudantes assistem filme Pantera Negra em Salvador"},"content":{"rendered":"<p>Estudantes do\u00a0curso de Rela\u00e7\u00f5es Internacionais, da Universidade da Integra\u00e7\u00e3o Internacional da Lusofonia Afro-Brasileira, UNILAB &#8211; Campus dos Mal\u00eas, sediada em S\u00e3o Francisco do Conde, estado da Bahia, assistiram nesta quarta-feira (07) ao filme Pantera Negra.<\/p>\n<p>&#8220;Viemos a convite e pela proposta de atividade da professora Isis Concei\u00e7\u00e3o da \u00e1rea de Direito Internacional lotada no Curso de Bacharelado em Rela\u00e7\u00f5es Internacionais.\u00a0Viemos em grupo, num n\u00famero total de 26 estudantes &#8211; veteranos e calouros &#8211; divididos entres estudantes nacionais da Angola, Brasil, Cabo Verde, Guin\u00e9-Bissau, Mo\u00e7ambique e S\u00e3o Tom\u00e9 e Pr\u00edncipe&#8221;, conta o estudante Iuri Ros\u00e1rio.<\/p>\n<p>A Unilab re\u00fane em seu escopo acad\u00eamico uma rela\u00e7\u00e3o\/coopera\u00e7\u00e3o com pa\u00edses lus\u00f3fonos, e por isso a mistura de nacionalidades numa s\u00f3 sala\/turma. O filme conta a\u00a0hist\u00f3ria de T&#8217;Challa, pr\u00edncipe do reino de Wakanda, que perde o seu pai e viaja para os Estados Unidos, onde tem contato com os Vingadores. Entre as suas habilidades est\u00e3o a velocidade, intelig\u00eancia e os sentidos apurados.<\/p>\n","protected":false},"excerpt":{"rendered":"<p>Estudantes do\u00a0curso de Rela\u00e7\u00f5es Internacionais, da Universidade da Integra\u00e7\u00e3o Internacional da Lusofonia Afro-Brasileira, UNILAB &#8211; Campus dos Mal\u00eas, sediada em S\u00e3o Francisco do Conde, estado da [&hellip;]<\/p>\n","protected":false},"author":1,"featured_media":14805,"comment_status":"open","ping_status":"open","sticky":false,"template":"","format":"image","meta":{"footnotes":""},"categories":[80,11],"tags":[],"class_list":["post-14804","post","type-post","status-publish","format-image","has-post-thumbnail","hentry","category-home","category-me-informo","post_format-post-format-image"],"_links":{"self":[{"href":"https:\/\/blogs.correio24horas.com.br\/mesalte\/wp-json\/wp\/v2\/posts\/14804","targetHints":{"allow":["GET"]}}],"collection":[{"href":"https:\/\/blogs.correio24horas.com.br\/mesalte\/wp-json\/wp\/v2\/posts"}],"about":[{"href":"https:\/\/blogs.correio24horas.com.br\/mesalte\/wp-json\/wp\/v2\/types\/post"}],"author":[{"embeddable":true,"href":"https:\/\/blogs.correio24horas.com.br\/mesalte\/wp-json\/wp\/v2\/users\/1"}],"replies":[{"embeddable":true,"href":"https:\/\/blogs.correio24horas.com.br\/mesalte\/wp-json\/wp\/v2\/comments?post=14804"}],"version-history":[{"count":2,"href":"https:\/\/blogs.correio24horas.com.br\/mesalte\/wp-json\/wp\/v2\/posts\/14804\/revisions"}],"predecessor-version":[{"id":14808,"href":"https:\/\/blogs.correio24horas.com.br\/mesalte\/wp-json\/wp\/v2\/posts\/14804\/revisions\/14808"}],"wp:featuredmedia":[{"embeddable":true,"href":"https:\/\/blogs.correio24horas.com.br\/mesalte\/wp-json\/wp\/v2\/media\/14805"}],"wp:attachment":[{"href":"https:\/\/blogs.correio24horas.com.br\/mesalte\/wp-json\/wp\/v2\/media?parent=14804"}],"wp:term":[{"taxonomy":"category","embeddable":true,"href":"https:\/\/blogs.correio24horas.com.br\/mesalte\/wp-json\/wp\/v2\/categories?post=14804"},{"taxonomy":"post_tag","embeddable":true,"href":"https:\/\/blogs.correio24horas.com.br\/mesalte\/wp-json\/wp\/v2\/tags?post=14804"}],"curies":[{"name":"wp","href":"https:\/\/api.w.org\/{rel}","templated":true}]}}