{"id":14771,"date":"2018-03-05T17:16:26","date_gmt":"2018-03-05T20:16:26","guid":{"rendered":"http:\/\/blogs.correio24horas.com.br\/mesalte\/?p=14771"},"modified":"2018-03-05T19:10:11","modified_gmt":"2018-03-05T22:10:11","slug":"perseguidor-de-travestis-ataca-na-pituba-tres-foram-esfaqueadas","status":"publish","type":"post","link":"https:\/\/blogs.correio24horas.com.br\/mesalte\/perseguidor-de-travestis-ataca-na-pituba-tres-foram-esfaqueadas\/","title":{"rendered":"Perseguidor de travestis ataca na Pituba; tr\u00eas foram esfaqueadas"},"content":{"rendered":"<p><em>Por Bruno Wendel<\/em><\/p>\n<p>Os golpes foram todos na regi\u00e3o da face. A maioria com o uso de uma faca. Al\u00e9m das marcas f\u00edsicas, quatro travestis t\u00eam tamb\u00e9m como cicatriz o pavor. Elas estavam em seus pontos quando foram atacas por um homem em dias distintos na Rua Minas Gerais, na Pituba. Atualmente, nenhuma delas pensa em retornar ao local de trabalho.<\/p>\n<p>O agressor \u00e9 um homem alto, moreno, com cavanhaque e em todas as a\u00e7\u00f5es usava a mesma roupa: bon\u00e9 azul, casaco e cal\u00e7a jeans. Todas as v\u00edtimas s\u00e3o de estatura mediana, t\u00eam entre 18 e 22 anos\u00a0e estavam sozinhas ou na companhia de outra travesti quando foram atacadas, entre os dias 21 de fevereiro e 3 de mar\u00e7o, um intervalo de dez dias.<\/p>\n<p>Palco\u00a0dos crimes, a\u00a0Rua Minas Gerais est\u00e1 situada entre as avenidas Manoel Dias e Oct\u00e1vio Mangabeira e \u00e9 cercada por edif\u00edcios residenciais e estabelecimentos comerciais. \u00c0 noite, \u00e9 um dos pontos de prostitui\u00e7\u00e3o da Pituba, por\u00e9m deserto, o que facilita a a\u00e7\u00e3o do criminoso. Ele\u00a0se aproxima das v\u00edtimas como se estivesse caminhando despretensiosamente e, quando encontra a oportunidade, ataca.<\/p>\n<p>A Pol\u00edcia Militar informou ao CORREIO que atuou em duas ocorr\u00eancias nas madrugadas do dia 28 de fevereiro e 3 de mar\u00e7o. Nelas, h\u00e1 o relato de um agressor que vitimou duas pessoas com golpes de l\u00e2minas no rosto.<\/p>\n<p>O caso j\u00e1 est\u00e1 com a Defensoria P\u00fablica do Estado da Bahia (DPE). As v\u00edtimas ser\u00e3o ouvidas na pr\u00f3xima segunda-feira (12) pela a defensora p\u00fablica Eva Rodrigues, subcoordenadora da Especializada de Direitos Humanos e Itinerante.<\/p>\n\n\t\t\t<style type='text\/css'>\n\t\t\t\t#gallery-1 {\n\t\t\t\t\tmargin: auto;\n\t\t\t\t}\n\t\t\t\t#gallery-1 .gallery-item {\n\t\t\t\t\tfloat: left;\n\t\t\t\t\tmargin-top: 10px;\n\t\t\t\t\ttext-align: center;\n\t\t\t\t\twidth: 49.99%;\n\t\t\t\t}\n\t\t\t\t#gallery-1 img {\n\t\t\t\t\tborder: 2px solid #cfcfcf;\n\t\t\t\t}\n\t\t\t\t#gallery-1 .gallery-caption {\n\t\t\t\t\tmargin-left: 0;\n\t\t\t\t}\n\t\t\t\t\/* see gallery_shortcode() in wp-includes\/media.php *\/\n\t\t\t<\/style>\n\t\t<div id='gallery-1' class='gallery galleryid-14771 gallery-columns-2 gallery-size-medium file'><dl class='gallery-item'>\n\t\t\t\t<dt class='gallery-icon portrait'>\n\t\t\t\t\t<a href='https:\/\/blogs.correio24h.com.br\/mesalte\/wp-content\/uploads\/2018\/03\/faca2.jpg'><img loading=\"lazy\" decoding=\"async\" width=\"225\" height=\"300\" src=\"https:\/\/blogs.correio24h.com.br\/mesalte\/wp-content\/uploads\/2018\/03\/faca2-225x300.jpg\" class=\"attachment-medium size-medium\" alt=\"\" srcset=\"https:\/\/blogs.correio24h.com.br\/mesalte\/wp-content\/uploads\/2018\/03\/faca2-225x300.jpg 225w, https:\/\/blogs.correio24h.com.br\/mesalte\/wp-content\/uploads\/2018\/03\/faca2-768x1024.jpg 768w, https:\/\/blogs.correio24h.com.br\/mesalte\/wp-content\/uploads\/2018\/03\/faca2-110x146.jpg 110w, https:\/\/blogs.correio24h.com.br\/mesalte\/wp-content\/uploads\/2018\/03\/faca2-38x50.jpg 38w, https:\/\/blogs.correio24h.com.br\/mesalte\/wp-content\/uploads\/2018\/03\/faca2-56x75.jpg 56w, https:\/\/blogs.correio24h.com.br\/mesalte\/wp-content\/uploads\/2018\/03\/faca2.jpg 960w\" sizes=\"auto, (max-width: 225px) 100vw, 225px\" \/><\/a>\n\t\t\t\t<\/dt><\/dl><dl class='gallery-item'>\n\t\t\t\t<dt class='gallery-icon portrait'>\n\t\t\t\t\t<a href='https:\/\/blogs.correio24h.com.br\/mesalte\/wp-content\/uploads\/2018\/03\/faca.jpg'><img loading=\"lazy\" decoding=\"async\" width=\"180\" height=\"300\" src=\"https:\/\/blogs.correio24h.com.br\/mesalte\/wp-content\/uploads\/2018\/03\/faca-180x300.jpg\" class=\"attachment-medium size-medium\" alt=\"\" srcset=\"https:\/\/blogs.correio24h.com.br\/mesalte\/wp-content\/uploads\/2018\/03\/faca-180x300.jpg 180w, https:\/\/blogs.correio24h.com.br\/mesalte\/wp-content\/uploads\/2018\/03\/faca.jpg 768w, https:\/\/blogs.correio24h.com.br\/mesalte\/wp-content\/uploads\/2018\/03\/faca-614x1024.jpg 614w, https:\/\/blogs.correio24h.com.br\/mesalte\/wp-content\/uploads\/2018\/03\/faca-88x146.jpg 88w, https:\/\/blogs.correio24h.com.br\/mesalte\/wp-content\/uploads\/2018\/03\/faca-30x50.jpg 30w, https:\/\/blogs.correio24h.com.br\/mesalte\/wp-content\/uploads\/2018\/03\/faca-45x75.jpg 45w\" sizes=\"auto, (max-width: 180px) 100vw, 180px\" \/><\/a>\n\t\t\t\t<\/dt><\/dl><br style=\"clear: both\" \/>\n\t\t\t<\/div>\n\n<p><strong>Ataques<\/strong><br \/>\nOs ataques aconteceram entre 0h e 1h.\u00a0O\u00a0\u00faltimo &#8211;\u00a0e mais violento &#8211;\u00a0foi no \u00faltimo s\u00e1bado (3) e teve como v\u00edtima a travesti Jaqueline. \u201cQuando vim do programa, vi Jaqueline no ch\u00e3o toda ensanguentada sendo atendida por uma equipe do Samu (Servi\u00e7o de Atendimento M\u00f3vel de Urg\u00eancia) e as pessoas dizendo: \u2018ele esfaqueou mais uma\u2019\u201d, contou a tamb\u00e9m travesti Celine Fernandes, 33.<\/p>\n<p>Segundo Celine, Jaqueline teve v\u00e1rias perfura\u00e7\u00f5es na regi\u00e3o da cabe\u00e7a e pr\u00f3ximo ao pesco\u00e7o. \u201cUma das facadas saiu rasgando a boca e o queixo. Ela est\u00e1 t\u00e3o apavorada que disse que n\u00e3o vai voltar para a rua\u201d, contou a profissional do sexo.<\/p>\n<p>O primeiro ataque aconteceu no dia 21 de fevereiro, um domingo. \u00a0A travesti Luana estava sozinha quando foi golpeada por tr\u00e1s, por uma barra de ferro. \u201cQuando ela caiu, ele correu. Desde ent\u00e3o, Luana sumiu, com medo de ser novamente agredida ou at\u00e9 morta\u201d, contou Celine.<\/p>\n<p>No dia 28 de fevereiro, a v\u00edtima foi Bianca &#8211; ela foi esfaqueada e socorrida a uma unidade m\u00e9dica. \u201cEla disse que ele falou quando saiu: \u2018S\u00f3 vou parar quando matar uma\u2019\u201d, contou Celine. No dia 2 de mar\u00e7o, a \u00faltima sexta-feira,\u00a0o criminoso atacou Rafaela \u2013 ela tamb\u00e9m foi esfaqueada.<\/p>\n<p><strong>Medo<\/strong><br \/>\nO medo fez com que as v\u00edtimas n\u00e3o procurassem a pol\u00edcia. Nenhuma delas registrou queixa em delegacia. \u201cElas achavam que se denunciassem, esse bandido poderia voltar para terminar o que come\u00e7ou. Mas j\u00e1 est\u00e1vamos adotando medidas cab\u00edveis: na pr\u00f3xima segunda-feira iremos \u00e0 Defensoria P\u00fablica\u201d, contou Celine.<\/p>\n<p>O p\u00e2nico est\u00e1 instalado tamb\u00e9m entre as profissionais do sexo que atuam na Pituba. \u201cTodas est\u00e3o apavoradas. Ent\u00e3o, estamos pedindo\u00a0para todas ficarem mais juntas, n\u00e3o se afastarem uma das outras, j\u00e1 que a maioria dos ataques acontece\u00a0quando a v\u00edtima est\u00e1 sozinha. Pedimos tamb\u00e9m para elas evitarem a Minas Gerias, que optem pela Oct\u00e1vio Mangabeira e a Manoel Dias, pois est\u00e3o movimentadas e iluminadas\u201d, declarou Celine.<\/p>\n<p><strong>At\u00edpico<\/strong><br \/>\nNa \u00faltima quinta-feira (1\u00ba), o agressor faria mais uma v\u00edtima. \u201cA gente viu um homem circulando com as mesmas caracter\u00edsticas pela Rua Minas Gerais. Quando viu que a rua estava movimentada, um dia at\u00edpico, ele recuou e pulou um muro de um pr\u00e9dio que fica em frente a uma cl\u00ednica\u201d, contou uma travesti, que preferiu n\u00e3o se identificar.<\/p>\n<p>Ainda de acordo com ela, uma equipe da Pol\u00edcia Militar passava na hora e um grupo de travestis informou o local onde o suspeito estaria, por\u00e9m, os policiais n\u00e3o se mostraram interessados em ir atr\u00e1s do suspeito. \u201cRepetimos v\u00e1rias vezes que se eles\u00a0se apressassem, poderiam pegar ele, mas a viatura saiu do lugar bem devagar, como se quisesse n\u00e3o ter trabalho\u201d, disse a travesti.<\/p>\n<p><strong>Transfobia<\/strong><br \/>\nPara a psic\u00f3loga, transfeminista e vice-presidenta do Conselho Estadual dos Direitos da Popula\u00e7\u00e3o de Gays, L\u00e9sbicas, Bissexuais, Travestis e Transexuais (CELGBT- BA) do Estado da Bahia, Ariane Senna, os ataques na face s\u00e3o casos t\u00edpicos de transfobia. &#8220;\u00c9 quando o cidad\u00e3o quer desfigurar, ele quer dizer que o rosto de mulher n\u00e3o pertence ao corpo de um homem. Geralmente, s\u00e3o crimes com requinte de crueldade. Isso\u00a0falando psicologicamente\u201d, disse.<\/p>\n<div style=\"width: 775px\" class=\"wp-caption alignright\"><img loading=\"lazy\" decoding=\"async\" class=\"size-large wp-image-14782\" src=\"https:\/\/blogs.correio24h.com.br\/mesalte\/wp-content\/uploads\/2018\/03\/ariane-765x1024.jpg\" alt=\"Vice-presidenta do Conselho Estadual dos Direitos da Popula\u00e7\u00e3o de Gays, L\u00e9sbicas, Bissexuais, Travestis e Transexuais (LGBT) do Estado da Bahia, Ariane Senna\" width=\"765\" height=\"1024\" srcset=\"https:\/\/blogs.correio24h.com.br\/mesalte\/wp-content\/uploads\/2018\/03\/ariane-765x1024.jpg 765w, https:\/\/blogs.correio24h.com.br\/mesalte\/wp-content\/uploads\/2018\/03\/ariane-224x300.jpg 224w, https:\/\/blogs.correio24h.com.br\/mesalte\/wp-content\/uploads\/2018\/03\/ariane-768x1028.jpg 768w, https:\/\/blogs.correio24h.com.br\/mesalte\/wp-content\/uploads\/2018\/03\/ariane-109x146.jpg 109w, https:\/\/blogs.correio24h.com.br\/mesalte\/wp-content\/uploads\/2018\/03\/ariane-37x50.jpg 37w, https:\/\/blogs.correio24h.com.br\/mesalte\/wp-content\/uploads\/2018\/03\/ariane-56x75.jpg 56w, https:\/\/blogs.correio24h.com.br\/mesalte\/wp-content\/uploads\/2018\/03\/ariane.jpg 956w\" sizes=\"auto, (max-width: 765px) 100vw, 765px\" \/><p class=\"wp-caption-text\">Vice-presidenta do Conselho Estadual dos Direitos da Popula\u00e7\u00e3o de Gays, L\u00e9sbicas, Bissexuais, Travestis e Transexuais (LGBT) do Estado da Bahia, Ariane Senna<\/p><\/div>\n<p>Segundo Ariane Senna, estes casos n\u00e3o s\u00e3o isolados. \u201cJ\u00e1 soube de outros casos entre profissionais do sexo, mas n\u00e3o deu em nada, por que as v\u00edtimas tiveram medo de denunciar. \u00c9 preciso ter coragem para tentarmos mudar esse cen\u00e1rio\u201d, disse.<\/p>\n<p>Ainda de acordo com Ariane Senna, se a v\u00edtima n\u00e3o se sentir\u00a0confort\u00e1vel em ir a uma delegacia, ela pode procurar o Conselho Estadual dos Direitos LGBT, a Defensoria P\u00fablica ou grupo de ativistas, a exemplo da Antra (Associa\u00e7\u00e3o Nacional de Travestis e Transexuais) \u2013 em Salvador, a unidade est\u00e1 localizada no Gravat\u00e1.<\/p>\n<p>As v\u00edtimas dos ataques na Pituba ser\u00e3o encaminhadas para a Casar\u00e3o da Diversidade, onde todas ter\u00e3o acompanhamento psicol\u00f3gico, jur\u00eddico e social.<\/p>\n<p>No mundo, o risco de uma pessoa trans ou travesti ser assassinada \u00e9 14 vezes maior do que um gay, e se compararmos com os Estados Unidos, as 144 travestis brasileiras assassinadas em 2016 face \u00e0 s 21 trans americanas, as brasileiras t\u00eam 9 vezes mais chance de morte violenta do que as trans norte-americanas\u009d. Segundo ag\u00eancias internacionais, a exemplo da Trans Respect Versus Transphobia World Wide , mais da metade dos homic\u00eddios de transexuais do mundo ocorrem no Brasil.<\/p>\n","protected":false},"excerpt":{"rendered":"<p>Por Bruno Wendel Os golpes foram todos na regi\u00e3o da face. A maioria com o uso de uma faca. Al\u00e9m das marcas f\u00edsicas, quatro travestis t\u00eam [&hellip;]<\/p>\n","protected":false},"author":2,"featured_media":14773,"comment_status":"open","ping_status":"open","sticky":false,"template":"","format":"image","meta":{"footnotes":""},"categories":[80,11],"tags":[],"class_list":["post-14771","post","type-post","status-publish","format-image","has-post-thumbnail","hentry","category-home","category-me-informo","post_format-post-format-image"],"_links":{"self":[{"href":"https:\/\/blogs.correio24horas.com.br\/mesalte\/wp-json\/wp\/v2\/posts\/14771","targetHints":{"allow":["GET"]}}],"collection":[{"href":"https:\/\/blogs.correio24horas.com.br\/mesalte\/wp-json\/wp\/v2\/posts"}],"about":[{"href":"https:\/\/blogs.correio24horas.com.br\/mesalte\/wp-json\/wp\/v2\/types\/post"}],"author":[{"embeddable":true,"href":"https:\/\/blogs.correio24horas.com.br\/mesalte\/wp-json\/wp\/v2\/users\/2"}],"replies":[{"embeddable":true,"href":"https:\/\/blogs.correio24horas.com.br\/mesalte\/wp-json\/wp\/v2\/comments?post=14771"}],"version-history":[{"count":12,"href":"https:\/\/blogs.correio24horas.com.br\/mesalte\/wp-json\/wp\/v2\/posts\/14771\/revisions"}],"predecessor-version":[{"id":14790,"href":"https:\/\/blogs.correio24horas.com.br\/mesalte\/wp-json\/wp\/v2\/posts\/14771\/revisions\/14790"}],"wp:featuredmedia":[{"embeddable":true,"href":"https:\/\/blogs.correio24horas.com.br\/mesalte\/wp-json\/wp\/v2\/media\/14773"}],"wp:attachment":[{"href":"https:\/\/blogs.correio24horas.com.br\/mesalte\/wp-json\/wp\/v2\/media?parent=14771"}],"wp:term":[{"taxonomy":"category","embeddable":true,"href":"https:\/\/blogs.correio24horas.com.br\/mesalte\/wp-json\/wp\/v2\/categories?post=14771"},{"taxonomy":"post_tag","embeddable":true,"href":"https:\/\/blogs.correio24horas.com.br\/mesalte\/wp-json\/wp\/v2\/tags?post=14771"}],"curies":[{"name":"wp","href":"https:\/\/api.w.org\/{rel}","templated":true}]}}