{"id":14764,"date":"2018-03-05T13:32:46","date_gmt":"2018-03-05T16:32:46","guid":{"rendered":"http:\/\/blogs.correio24horas.com.br\/mesalte\/?p=14764"},"modified":"2018-03-11T10:14:58","modified_gmt":"2018-03-11T13:14:58","slug":"caminhada-marca-dia-internacional-da-mulher-em-vilas-do-atlantico","status":"publish","type":"post","link":"https:\/\/blogs.correio24horas.com.br\/mesalte\/caminhada-marca-dia-internacional-da-mulher-em-vilas-do-atlantico\/","title":{"rendered":"Caminhada marca Dia Internacional da Mulher em Vilas do Atl\u00e2ntico"},"content":{"rendered":"<p>O Dia Internacional da Mulher, 8 de mar\u00e7o, ser\u00e1 especial em Vilas do Atl\u00e2ntico. Um grupo de mulheres comandando pela promoter e fot\u00f3grafa Josefa Coimbra est\u00e1 organizando um evento que vai movimentar a regi\u00e3o na defesa de uma causa importante. &#8220;Vamos realizar a caminhada Diga N\u00e3o \u00e0 Viol\u00eancia contra a Mulher e nos posicionar diante de um problema t\u00e3o grave&#8221;, explica.<\/p>\n<p>A concentra\u00e7\u00e3o ser\u00e1 na Ouse, Mariposa e Revitalle, na Avenida Praia de Itapu\u00e3, a partir das 7h30, com direito a aquecimento com o time da academia Renato Petersen e um caf\u00e9 da manh\u00e3. Qualquer pessoa pode participar do movimento.<\/p>\n<p><img loading=\"lazy\" decoding=\"async\" class=\"aligncenter size-large wp-image-14769\" src=\"https:\/\/blogs.correio24h.com.br\/mesalte\/wp-content\/uploads\/2018\/03\/caminhada-1024x643.jpg\" alt=\"caminhada\" width=\"1024\" height=\"643\" srcset=\"https:\/\/blogs.correio24h.com.br\/mesalte\/wp-content\/uploads\/2018\/03\/caminhada-1024x643.jpg 1024w, https:\/\/blogs.correio24h.com.br\/mesalte\/wp-content\/uploads\/2018\/03\/caminhada-300x188.jpg 300w, https:\/\/blogs.correio24h.com.br\/mesalte\/wp-content\/uploads\/2018\/03\/caminhada-768x482.jpg 768w, https:\/\/blogs.correio24h.com.br\/mesalte\/wp-content\/uploads\/2018\/03\/caminhada-232x146.jpg 232w, https:\/\/blogs.correio24h.com.br\/mesalte\/wp-content\/uploads\/2018\/03\/caminhada-50x31.jpg 50w, https:\/\/blogs.correio24h.com.br\/mesalte\/wp-content\/uploads\/2018\/03\/caminhada-119x75.jpg 119w, https:\/\/blogs.correio24h.com.br\/mesalte\/wp-content\/uploads\/2018\/03\/caminhada.jpg 1280w\" sizes=\"auto, (max-width: 1024px) 100vw, 1024px\" \/><\/p>\n<p>No comando do projeto Divas de Vilas, que re\u00fane cerca de 100 empres\u00e1rias de Vilas do Atl\u00e2ntico e regi\u00e3o, Josefa &#8211;<a href=\"https:\/\/blogs.correio24horas.com.br\/mesalte\/me-salte-lanca-calendario-com-drags-inspirado-no-zodiaco-baixe-de-graca\/\" target=\"_blank\"> que produziu as fotos do calend\u00e1rio do Me Salte<\/a> &#8211;\u00a0 \u00a0est\u00e1 ansiosa com o desafio de promover a caminhada. &#8220;\u00c9 muita responsabilidade porque estamos falando de um assunto muito importante em uma data representativa para todas as mulheres\u201d.<\/p>\n<p>Para realizar a a\u00e7\u00e3o, Josefa recrutou um time com mais de 40 parceiros entre artistas, como Adelmo Cas\u00e9, Tatau e Scheila Carvalho, e empres\u00e1rios, que abra\u00e7aram a causa.<\/p>\n","protected":false},"excerpt":{"rendered":"<p>O Dia Internacional da Mulher, 8 de mar\u00e7o, ser\u00e1 especial em Vilas do Atl\u00e2ntico. Um grupo de mulheres comandando pela promoter e fot\u00f3grafa Josefa Coimbra est\u00e1 [&hellip;]<\/p>\n","protected":false},"author":1,"featured_media":14765,"comment_status":"open","ping_status":"open","sticky":false,"template":"","format":"image","meta":{"footnotes":""},"categories":[9],"tags":[],"class_list":["post-14764","post","type-post","status-publish","format-image","has-post-thumbnail","hentry","category-me-orgulho","post_format-post-format-image"],"_links":{"self":[{"href":"https:\/\/blogs.correio24horas.com.br\/mesalte\/wp-json\/wp\/v2\/posts\/14764","targetHints":{"allow":["GET"]}}],"collection":[{"href":"https:\/\/blogs.correio24horas.com.br\/mesalte\/wp-json\/wp\/v2\/posts"}],"about":[{"href":"https:\/\/blogs.correio24horas.com.br\/mesalte\/wp-json\/wp\/v2\/types\/post"}],"author":[{"embeddable":true,"href":"https:\/\/blogs.correio24horas.com.br\/mesalte\/wp-json\/wp\/v2\/users\/1"}],"replies":[{"embeddable":true,"href":"https:\/\/blogs.correio24horas.com.br\/mesalte\/wp-json\/wp\/v2\/comments?post=14764"}],"version-history":[{"count":3,"href":"https:\/\/blogs.correio24horas.com.br\/mesalte\/wp-json\/wp\/v2\/posts\/14764\/revisions"}],"predecessor-version":[{"id":14770,"href":"https:\/\/blogs.correio24horas.com.br\/mesalte\/wp-json\/wp\/v2\/posts\/14764\/revisions\/14770"}],"wp:featuredmedia":[{"embeddable":true,"href":"https:\/\/blogs.correio24horas.com.br\/mesalte\/wp-json\/wp\/v2\/media\/14765"}],"wp:attachment":[{"href":"https:\/\/blogs.correio24horas.com.br\/mesalte\/wp-json\/wp\/v2\/media?parent=14764"}],"wp:term":[{"taxonomy":"category","embeddable":true,"href":"https:\/\/blogs.correio24horas.com.br\/mesalte\/wp-json\/wp\/v2\/categories?post=14764"},{"taxonomy":"post_tag","embeddable":true,"href":"https:\/\/blogs.correio24horas.com.br\/mesalte\/wp-json\/wp\/v2\/tags?post=14764"}],"curies":[{"name":"wp","href":"https:\/\/api.w.org\/{rel}","templated":true}]}}