{"id":14716,"date":"2018-03-02T07:31:18","date_gmt":"2018-03-02T10:31:18","guid":{"rendered":"http:\/\/blogs.correio24horas.com.br\/mesalte\/?p=14716"},"modified":"2018-03-02T07:32:30","modified_gmt":"2018-03-02T10:32:30","slug":"voce-ja-mediu-o-tamanho-da-sua-lingua","status":"publish","type":"post","link":"https:\/\/blogs.correio24horas.com.br\/mesalte\/voce-ja-mediu-o-tamanho-da-sua-lingua\/","title":{"rendered":"Voc\u00ea j\u00e1 mediu o tamanho da sua l\u00edngua?"},"content":{"rendered":"<p><img loading=\"lazy\" decoding=\"async\" class=\"aligncenter size-full wp-image-13793\" src=\"https:\/\/blogs.correio24h.com.br\/mesalte\/wp-content\/uploads\/2017\/12\/topo_meSalte_cheiroCouro.jpg\" alt=\"topo_meSalte_cheiroCouro\" width=\"940\" height=\"100\" srcset=\"https:\/\/blogs.correio24h.com.br\/mesalte\/wp-content\/uploads\/2017\/12\/topo_meSalte_cheiroCouro.jpg 940w, https:\/\/blogs.correio24h.com.br\/mesalte\/wp-content\/uploads\/2017\/12\/topo_meSalte_cheiroCouro-300x32.jpg 300w, https:\/\/blogs.correio24h.com.br\/mesalte\/wp-content\/uploads\/2017\/12\/topo_meSalte_cheiroCouro-768x82.jpg 768w, https:\/\/blogs.correio24h.com.br\/mesalte\/wp-content\/uploads\/2017\/12\/topo_meSalte_cheiroCouro-260x28.jpg 260w, https:\/\/blogs.correio24h.com.br\/mesalte\/wp-content\/uploads\/2017\/12\/topo_meSalte_cheiroCouro-50x5.jpg 50w, https:\/\/blogs.correio24h.com.br\/mesalte\/wp-content\/uploads\/2017\/12\/topo_meSalte_cheiroCouro-150x16.jpg 150w\" sizes=\"auto, (max-width: 940px) 100vw, 940px\" \/><\/p>\n<p><strong>Por\u00a0Clarissa Pacheco*<\/strong><\/p>\n<p>Pesquisas confirmam: tamanho n\u00e3o \u00e9 documento. Se fosse, Kim Kardashian n\u00e3o estava por a\u00ed destruindo carreiras com menos de um metro e meio. Mas, h\u00e1 quem fa\u00e7a quest\u00e3o de andar com uma fita m\u00e9trica para chamar de sua.<\/p>\n<p>No final de semana passado, a cantora Ana Carolina p\u00f4s \u00e0 prova outro tipo de medida: postou uma foto dando l\u00edngua para a companheira, a atriz Let\u00edcia Lima. Muito rom\u00e2ntico e fofinho, n\u00e3o fosse a legenda\u00a0 e o TAMANHO da l\u00edngua da\u00a0 mo\u00e7a:\u00a0&#8220;Te lembrando do tamanho da minha l\u00edngua s\u00f3 pra voc\u00ea N\u00c3O esquecer&#8221;.<\/p>\n<p>Nesta quinta-feira (1\u00b0), Let\u00edcia Lima tamb\u00e9m postou uma foto dando l\u00edngua e disse que nem foi resposta pra crush: &#8220;Sobre ter p\u00e9 de amora em casa&#8221;, escreveu na legenda. Amora. Sei.<\/p>\n<p><img loading=\"lazy\" decoding=\"async\" class=\"aligncenter size-full wp-image-14717\" src=\"https:\/\/blogs.correio24h.com.br\/mesalte\/wp-content\/uploads\/2018\/03\/let.jpg\" alt=\"let\" width=\"716\" height=\"898\" srcset=\"https:\/\/blogs.correio24h.com.br\/mesalte\/wp-content\/uploads\/2018\/03\/let.jpg 716w, https:\/\/blogs.correio24h.com.br\/mesalte\/wp-content\/uploads\/2018\/03\/let-239x300.jpg 239w, https:\/\/blogs.correio24h.com.br\/mesalte\/wp-content\/uploads\/2018\/03\/let-116x146.jpg 116w, https:\/\/blogs.correio24h.com.br\/mesalte\/wp-content\/uploads\/2018\/03\/let-40x50.jpg 40w, https:\/\/blogs.correio24h.com.br\/mesalte\/wp-content\/uploads\/2018\/03\/let-60x75.jpg 60w\" sizes=\"auto, (max-width: 716px) 100vw, 716px\" \/><\/p>\n<p>Sim, eu tinha visto a primeira foto (como \u00e9 que n\u00e3o v\u00ea, minha gente?). Mas a\u00ed o editor do Me Salte, Jorge Gauthier, me marcou na postagem e mandou o recado: &#8220;Olha a\u00ed um assunto pra Cheiro de Couro&#8221;, disse.<\/p>\n<p>Auto explicativo, n\u00e9? Acho, honestamente, dif\u00edcil que a mo\u00e7a seja capaz de esquecer de alguma coisa e certamente \u00e9 louca por amora&#8230; Mas, como eu n\u00e3o devo me considerar A especialista em nada e provavelmente estou entre as 200 pessoas mais indecisas do universo, resolvi perguntar pra galera se esse tamanho todo, afinal, faz diferen\u00e7a.<\/p>\n<p>Para come\u00e7ar a segunda-feira (26), lan\u00e7amos a seguinte enquete no Insta Stories do Me Salte: Pra voc\u00ea, tamanho \u00e9 documento? Para a pesquisa, o Instituto DataSalte (#brinks) ouviu 689 almas de luz mal intencionadas, entre mo\u00e7as e rapazes \u00e1vidos por uma boa xurria.<\/p>\n<p>Num placar talvez apertado, o N\u00c3O venceu a disputa com 53% dos votos, contra 47% dos que acreditam que, SIM, tamanho faz a diferen\u00e7a. Importante dizer que a maioria dos 53% \u00e9 formada por mulheres e a maior parte dos 47%, por homens.<\/p>\n<p>Por que ser\u00e1, n\u00e9? Para que n\u00e3o nos faltassem argumentos, perguntei pras amigas do vale &#8211; com todo o cuidado pra n\u00e3o parecer cantada barata, Ave Maria &#8211; se, no final das contas, faz diferen\u00e7a ter um lingu\u00e3o desses ou n\u00e3o. Vamos l\u00e1:<\/p>\n<p>Uma amiga que aceitou ser chamada aqui de Viada &#8211; &#8220;N\u00e3o deixo de ser&#8221;, disse o seguinte, com certeza cheia de propriedade para o assunto: &#8221; Claro que n\u00e3o faz! Se fosse assim, o tamanho do pau tamb\u00e9m seria. O importante \u00e9 como usar o instrumento que tem&#8221;, e concluiu com uma gargalhada daquelas que ultrapassam uma linha do WhatApp.<\/p>\n<p>Como isso aqui \u00e9 uma coluna democr\u00e1tica, resolvi consultar duas mo\u00e7as heterossexuais ortodoxas. A primeira, bom&#8230; &#8220;Rapaz, eu acho que importa, porque pequeno ou grande demais tamb\u00e9m n\u00e3o d\u00e1 pra ser bom rsrs. Vai incomodar de algum jeito&#8221;, garantiu. Me senti na obriga\u00e7\u00e3o de advertir que eu estava falando da l\u00edngua, ao que ela acrescentou: &#8220;Ah, eu n\u00e3o ando medindo a l\u00edngua das pessoas, n\u00e3o&#8221;. Ok. Nem eu.<\/p>\n<p>A segunda h\u00e9tero a contribuir com a nossa enquete defende fervorosamente que tamanho n\u00e3o \u00e9 documento. Ficou at\u00e9 traumatizada com um boy linguarudo. &#8220;Fiquei com um cara que tinha meio metro de l\u00edngua, tipo Gene Simmons do Kiss. Ficou meia hora me chupando, mas pareceu que foi um dia inteiro. Um saco, n\u00e3o acabava nunca, l\u00edngua mole, eu fiquei sem saber o que fazer porque ele achava que tava arrasando. Fiquei com sono&#8221;, resume. Coitado do Gene Simmons&#8230;<\/p>\n<p><img loading=\"lazy\" decoding=\"async\" class=\"aligncenter size-full wp-image-14720\" src=\"https:\/\/blogs.correio24h.com.br\/mesalte\/wp-content\/uploads\/2018\/03\/g-1.jpg\" alt=\"g\" width=\"511\" height=\"288\" srcset=\"https:\/\/blogs.correio24h.com.br\/mesalte\/wp-content\/uploads\/2018\/03\/g-1.jpg 511w, https:\/\/blogs.correio24h.com.br\/mesalte\/wp-content\/uploads\/2018\/03\/g-1-300x169.jpg 300w, https:\/\/blogs.correio24h.com.br\/mesalte\/wp-content\/uploads\/2018\/03\/g-1-260x146.jpg 260w, https:\/\/blogs.correio24h.com.br\/mesalte\/wp-content\/uploads\/2018\/03\/g-1-50x28.jpg 50w, https:\/\/blogs.correio24h.com.br\/mesalte\/wp-content\/uploads\/2018\/03\/g-1-133x75.jpg 133w\" sizes=\"auto, (max-width: 511px) 100vw, 511px\" \/><\/p>\n<p>O migo gay tamb\u00e9m integrou o bonde do &#8220;tamanho n\u00e3o \u00e9 documento&#8221;. &#8220;O tamanho n\u00e3o \u00e9 sin\u00f4nimo de efetividade no ato do prazer. No momento do sexo, \u00e9 importante a habilidade e sensibilidade do indiv\u00edduo em estimular seu parceiro (a), que aumenta conforme a intimidade do casal&#8221;, justificou. Fino. E olhe que eu acho que ele tava fala do de outra coisa.<\/p>\n<p>Por fim, e n\u00e3o menos importante, vem a nossa amiga, servidora p\u00fablica, 35 anos, aparentemente SUPER especialista no assunto: &#8220;O importante n\u00e3o \u00e9 o tamanho da l\u00edngua, mas sim encontrar o clit\u00f3ris, pois nem todos os homens s\u00e3o aptos a encontrar, mas as mulheres sim&#8221;, avisou.<\/p>\n<p>Ela ainda aponta as qualidades que realmente importam numa l\u00edngua &#8211; e est\u00e3o longe de ter rela\u00e7\u00e3o com o tamanho. &#8220;A l\u00edngua n\u00e3o pode ficar muito repetitiva, nem tampouco muito dura, pois n\u00e3o estimular\u00e1 o suficiente&#8221;. E tem mais: &#8220;O importante tamb\u00e9m \u00e9 ter higiene, claro, maciez, swing e malemol\u00eancia. Por fim, mas n\u00e3o menos importante, deve-se sempre estar atenta \u00e0s respostas do corpo da parceira&#8221;. Como nem tudo \u00e9 l\u00edngua, ela avisa: &#8220;Ter um bom franj\u00e3o \u00e9 legal, porque a mina que t\u00e1 recebendo pode segurar a hora do oral&#8221;.<\/p>\n<p>Viu, gente? T\u00f4 passada.<\/p>\n<p><em>*Colaborou Raquel Saraiva<\/em><\/p>\n","protected":false},"excerpt":{"rendered":"<p>Por\u00a0Clarissa Pacheco* Pesquisas confirmam: tamanho n\u00e3o \u00e9 documento. Se fosse, Kim Kardashian n\u00e3o estava por a\u00ed destruindo carreiras com menos de um metro e meio. Mas, [&hellip;]<\/p>\n","protected":false},"author":2,"featured_media":14718,"comment_status":"open","ping_status":"open","sticky":false,"template":"","format":"image","meta":{"footnotes":""},"categories":[28,80],"tags":[1633,1634],"class_list":["post-14716","post","type-post","status-publish","format-image","has-post-thumbnail","hentry","category-farofa-digital","category-home","tag-cheiro-de-couro","tag-clarissa-pacheco","post_format-post-format-image"],"_links":{"self":[{"href":"https:\/\/blogs.correio24horas.com.br\/mesalte\/wp-json\/wp\/v2\/posts\/14716","targetHints":{"allow":["GET"]}}],"collection":[{"href":"https:\/\/blogs.correio24horas.com.br\/mesalte\/wp-json\/wp\/v2\/posts"}],"about":[{"href":"https:\/\/blogs.correio24horas.com.br\/mesalte\/wp-json\/wp\/v2\/types\/post"}],"author":[{"embeddable":true,"href":"https:\/\/blogs.correio24horas.com.br\/mesalte\/wp-json\/wp\/v2\/users\/2"}],"replies":[{"embeddable":true,"href":"https:\/\/blogs.correio24horas.com.br\/mesalte\/wp-json\/wp\/v2\/comments?post=14716"}],"version-history":[{"count":2,"href":"https:\/\/blogs.correio24horas.com.br\/mesalte\/wp-json\/wp\/v2\/posts\/14716\/revisions"}],"predecessor-version":[{"id":14722,"href":"https:\/\/blogs.correio24horas.com.br\/mesalte\/wp-json\/wp\/v2\/posts\/14716\/revisions\/14722"}],"wp:featuredmedia":[{"embeddable":true,"href":"https:\/\/blogs.correio24horas.com.br\/mesalte\/wp-json\/wp\/v2\/media\/14718"}],"wp:attachment":[{"href":"https:\/\/blogs.correio24horas.com.br\/mesalte\/wp-json\/wp\/v2\/media?parent=14716"}],"wp:term":[{"taxonomy":"category","embeddable":true,"href":"https:\/\/blogs.correio24horas.com.br\/mesalte\/wp-json\/wp\/v2\/categories?post=14716"},{"taxonomy":"post_tag","embeddable":true,"href":"https:\/\/blogs.correio24horas.com.br\/mesalte\/wp-json\/wp\/v2\/tags?post=14716"}],"curies":[{"name":"wp","href":"https:\/\/api.w.org\/{rel}","templated":true}]}}