{"id":14693,"date":"2018-03-01T13:09:15","date_gmt":"2018-03-01T16:09:15","guid":{"rendered":"http:\/\/blogs.correio24horas.com.br\/mesalte\/?p=14693"},"modified":"2018-03-01T21:53:51","modified_gmt":"2018-03-02T00:53:51","slug":"apos-denunciar-racismo-tia-ma-e-ameacada-de-morte-de-hoje-voce-nao-passa","status":"publish","type":"post","link":"https:\/\/blogs.correio24horas.com.br\/mesalte\/apos-denunciar-racismo-tia-ma-e-ameacada-de-morte-de-hoje-voce-nao-passa\/","title":{"rendered":"Ap\u00f3s denunciar racismo, Tia M\u00e1 \u00e9 amea\u00e7ada de morte: &#8216;de hoje voc\u00ea n\u00e3o passa&#8217;"},"content":{"rendered":"<p>Ap\u00f3s ser v\u00edtima de racismo e denunciar o caso ao Minist\u00e9rio P\u00fablico da Bahia, a jornalista e digital influencer Ma\u00edra Azevedo foi amea\u00e7ada de morte nesta quinta-feira (1). &#8220;O racista n\u00e3o suportou a repercuss\u00e3o do caso, pegou meu contato de trabalho, me ligou e est\u00e1 me fazendo amea\u00e7as, enviando mensagens para meu celular de trabalho. A quest\u00e3o \u00e9 que essa pessoa me ligou e eu salvei o n\u00famero, vou encaminhar para a pol\u00edcia! Ainda que eu morra, morrerei lutando pelo que eu acredito! Jamais vou me furtar do meu direito de seguir combatendo as mais diversas formas de discrimina\u00e7\u00e3o. N\u00e3o quer ser exposto? N\u00e3o cometa crimes! N\u00e3o vai me intimidar com amea\u00e7as!&#8221;, afirmou a jornalista que registrou o caso na 1\u00aa Delegacia (Barris) em Salvador. Ma\u00edra \u00e9 uma das colaboradoras do programa Encontro com F\u00e1tima Bernardes, da Rede Globo.<\/p>\n<p>Na noite de segunda-feira (26) <a href=\"https:\/\/blogs.correio24horas.com.br\/mesalte\/jornalista-e-influenciadora-digital-tia-ma-e-chamada-de-macaca-ao-vivo-no-instagram\/\" target=\"_blank\">Ma\u00edra fazia uma live no instagram quando um perfil a chamou de &#8216;Monkey\u2019 &#8211; na tradu\u00e7\u00e3o do ingl\u00eas \u2018macaco (a)\u2019<\/a>. Em mensagens que a pessoa enviou para a jornalista nesta quinta (1) o homem volta a cham\u00e1-la de &#8216;macaca&#8217; e ainda faz amea\u00e7a de morte: &#8220;Melho\u00a0 vc para !! Voc\u00ea n\u00e3o sabe quem t\u00e1 falando. Pro seu bem me deixe em paz. Vou acaba com vc!!!\u00a0Pergei onde vc mora e sei onde vv esta agora nesse momento. Vc nao passa de hj. Pode ficar sabendo. Sua macaca preta&#8221;, diz as mensagens.<\/p>\n<p>Ap\u00f3s o registro da queixa na 1\u00aa Delegacia (Barris), o agressor parou de amea\u00e7ar a jornalista. \u201cEssa pessoa ser\u00e1 punida. Eu vi a determina\u00e7\u00e3o da delegada Maria Dahil em descobrir quem est\u00e1 fazendo isso. E \u00e9 algu\u00e9m que n\u00e3o tem no\u00e7\u00e3o do que est\u00e1 fazendo, me ligou de um telefone que n\u00e3o era de n\u00famero privado e me fez v\u00e1rias amea\u00e7as. Eu consegui identificar o n\u00famero\u201d, avaliou.<\/p>\n<p>Ma\u00edra Azevedo ressalta que n\u00e3o est\u00e1 com medo do criminoso, apesar das amea\u00e7as. \u201cSe for para eu morrer, que eu morra lutando, foi o que eu disse ao pr\u00f3prio agressor. Eu fui forjada na luta antirracista e n\u00e3o vai ser isso que vai me tirar do eixo\u201d.<\/p>\n<p>A delegada Maria Dahil disse que est\u00e1 investigando o caso e que far\u00e1 um of\u00edcio \u00e0 operadora de telefonia para que identifique o portador da linha.<\/p>\n<p><strong>Veja abaixo:\u00a0<\/strong><\/p>\n<p><img loading=\"lazy\" decoding=\"async\" class=\"aligncenter size-large wp-image-14694\" src=\"https:\/\/blogs.correio24h.com.br\/mesalte\/wp-content\/uploads\/2018\/03\/ameaca-maira-1024x1024.jpg\" alt=\"ameaca maira\" width=\"1024\" height=\"1024\" srcset=\"https:\/\/blogs.correio24h.com.br\/mesalte\/wp-content\/uploads\/2018\/03\/ameaca-maira-1024x1024.jpg 1024w, https:\/\/blogs.correio24h.com.br\/mesalte\/wp-content\/uploads\/2018\/03\/ameaca-maira-150x150.jpg 150w, https:\/\/blogs.correio24h.com.br\/mesalte\/wp-content\/uploads\/2018\/03\/ameaca-maira-300x300.jpg 300w, https:\/\/blogs.correio24h.com.br\/mesalte\/wp-content\/uploads\/2018\/03\/ameaca-maira-768x768.jpg 768w, https:\/\/blogs.correio24h.com.br\/mesalte\/wp-content\/uploads\/2018\/03\/ameaca-maira-146x146.jpg 146w, https:\/\/blogs.correio24h.com.br\/mesalte\/wp-content\/uploads\/2018\/03\/ameaca-maira-50x50.jpg 50w, https:\/\/blogs.correio24h.com.br\/mesalte\/wp-content\/uploads\/2018\/03\/ameaca-maira-80x80.jpg 80w, https:\/\/blogs.correio24h.com.br\/mesalte\/wp-content\/uploads\/2018\/03\/ameaca-maira-75x75.jpg 75w, https:\/\/blogs.correio24h.com.br\/mesalte\/wp-content\/uploads\/2018\/03\/ameaca-maira-85x85.jpg 85w, https:\/\/blogs.correio24h.com.br\/mesalte\/wp-content\/uploads\/2018\/03\/ameaca-maira.jpg 1080w\" sizes=\"auto, (max-width: 1024px) 100vw, 1024px\" \/><\/p>\n<p>Ma\u00edra \u00e9 jornalista, formada e diplomada h\u00e1 12 anos. Em 2014, recebeu o pr\u00eamio de jornalismo Abdias do Nascimento, pelo caderno Especial da Consci\u00eancia Negra. Em 2015, foi eleita uma das 25 negras mais influentes da internet. Em v\u00eddeos curtos, de dois a tr\u00eas minutos em m\u00e9dia, ela trata de assuntos do cotidiano, como relacionamentos, trabalho,sexo, auto estima, empoderamento feminino e mecanismos de defesa contra todas as formas de discrimina\u00e7\u00e3o.<\/p>\n<p>Veja postagem que ela fez comentando o assunto na segunda-feira:<\/p>\n<blockquote class=\"instagram-media\" style=\"background: #FFF; border: 0; border-radius: 3px; box-shadow: 0 0 1px 0 rgba(0,0,0,0.5),0 1px 10px 0 rgba(0,0,0,0.15); margin: 1px; max-width: 658px; padding: 0; width: calc(100% - 2px);\" data-instgrm-permalink=\"https:\/\/www.instagram.com\/p\/Bfrvs4_gKcC\/\" data-instgrm-version=\"8\">\n<div style=\"padding: 8px;\">\n<div style=\"background: #F8F8F8; line-height: 0; margin-top: 40px; padding: 50.0% 0; text-align: center; width: 100%;\"><\/div>\n<p style=\"color: #c9c8cd; font-family: Arial,sans-serif; font-size: 14px; line-height: 17px; margin-bottom: 0; margin-top: 8px; overflow: hidden; padding: 8px 0 7px; text-align: center; text-overflow: ellipsis; white-space: nowrap;\"><a style=\"color: #c9c8cd; font-family: Arial,sans-serif; font-size: 14px; font-style: normal; font-weight: normal; line-height: 17px; text-decoration: none;\" href=\"https:\/\/www.instagram.com\/p\/Bfrvs4_gKcC\/\" target=\"_blank\">Uma publica\u00e7\u00e3o compartilhada por Ma\u00edra Azevedo (@tiamaoficial)<\/a> em <time style=\"font-family: Arial,sans-serif; font-size: 14px; line-height: 17px;\" datetime=\"2018-02-27T02:33:38+00:00\">26 de Fev, 2018 \u00e0s 6:33 PST<\/time><\/p>\n<\/div>\n<\/blockquote>\n<p><script src=\"\/\/www.instagram.com\/embed.js\" async=\"\" defer=\"defer\"><\/script><\/p>\n<p>Atualmente, Ma\u00edra Azevedo, a tia M\u00e1, faz parte do time de parceiros do programa Encontro com F\u00e1tima Bernardes, na rede Globo. \u00c9 a \u00fanica baiana a fazer parte da equipe. Ma\u00edra, no ano passado, foi madrinha da Parada LBGT da Bahia.<\/p>\n<p>&nbsp;<\/p>\n<p>\u00b0colaborou Carol Aquino<\/p>\n","protected":false},"excerpt":{"rendered":"<p>Ap\u00f3s ser v\u00edtima de racismo e denunciar o caso ao Minist\u00e9rio P\u00fablico da Bahia, a jornalista e digital influencer Ma\u00edra Azevedo foi amea\u00e7ada de morte nesta [&hellip;]<\/p>\n","protected":false},"author":1,"featured_media":9870,"comment_status":"open","ping_status":"open","sticky":false,"template":"","format":"image","meta":{"footnotes":""},"categories":[80,11],"tags":[969,803],"class_list":["post-14693","post","type-post","status-publish","format-image","has-post-thumbnail","hentry","category-home","category-me-informo","tag-maira-azevedo","tag-tia-ma","post_format-post-format-image"],"_links":{"self":[{"href":"https:\/\/blogs.correio24horas.com.br\/mesalte\/wp-json\/wp\/v2\/posts\/14693","targetHints":{"allow":["GET"]}}],"collection":[{"href":"https:\/\/blogs.correio24horas.com.br\/mesalte\/wp-json\/wp\/v2\/posts"}],"about":[{"href":"https:\/\/blogs.correio24horas.com.br\/mesalte\/wp-json\/wp\/v2\/types\/post"}],"author":[{"embeddable":true,"href":"https:\/\/blogs.correio24horas.com.br\/mesalte\/wp-json\/wp\/v2\/users\/1"}],"replies":[{"embeddable":true,"href":"https:\/\/blogs.correio24horas.com.br\/mesalte\/wp-json\/wp\/v2\/comments?post=14693"}],"version-history":[{"count":8,"href":"https:\/\/blogs.correio24horas.com.br\/mesalte\/wp-json\/wp\/v2\/posts\/14693\/revisions"}],"predecessor-version":[{"id":14715,"href":"https:\/\/blogs.correio24horas.com.br\/mesalte\/wp-json\/wp\/v2\/posts\/14693\/revisions\/14715"}],"wp:featuredmedia":[{"embeddable":true,"href":"https:\/\/blogs.correio24horas.com.br\/mesalte\/wp-json\/wp\/v2\/media\/9870"}],"wp:attachment":[{"href":"https:\/\/blogs.correio24horas.com.br\/mesalte\/wp-json\/wp\/v2\/media?parent=14693"}],"wp:term":[{"taxonomy":"category","embeddable":true,"href":"https:\/\/blogs.correio24horas.com.br\/mesalte\/wp-json\/wp\/v2\/categories?post=14693"},{"taxonomy":"post_tag","embeddable":true,"href":"https:\/\/blogs.correio24horas.com.br\/mesalte\/wp-json\/wp\/v2\/tags?post=14693"}],"curies":[{"name":"wp","href":"https:\/\/api.w.org\/{rel}","templated":true}]}}