{"id":14615,"date":"2018-02-20T19:10:33","date_gmt":"2018-02-20T22:10:33","guid":{"rendered":"http:\/\/blogs.correio24horas.com.br\/mesalte\/?p=14615"},"modified":"2018-02-20T19:10:33","modified_gmt":"2018-02-20T22:10:33","slug":"vereador-quer-impedir-pabllo-vittar-daniela-mercury-e-kannario-na-micareta-de-feira","status":"publish","type":"post","link":"https:\/\/blogs.correio24horas.com.br\/mesalte\/vereador-quer-impedir-pabllo-vittar-daniela-mercury-e-kannario-na-micareta-de-feira\/","title":{"rendered":"Vereador quer impedir Pabllo Vittar, Daniela Mercury e Kann\u00e1rio na micareta de Feira"},"content":{"rendered":"<p>Quando voc\u00ea pensa que j\u00e1 viu muitos absurdos vem a pol\u00edtica e produz mais um. A bola da vez \u00e9 o vereador\u00a0\u00a0Edvaldo Lima (PP). Ele afirmou, durante sess\u00e3o ordin\u00e1ria desta segunda-feira (19), na C\u00e2mara Municipal de Feira de Santana, que vai encaminhar um of\u00edcio ao prefeito Jos\u00e9 Ronaldo de Carvalho sugerindo que a prefeitura n\u00e3o contrate as cantoras Daniela Mercury e Pabllo Vittar al\u00e9m do cantor\u00a0Igor Kann\u00e1rio para tocar na Micareta de Feira 2018. A festa ocorrer\u00e1 entre os dias 19 e 22 de abril.<\/p>\n<p>A prefeitura ainda n\u00e3o divulgou a grade de atra\u00e7\u00f5es e o vereador antecipou o pedido lembrando um requerimento que foi rejeitado, solicitando a redu\u00e7\u00e3o de 90% dos investimentos na Micareta, que \u00e9 a primeira e mais tradicional do Brasil.<\/p>\n<p>\u201cNeste of\u00edcio, pe\u00e7o ao prefeito que n\u00e3o contrate os cantores Igor Kann\u00e1rio, Daniela Mercury e Pabllo Vittar para a Micareta de Feira de Santana deste ano. Acredito que ele ter\u00e1 bom senso e n\u00e3o ir\u00e1 jogar no lixo o dinheiro p\u00fablico, pois eles n\u00e3o t\u00eam condi\u00e7\u00f5es de se apresentarem em nossa cidade. Li uma pesquisa onde os prefeitos do Rio de Janeiro e S\u00e3o Paulo tiveram 79% de aprova\u00e7\u00e3o por n\u00e3o investirem o dinheiro p\u00fablico no Carnaval. Enquanto h\u00e1 festas, os hospitais est\u00e3o carentes. O dinheiro que foi gasto no Carnaval de Salvador, por exemplo, poderia ser investido na constru\u00e7\u00e3o de um novo hospital geral em Feira de Santana. O Hospital do C\u00e2ncer de Salvador est\u00e1 fechado por falta de recursos\u2019, disse o vereador.<\/p>\n<p>O vereador relatou que recebeu um v\u00eddeo mostrando um homem nu e outro baixando as cal\u00e7as no circuito do Carnaval de Salvador. O fato, segundo ele, corrobora com a n\u00e3o contrata\u00e7\u00e3o das atra\u00e7\u00f5es. \u201c\u00c9 para isso que serve nosso dinheiro? \u00c9 para agir contra a fam\u00edlia brasileira? Esses elementos n\u00e3o respeitam a fam\u00edlia. Sodoma e Gomorra foram destru\u00eddas por Deus por conta do pecado. Tenho certeza que Deus ir\u00e1 agir sobre nossa na\u00e7\u00e3o e n\u00e3o ir\u00e1 permitir mais situa\u00e7\u00f5es como essa. As fam\u00edlias de bem n\u00e3o suportam mais essas festas de prostitui\u00e7\u00e3o\u201d, finalizou.<\/p>\n<p>O que voc\u00ea acha da posi\u00e7\u00e3o do vereador?<\/p>\n<p>&nbsp;<\/p>\n","protected":false},"excerpt":{"rendered":"<p>Quando voc\u00ea pensa que j\u00e1 viu muitos absurdos vem a pol\u00edtica e produz mais um. A bola da vez \u00e9 o vereador\u00a0\u00a0Edvaldo Lima (PP). Ele afirmou, [&hellip;]<\/p>\n","protected":false},"author":1,"featured_media":13908,"comment_status":"open","ping_status":"open","sticky":false,"template":"","format":"image","meta":{"footnotes":""},"categories":[28,80],"tags":[],"class_list":["post-14615","post","type-post","status-publish","format-image","has-post-thumbnail","hentry","category-farofa-digital","category-home","post_format-post-format-image"],"_links":{"self":[{"href":"https:\/\/blogs.correio24horas.com.br\/mesalte\/wp-json\/wp\/v2\/posts\/14615","targetHints":{"allow":["GET"]}}],"collection":[{"href":"https:\/\/blogs.correio24horas.com.br\/mesalte\/wp-json\/wp\/v2\/posts"}],"about":[{"href":"https:\/\/blogs.correio24horas.com.br\/mesalte\/wp-json\/wp\/v2\/types\/post"}],"author":[{"embeddable":true,"href":"https:\/\/blogs.correio24horas.com.br\/mesalte\/wp-json\/wp\/v2\/users\/1"}],"replies":[{"embeddable":true,"href":"https:\/\/blogs.correio24horas.com.br\/mesalte\/wp-json\/wp\/v2\/comments?post=14615"}],"version-history":[{"count":2,"href":"https:\/\/blogs.correio24horas.com.br\/mesalte\/wp-json\/wp\/v2\/posts\/14615\/revisions"}],"predecessor-version":[{"id":14617,"href":"https:\/\/blogs.correio24horas.com.br\/mesalte\/wp-json\/wp\/v2\/posts\/14615\/revisions\/14617"}],"wp:featuredmedia":[{"embeddable":true,"href":"https:\/\/blogs.correio24horas.com.br\/mesalte\/wp-json\/wp\/v2\/media\/13908"}],"wp:attachment":[{"href":"https:\/\/blogs.correio24horas.com.br\/mesalte\/wp-json\/wp\/v2\/media?parent=14615"}],"wp:term":[{"taxonomy":"category","embeddable":true,"href":"https:\/\/blogs.correio24horas.com.br\/mesalte\/wp-json\/wp\/v2\/categories?post=14615"},{"taxonomy":"post_tag","embeddable":true,"href":"https:\/\/blogs.correio24horas.com.br\/mesalte\/wp-json\/wp\/v2\/tags?post=14615"}],"curies":[{"name":"wp","href":"https:\/\/api.w.org\/{rel}","templated":true}]}}