{"id":14608,"date":"2018-02-20T18:46:48","date_gmt":"2018-02-20T21:46:48","guid":{"rendered":"http:\/\/blogs.correio24horas.com.br\/mesalte\/?p=14608"},"modified":"2018-02-20T18:46:48","modified_gmt":"2018-02-20T21:46:48","slug":"um-ano-apos-assassinato-da-travesti-dandara-reus-irao-a-juri-popular","status":"publish","type":"post","link":"https:\/\/blogs.correio24horas.com.br\/mesalte\/um-ano-apos-assassinato-da-travesti-dandara-reus-irao-a-juri-popular\/","title":{"rendered":"Um ano ap\u00f3s assassinato da travesti Dandara, r\u00e9us ir\u00e3o a j\u00fari popular"},"content":{"rendered":"<p>Um ano ap\u00f3s o assassinato da travesti Dandara dos Santos, que gerou repercuss\u00e3o internacional ap\u00f3s o compartilhamento nas redes sociais do v\u00eddeo em que ela aparece sendo brutalmente espancada, o julgamento dos acusados deve come\u00e7ar no pr\u00f3ximo m\u00eas. A informa\u00e7\u00e3o \u00e9 do promotor de Justi\u00e7a Marcus Renan Pal\u00e1cio, titular da 1\u00aa Promotoria do J\u00fari de Fortaleza.<\/p>\n<p>Al\u00e9m dos cinco r\u00e9us j\u00e1 pronunciados pela ju\u00edza da 1\u00aa Vara do J\u00fari de Fortaleza, Danielle Pontes de Arruda Pinheiro, um sexto acusado que estava foragido tamb\u00e9m deve ir a j\u00fari popular no mesmo julgamento. Das 12 pessoas identificadas como autoras do crime (oito adultos e quatro adolescentes), duas ainda est\u00e3o foragidas.<\/p>\n<p>O v\u00eddeo, que mostra as agress\u00f5es contra Dandara no dia 15 de fevereiro de 2017, foi a pe\u00e7a-chave para levar os acusados a j\u00fari popular.<\/p>\n<blockquote><p>\u201cO v\u00eddeo \u00e9 chocante e os acusados acreditavam tanto na impunidade que praticaram esse crime horr\u00edvel e ainda tiveram a ousadia de filmar o crime, mas foram frustrados, pois foi o v\u00eddeo que gerou essa dedica\u00e7\u00e3o toda. As provas constantes dos autos s\u00e3o ampla e suficientemente abundantes e incontestes sobre a autoria e a materialidade do delito\u201d, afirmou o promotor.<\/p><\/blockquote>\n<p>Pal\u00e1cio destaca que a rapidez no andamento do caso Dandara na Justi\u00e7a \u00e9 uma exce\u00e7\u00e3o em um universo em que menos de 10% dos homic\u00eddios s\u00e3o investigados.<\/p>\n<p>\u201cO caso Dandara \u00e9 emblem\u00e1tico pelo sentimento homof\u00f3bico que moveu os acusados a perpetrar essa barb\u00e1rie, mas n\u00e3o existe ainda a tipifica\u00e7\u00e3o do crime de homofobia, como existe hoje o feminic\u00eddio.\u201d O Projeto de Lei da C\u00e2mara (PLC) 122\/2006, que tramitava no Senado, definia os crimes resultantes de discrimina\u00e7\u00e3o ou preconceito de g\u00eanero, sexo, orienta\u00e7\u00e3o sexual e identidade de g\u00eanero, mas foi arquivado em 2016.<\/p>\n<p>Os r\u00e9us que ir\u00e3o a j\u00fari popular pela morte de Dandara dos Santos s\u00e3o acusados de homic\u00eddio triplamente qualificado por motivo torpe, meio cruel e uso de recurso que impossibilitou a defesa de v\u00edtima, al\u00e9m de corrup\u00e7\u00e3o de menores.<\/p>\n<p><strong>Viol\u00eancia de g\u00eanero<br \/>\n<\/strong>Apesar da repercuss\u00e3o, o assassinato de Dandara n\u00e3o teve impacto no n\u00famero de casos de LGBTfobia no Cear\u00e1, de acordo com D\u00e1rio Bezerra, integrante da coordena\u00e7\u00e3o pol\u00edtica do Centro de Resist\u00eancia Asa Branca. Segundo ele, o n\u00e3o reconhecimento desses casos como crimes de \u00f3dio dificulta o entendimento do cen\u00e1rio de vulnerabilidade a que as pessoas LGBT s\u00e3o submetidas.<\/p>\n<p>\u201c\u00c9 preciso compreender a LGBTfobia como um fen\u00f4meno estruturante da sociedade, como uma rela\u00e7\u00e3o de poder que coloca essa popula\u00e7\u00e3o em detrimento das demais. Somente quando houver esse reconhecimento por parte do Estado \u00e9 que poderemos compreender que esses crimes t\u00eam motiva\u00e7\u00e3o LGBTf\u00f3bica. Sem isso, fica dif\u00edcil fazer esse enfrentamento e o convencimento das autoridades de que esses crimes t\u00eam motiva\u00e7\u00e3o espec\u00edfica\u201d, ponderou.<\/p>\n<p>Segundo a Associa\u00e7\u00e3o Nacional de Travestis e Transexuais (Antra), o n\u00famero de casos de homic\u00eddios de pessoas trans em 2017 foi o\u00a0<a href=\"http:\/\/agenciabrasil.ebc.com.br\/geral\/noticia\/2018-01\/assassinatos-de-travestis-e-transexuais-e-o-maior-em-dez-anos-no-brasil\" target=\"_blank\">maior dos \u00faltimos dez anos<\/a>: 179 em todo o Brasil. O Cear\u00e1 concentrou 16 dessas mortes, dividindo o terceiro lugar do ranking com S\u00e3o Paulo, atr\u00e1s de Minas Gerais (20 mortes) e Bahia (17).<\/p>\n<p>Da Ag\u00eancia Brasil<\/p>\n","protected":false},"excerpt":{"rendered":"<p>Um ano ap\u00f3s o assassinato da travesti Dandara dos Santos, que gerou repercuss\u00e3o internacional ap\u00f3s o compartilhamento nas redes sociais do v\u00eddeo em que ela aparece [&hellip;]<\/p>\n","protected":false},"author":1,"featured_media":14609,"comment_status":"open","ping_status":"open","sticky":false,"template":"","format":"image","meta":{"footnotes":""},"categories":[80,11],"tags":[1624],"class_list":["post-14608","post","type-post","status-publish","format-image","has-post-thumbnail","hentry","category-home","category-me-informo","tag-dandara","post_format-post-format-image"],"_links":{"self":[{"href":"https:\/\/blogs.correio24horas.com.br\/mesalte\/wp-json\/wp\/v2\/posts\/14608","targetHints":{"allow":["GET"]}}],"collection":[{"href":"https:\/\/blogs.correio24horas.com.br\/mesalte\/wp-json\/wp\/v2\/posts"}],"about":[{"href":"https:\/\/blogs.correio24horas.com.br\/mesalte\/wp-json\/wp\/v2\/types\/post"}],"author":[{"embeddable":true,"href":"https:\/\/blogs.correio24horas.com.br\/mesalte\/wp-json\/wp\/v2\/users\/1"}],"replies":[{"embeddable":true,"href":"https:\/\/blogs.correio24horas.com.br\/mesalte\/wp-json\/wp\/v2\/comments?post=14608"}],"version-history":[{"count":1,"href":"https:\/\/blogs.correio24horas.com.br\/mesalte\/wp-json\/wp\/v2\/posts\/14608\/revisions"}],"predecessor-version":[{"id":14610,"href":"https:\/\/blogs.correio24horas.com.br\/mesalte\/wp-json\/wp\/v2\/posts\/14608\/revisions\/14610"}],"wp:featuredmedia":[{"embeddable":true,"href":"https:\/\/blogs.correio24horas.com.br\/mesalte\/wp-json\/wp\/v2\/media\/14609"}],"wp:attachment":[{"href":"https:\/\/blogs.correio24horas.com.br\/mesalte\/wp-json\/wp\/v2\/media?parent=14608"}],"wp:term":[{"taxonomy":"category","embeddable":true,"href":"https:\/\/blogs.correio24horas.com.br\/mesalte\/wp-json\/wp\/v2\/categories?post=14608"},{"taxonomy":"post_tag","embeddable":true,"href":"https:\/\/blogs.correio24horas.com.br\/mesalte\/wp-json\/wp\/v2\/tags?post=14608"}],"curies":[{"name":"wp","href":"https:\/\/api.w.org\/{rel}","templated":true}]}}