{"id":14604,"date":"2018-02-21T08:06:08","date_gmt":"2018-02-21T11:06:08","guid":{"rendered":"http:\/\/blogs.correio24horas.com.br\/mesalte\/?p=14604"},"modified":"2018-02-21T08:06:49","modified_gmt":"2018-02-21T11:06:49","slug":"apos-aparecer-com-anitta-mc-loma-aumenta-cache-de-r500-para-r-35-mil-e-shows-sao-cancelados","status":"publish","type":"post","link":"https:\/\/blogs.correio24horas.com.br\/mesalte\/apos-aparecer-com-anitta-mc-loma-aumenta-cache-de-r500-para-r-35-mil-e-shows-sao-cancelados\/","title":{"rendered":"Ap\u00f3s aparecer com Anitta, Mc Loma aumenta cach\u00ea de R$500 para R$ 35 mil; shows s\u00e3o cancelados"},"content":{"rendered":"<p>Paloma Roberta Silva Santos, mais conhecida como MC Loma, de 15 anos, ganhou a internet\u00a0com o hit &#8220;Envolvimento&#8221; em parceria com suas primas g\u00eameas id\u00eanticas Marielly e Mirella, conhecidas como &#8220;G\u00eameas Lacra\u00e7\u00e3o&#8221;.\u00a0 O sucesso foi tanto que o hit alcan\u00e7ou a primeira posi\u00e7\u00e3o na lista &#8220;As 50 virais do mundo&#8221; do Spotify e alcan\u00e7ou mais de 14 milh\u00f5es de visualiza\u00e7\u00f5es no YouTube. At\u00e9 a\u00ed tudo bem! O problema \u00e9 que a musa do &#8216;Escama S\u00f3 de Peixe&#8217; est\u00e1 arrumando tretas com contratantes de shows por conta do alto volume do seu cach\u00ea.<\/p>\n<p>O Me Salte apurou que antes de fevereiro &#8211; quando ela foi convidada para dan\u00e7ar num show com Anitta em Olinda &#8211; elas cobravam um cach\u00ea de at\u00e9 R$ 500 para tocar em festas. Depois disso o valor subiu at\u00e9 70 vezes e chega hoje a cifras de R$ 35 mil. &#8220;Fizemos todo o contato com a equipe dela para fazer show aqui na cidade. Combinamos tudo logo no come\u00e7o e eles falaram que cobrariam R$ 500 al\u00e9m do valor das passagens. Depois que ela tocou com Anitta a equipe dela surtou. Todo contato eles ampliavam o valor do cach\u00ea. Encerrei a negocia\u00e7\u00e3o quando eles pediram R$ 35 mil. Nem Pabllo Vittar teve um cach\u00ea desse antes de estourar&#8221;, relata um produtor de eventos do interior da Bahia. Ele pediu anonimato temendo preju\u00edzo com seus outros contratos.<br \/>\n<iframe loading=\"lazy\" src=\"https:\/\/www.youtube.com\/embed\/pOpyq-T4fnQ\" width=\"560\" height=\"315\" frameborder=\"0\" allowfullscreen=\"allowfullscreen\"><\/iframe><\/p>\n<p>Outra produtora de eventos de Sergipe tamb\u00e9m interrompeu as negocia\u00e7\u00f5es com a artista. &#8220;Ela ainda n\u00e3o \u00e9 esse sucesso todo e nos foram feitas exig\u00eancias dignas de grandes estrelas da m\u00fasica. J\u00e1 produzir muitos artistas, mas nunca vi uma equipe t\u00e3o deslumbrada. O cach\u00ea pedido mudou 5 vezes durante a negocia\u00e7\u00e3o. Come\u00e7ou com R$ 2 mil e no \u00faltimo contato pediram R$ 30 mil. Paramos de negociar por falta de profissionalismo&#8221;, destaca a produtora que atua em eventos em territ\u00f3rio sergipano desde os anos 2000.<\/p>\n<p>O assunto ganhou for\u00e7a ap\u00f3s o jornalista L\u00e9o Dias, do programa Fofocalizando (SBT) e do jornal O Dia (RJ), dizer que a MC Loma e as G\u00eameas Lacra\u00e7\u00e3o subiram quase 20 vezes o cach\u00ea cobrado para shows. O assunto \u00a0veio \u00e0 tona depois que um show em Macei\u00f3 (AL), marcado para o pr\u00f3ximo dia 10 de mar\u00e7o, na boate The Place, foi cancelado. Em um comunicado divulgado nas redes sociais da casa noturna, houve o relato do caso.<\/p>\n<p>\u201cNo dia 21 de janeiro entramos em contato com a produ\u00e7\u00e3o da artista para realizar um show para a cidade de Macei\u00f3 e iniciamos as negocia\u00e7\u00f5es que foram encerradas no outro dia (22 de janeiro). Alguns dias atr\u00e1s recebemos algumas liga\u00e7\u00f5es de outros produtores de cidades pr\u00f3ximas todos desesperados, pois a artista estava pedindo um valor absurdo, chegando a ser 60x a mais do que tinha acordado para essas cidades\u201d, diz a postagem, que inclusive publicou prints da negocia\u00e7\u00e3o feita via WhatsApp.<\/p>\n<blockquote class=\"instagram-media\" style=\"background: #FFF; border: 0; border-radius: 3px; box-shadow: 0 0 1px 0 rgba(0,0,0,0.5),0 1px 10px 0 rgba(0,0,0,0.15); margin: 1px; max-width: 658px; padding: 0; width: calc(100% - 2px);\" data-instgrm-permalink=\"https:\/\/www.instagram.com\/p\/BfMlWa_g86S\/\" data-instgrm-version=\"8\">\n<div style=\"padding: 8px;\">\n<div style=\"background: #F8F8F8; line-height: 0; margin-top: 40px; padding: 50% 0; text-align: center; width: 100%;\"><\/div>\n<p style=\"color: #c9c8cd; font-family: Arial,sans-serif; font-size: 14px; line-height: 17px; margin-bottom: 0; margin-top: 8px; overflow: hidden; padding: 8px 0 7px; text-align: center; text-overflow: ellipsis; white-space: nowrap;\"><a style=\"color: #c9c8cd; font-family: Arial,sans-serif; font-size: 14px; font-style: normal; font-weight: normal; line-height: 17px; text-decoration: none;\" href=\"https:\/\/www.instagram.com\/p\/BfMlWa_g86S\/\" target=\"_blank\">Uma publica\u00e7\u00e3o compartilhada por The Place Club (@theplacemcz)<\/a> em <time style=\"font-family: Arial,sans-serif; font-size: 14px; line-height: 17px;\" datetime=\"2018-02-15T00:06:43+00:00\">14 de Fev, 2018 \u00e0s 4:06 PST<\/time><\/p>\n<\/div>\n<\/blockquote>\n<p><script src=\"\/\/www.instagram.com\/embed.js\" async=\"\" defer=\"defer\"><\/script><\/p>\n<p>Ao Jornal do Com\u00e9rcio (PE), o empres\u00e1rio Ricardo Figueir\u00f4a explicou o epis\u00f3dio. Segundo ele, o show foi cancelado por n\u00e3o ter assinado qualquer tipo de contrato previamente, e a negocia\u00e7\u00e3o informal ter sido realizada antes de MC Loma e as G\u00eameas Lacra\u00e7\u00e3o ficarem profissionalmente sob a responsabilidade da empresa Start Music.<\/p>\n<p>\u201cO di\u00e1logo com a casa de festas consistia em negocia\u00e7\u00f5es preliminares, sem qualquer vincula\u00e7\u00e3o que obrigasse a realiza\u00e7\u00e3o de um evento. Em nenhum momento houve assinatura de contratos ou dep\u00f3sitos de qualquer valor por conta da casa de festas, de modo que tudo n\u00e3o passou de uma mera conversa\u00e7\u00e3o sobre a possibilidade de um show na cidade de Macei\u00f3 e de outras cidades negociadas. N\u00e3o houve qualquer inten\u00e7\u00e3o de prejudicar a casa, pois se tratava apenas de um projeto de desenvolvimento art\u00edstico da MC Loma\u201d, disse o empres\u00e1rio.<\/p>\n<p>Diversos cantores, como Anitta, Wesley Safad\u00e3o e Solange Almeida j\u00e1 cantaram a m\u00fasica que bombou no Carnaval 2018. Em 09 de fevereiro de 2018 foi lan\u00e7ando o novo clipe oficial da cantora MC Loma, pela Start Music (Kondzilla). Mas, de fato, depois que ela apareceu com Anitta que a visibilidade aumentou.\u00a0<\/p>\n<blockquote class=\"instagram-media\" style=\"background: #FFF; border: 0; border-radius: 3px; box-shadow: 0 0 1px 0 rgba(0,0,0,0.5),0 1px 10px 0 rgba(0,0,0,0.15); margin: 1px; max-width: 658px; padding: 0; width: calc(100% - 2px);\" data-instgrm-permalink=\"https:\/\/www.instagram.com\/p\/Bey5SUNHdC5\/\" data-instgrm-version=\"8\">\n<div style=\"padding: 8px;\">\n<div style=\"background: #F8F8F8; line-height: 0; margin-top: 40px; padding: 28.10185185185185% 0; text-align: center; width: 100%;\"><\/div>\n<p><a style=\"color: #c9c8cd; font-family: Arial,sans-serif; font-size: 14px; font-style: normal; font-weight: normal; line-height: 17px; text-decoration: none;\" href=\"https:\/\/www.instagram.com\/p\/Bey5SUNHdC5\/\" target=\"_blank\">Uma publica\u00e7\u00e3o compartilhada por Mc Loma e as G\u00eameas Lacra\u00e7\u00e3o (@mclomaofficial)<\/a> em <time style=\"font-family: Arial,sans-serif; font-size: 14px; line-height: 17px;\" datetime=\"2018-02-05T00:42:25+00:00\">4 de Fev, 2018 \u00e0s 4:42 PST<\/time>\n<\/div>\n<\/blockquote>\n<p><script src=\"\/\/www.instagram.com\/embed.js\" async=\"\" defer=\"defer\"><\/script><\/p>\n<p>Essa semana elas lan\u00e7aram outro clipe que j\u00e1 tem mais de 7 milh\u00f5es de visualiza\u00e7\u00f5es:<br \/>\n<iframe loading=\"lazy\" src=\"https:\/\/www.youtube.com\/embed\/yIjqp4R9dTQ\" width=\"560\" height=\"315\" frameborder=\"0\" allowfullscreen=\"allowfullscreen\"><\/iframe><\/p>\n","protected":false},"excerpt":{"rendered":"<p>Paloma Roberta Silva Santos, mais conhecida como MC Loma, de 15 anos, ganhou a internet\u00a0com o hit &#8220;Envolvimento&#8221; em parceria com suas primas g\u00eameas id\u00eanticas Marielly [&hellip;]<\/p>\n","protected":false},"author":1,"featured_media":14625,"comment_status":"open","ping_status":"open","sticky":false,"template":"","format":"image","meta":{"footnotes":""},"categories":[28,80],"tags":[1625],"class_list":["post-14604","post","type-post","status-publish","format-image","has-post-thumbnail","hentry","category-farofa-digital","category-home","tag-mc-loma","post_format-post-format-image"],"_links":{"self":[{"href":"https:\/\/blogs.correio24horas.com.br\/mesalte\/wp-json\/wp\/v2\/posts\/14604","targetHints":{"allow":["GET"]}}],"collection":[{"href":"https:\/\/blogs.correio24horas.com.br\/mesalte\/wp-json\/wp\/v2\/posts"}],"about":[{"href":"https:\/\/blogs.correio24horas.com.br\/mesalte\/wp-json\/wp\/v2\/types\/post"}],"author":[{"embeddable":true,"href":"https:\/\/blogs.correio24horas.com.br\/mesalte\/wp-json\/wp\/v2\/users\/1"}],"replies":[{"embeddable":true,"href":"https:\/\/blogs.correio24horas.com.br\/mesalte\/wp-json\/wp\/v2\/comments?post=14604"}],"version-history":[{"count":8,"href":"https:\/\/blogs.correio24horas.com.br\/mesalte\/wp-json\/wp\/v2\/posts\/14604\/revisions"}],"predecessor-version":[{"id":14626,"href":"https:\/\/blogs.correio24horas.com.br\/mesalte\/wp-json\/wp\/v2\/posts\/14604\/revisions\/14626"}],"wp:featuredmedia":[{"embeddable":true,"href":"https:\/\/blogs.correio24horas.com.br\/mesalte\/wp-json\/wp\/v2\/media\/14625"}],"wp:attachment":[{"href":"https:\/\/blogs.correio24horas.com.br\/mesalte\/wp-json\/wp\/v2\/media?parent=14604"}],"wp:term":[{"taxonomy":"category","embeddable":true,"href":"https:\/\/blogs.correio24horas.com.br\/mesalte\/wp-json\/wp\/v2\/categories?post=14604"},{"taxonomy":"post_tag","embeddable":true,"href":"https:\/\/blogs.correio24horas.com.br\/mesalte\/wp-json\/wp\/v2\/tags?post=14604"}],"curies":[{"name":"wp","href":"https:\/\/api.w.org\/{rel}","templated":true}]}}