{"id":14594,"date":"2018-02-19T17:28:01","date_gmt":"2018-02-19T20:28:01","guid":{"rendered":"http:\/\/blogs.correio24horas.com.br\/mesalte\/?p=14594"},"modified":"2018-02-19T17:29:17","modified_gmt":"2018-02-19T20:29:17","slug":"naianaribeiro","status":"publish","type":"post","link":"https:\/\/blogs.correio24horas.com.br\/mesalte\/naianaribeiro\/","title":{"rendered":"Jornalista Naiana Ribeiro dar\u00e1 palestra gratuita sobre gordofobia e empoderamento"},"content":{"rendered":"<p>A jornalista Naiana Ribeiro\u00a0vai falar sobre\u00a0empoderamento\u00a0feminino e gordofobia nesta ter\u00e7a-feira (20), \u00e0s 20h, no\u00a0Salvador Shopping. A palestra\u00a0faz parte\u00a0do Festival de Economia Solid\u00e1ria, que acontece at\u00e9\u00a028 de fevereiro na Pra\u00e7a de Servi\u00e7os (Piso G1) do empreendimento.\u00a0As vagas s\u00e3o gratuitas, por\u00e9m limitadas.<\/p>\n<p>Naiana, que \u00e9 editora da primeira revista para mulheres e adolescentes\u00a0gordas do pa\u00eds, abordar\u00e1 em sua fala as consequ\u00eancias da gordofobia, tra\u00e7ar\u00e1 um hist\u00f3rico sobre os padr\u00f5es de beleza e trar\u00e1 reflex\u00f5es quanto a rela\u00e7\u00e3o entre gordo(a) e doen\u00e7a.<\/p>\n<p>Realizado pelo Governo do Estado, por meio da Secretaria do Trabalho, Emprego, Renda e Esporte (Setre), o\u00a0Festival congrega em um s\u00f3 espa\u00e7o a comercializa\u00e7\u00e3o de produtos caracter\u00edsticos da economia solid\u00e1ria e da agricultura familiar; atividades formativas e educativas, com oficinas e semin\u00e1rios gratuitos; atividades l\u00fadicas e culturais; dentre outras a\u00e7\u00f5es.<\/p>\n<p>&nbsp;<\/p>\n","protected":false},"excerpt":{"rendered":"<p>A jornalista Naiana Ribeiro\u00a0vai falar sobre\u00a0empoderamento\u00a0feminino e gordofobia nesta ter\u00e7a-feira (20), \u00e0s 20h, no\u00a0Salvador Shopping. A palestra\u00a0faz parte\u00a0do Festival de Economia Solid\u00e1ria, que acontece at\u00e9\u00a028 de [&hellip;]<\/p>\n","protected":false},"author":1,"featured_media":14595,"comment_status":"open","ping_status":"open","sticky":false,"template":"","format":"image","meta":{"footnotes":""},"categories":[28,80],"tags":[1623,1462,1622,1335],"class_list":["post-14594","post","type-post","status-publish","format-image","has-post-thumbnail","hentry","category-farofa-digital","category-home","tag-empoderamento-feminino","tag-gordofobia","tag-naiana","tag-naiana-ribeiro","post_format-post-format-image"],"_links":{"self":[{"href":"https:\/\/blogs.correio24horas.com.br\/mesalte\/wp-json\/wp\/v2\/posts\/14594","targetHints":{"allow":["GET"]}}],"collection":[{"href":"https:\/\/blogs.correio24horas.com.br\/mesalte\/wp-json\/wp\/v2\/posts"}],"about":[{"href":"https:\/\/blogs.correio24horas.com.br\/mesalte\/wp-json\/wp\/v2\/types\/post"}],"author":[{"embeddable":true,"href":"https:\/\/blogs.correio24horas.com.br\/mesalte\/wp-json\/wp\/v2\/users\/1"}],"replies":[{"embeddable":true,"href":"https:\/\/blogs.correio24horas.com.br\/mesalte\/wp-json\/wp\/v2\/comments?post=14594"}],"version-history":[{"count":3,"href":"https:\/\/blogs.correio24horas.com.br\/mesalte\/wp-json\/wp\/v2\/posts\/14594\/revisions"}],"predecessor-version":[{"id":14599,"href":"https:\/\/blogs.correio24horas.com.br\/mesalte\/wp-json\/wp\/v2\/posts\/14594\/revisions\/14599"}],"wp:featuredmedia":[{"embeddable":true,"href":"https:\/\/blogs.correio24horas.com.br\/mesalte\/wp-json\/wp\/v2\/media\/14595"}],"wp:attachment":[{"href":"https:\/\/blogs.correio24horas.com.br\/mesalte\/wp-json\/wp\/v2\/media?parent=14594"}],"wp:term":[{"taxonomy":"category","embeddable":true,"href":"https:\/\/blogs.correio24horas.com.br\/mesalte\/wp-json\/wp\/v2\/categories?post=14594"},{"taxonomy":"post_tag","embeddable":true,"href":"https:\/\/blogs.correio24horas.com.br\/mesalte\/wp-json\/wp\/v2\/tags?post=14594"}],"curies":[{"name":"wp","href":"https:\/\/api.w.org\/{rel}","templated":true}]}}