{"id":14508,"date":"2018-02-10T08:09:59","date_gmt":"2018-02-10T11:09:59","guid":{"rendered":"http:\/\/blogs.correio24horas.com.br\/mesalte\/?p=14508"},"modified":"2018-02-10T08:11:35","modified_gmt":"2018-02-10T11:11:35","slug":"nasceram-ivete-sangalo-da-a-luz-em-pleno-carnaval","status":"publish","type":"post","link":"https:\/\/blogs.correio24horas.com.br\/mesalte\/nasceram-ivete-sangalo-da-a-luz-em-pleno-carnaval\/","title":{"rendered":"Nasceram! Ivete Sangalo d\u00e1 \u00e0 luz em pleno Carnaval"},"content":{"rendered":"<p>Por essa, nem o mais famigerado vidente\u00a0esperava. A cantora Ivete Sangalo, 45 anos, surpreendeu a todos\u00a0na madrugada deste s\u00e1bado (10). \u00c9 que, por volta das 4h30, a baiana postou um v\u00eddeo na maternidade anunciando seu parto.\u00a0\u00c0s 6h, a assessoria da cantora confirmou ao CORREIO o nascimento das g\u00eameas &#8211; que ainda n\u00e3o tiveram seus nomes anunciados &#8211; no Hospital Alian\u00e7a, em Salvador. Ambas vieram ao mundo pesando\u00a0cerca de tr\u00eas quilos. Segundo a assessoria da cantora, Ivete teve\u00a0um\u00a0parto ces\u00e1rio e est\u00e1 bem.<\/p>\n<p>&#8220;E \u00e9 com muita alegria que a mam\u00e3e mais feliz do mundo vai fazer o maior carnaval da sua vida na maternidade!!! Orem por n\u00f3s! Deus comigo sempre . Amo vcs!&#8221;, escreveu a cantora na legenda do v\u00eddeo postado em seu Instagram. No v\u00eddeo (veja abaixo), ela aparece com familiares ao som de No Groove, m\u00fasica que gravou com M\u00e1rcio Victor e que concorre \u00e0 hit do Carnaval, um pouco antes de ter as filhas.<\/p>\n<blockquote class=\"instagram-media\" style=\"background: #FFF; border: 0; border-radius: 3px; box-shadow: 0 0 1px 0 rgba(0,0,0,0.5),0 1px 10px 0 rgba(0,0,0,0.15); margin: 1px; max-width: 658px; padding: 0; width: calc(100% - 2px);\" data-instgrm-permalink=\"https:\/\/www.instagram.com\/p\/BfAfFDLlL71\/\" data-instgrm-version=\"8\">\n<div style=\"padding: 8px;\">\n<div style=\"background: #F8F8F8; line-height: 0; margin-top: 40px; padding: 28.10185185185185% 0; text-align: center; width: 100%;\"><\/div>\n<p style=\"color: #c9c8cd; font-family: Arial,sans-serif; font-size: 14px; line-height: 17px; margin-bottom: 0; margin-top: 8px; overflow: hidden; padding: 8px 0 7px; text-align: center; text-overflow: ellipsis; white-space: nowrap;\"><a style=\"color: #c9c8cd; font-family: Arial,sans-serif; font-size: 14px; font-style: normal; font-weight: normal; line-height: 17px; text-decoration: none;\" href=\"https:\/\/www.instagram.com\/p\/BfAfFDLlL71\/\" target=\"_blank\">Uma publica\u00e7\u00e3o compartilhada por Veveta (@ivetesangalo)<\/a> em <time style=\"font-family: Arial,sans-serif; font-size: 14px; line-height: 17px;\" datetime=\"2018-02-10T07:22:22+00:00\">9 de Fev, 2018 \u00e0s 11:22 PST<\/time><\/p>\n<\/div>\n<\/blockquote>\n<p><script src=\"\/\/platform.instagram.com\/en_US\/embeds.js\" async=\"\" defer=\"defer\"><\/script><\/p>\n<p>Na publica\u00e7\u00e3o,\u00a0f\u00e3s e amigos da cantora comemoram o momento e brincam com o fato da cantora, que ficou fora do Carnaval deste ano, dar\u00a0\u00e0 luz em plena folia. &#8220;Deus aben\u00e7oe muito&#8221;, publicou a blogueira Camila Coutinho. J\u00e1 a atriz Fernanda Paes Leme, que est\u00e1 em Salvador para o Carnaval, tamb\u00e9m comentou a publica\u00e7\u00e3o: &#8220;Amo vc!!! Vai com tudo&#8221;. &#8220;Eu n\u00e3o disse que iam nascer no Carnaval?&#8221;, comentou uma f\u00e3. &#8220;Voc\u00ea s\u00f3 nos surpreende&#8221;, disse outra. &#8220;A mam\u00e3e mais amada do Brasil!&#8221;, resumiu mais um f\u00e3.<\/p>\n<p>[[publicidade]]<\/p>\n<p>Por volta das 3h30, a artista publicou\u00a0a seguinte mensagem em seu Instagram Stories &#8211;\u00a0o que deixou os seguidores com d\u00favida se ela estaria ou n\u00e3o na maternidade: &#8220;Como a gente dorme sabendo que a rua est\u00e1 cheia de zamuris? A\u00ed meu cora\u00e7\u00e3o! Zamus, amo vcs. Carnaval sem estar com vcs \u00e9 muito estranho&#8221;. Na sexta-feira (9), logo cedo come\u00e7aram a surgir rumores, nas redes sociais, de que a cantora teria dando entrada\u00a0no Hospital Alian\u00e7a, mas logo a assessoria da baiana\u00a0desmentiu\u00a0a not\u00edcia. Em seu canal no YouTube, Ivete contou que a\u00a0previs\u00e3o para o nascimento das filhas era entre o\u00a0final de fevereiro e in\u00edcio de mar\u00e7o:\u00a0\u201c\u00c9\u00a0para final\u00a0de fevereiro, in\u00edcio de mar\u00e7o. Mas elas que mandam, eu n\u00e3o mando mais em nada\u201d. As filhas s\u00e3o fruto\u00a0do casamento da cantora com o nutricionista<strong>\u00a0<\/strong>Daniel Cady. Os dois j\u00e1 s\u00e3o pais de\u00a0Marcelo,\u00a08 anos.<\/p>\n<table>\n<tbody>\n<tr>\n<td>\n<p class=\"text-center\"><img decoding=\"async\" src=\"http:\/\/cdn2.correio.cworks.cloud\/fileadmin\/_processed_\/8\/4\/csm_ivetebarriga_01f3cea465.jpg\" alt=\"\" \/><\/p>\n<\/td>\n<\/tr>\n<tr>\n<td>\n<p class=\"text-center\"><strong>Ivete Sangalo revelou que planejou gravidez ap\u00f3s pedido do filho Marcelo<\/strong><br \/>\n(Foto: Reprodu\u00e7\u00e3o)<\/p>\n<\/td>\n<\/tr>\n<\/tbody>\n<\/table>\n<p>Nesta\u00a0mesma sexta de Carnaval, o\u00a0cantor M\u00e1rcio Victor, vocalista da banda Psirico,\u00a0usou uma \u201cfantasia de Ivete\u201d, com direito at\u00e9 a barrig\u00e3o. Ao longo do percurso, fez v\u00e1rias refer\u00eancias \u00e0 cantora, que ficou fora do festa deste ano por estar na reta final de gravidez. No desfile, M\u00e1rcio Victor cantou pelo menos tr\u00eas vezes No Groove.\u201cEla merece demais, foi a primeira a acreditar na gente. Quando est\u00e1vamos come\u00e7ando, ela me deu a chave do est\u00fadio e mandou ensaiar. Sempre deu apoio. Ent\u00e3o, a homenagem \u00e9 um sinal de gratid\u00e3o\u201d, disse ele. Nas redes sociais, a\u00a0cantora agradeceu a homenagem.<\/p>\n<table>\n<tbody>\n<tr>\n<td>\n<p class=\"text-center\"><img decoding=\"async\" src=\"http:\/\/cdn2.correio.cworks.cloud\/fileadmin\/_processed_\/3\/f\/csm_marcio_victor_9ae2350d15.jpg\" alt=\"\" \/><\/p>\n<\/td>\n<\/tr>\n<tr>\n<td>\n<p class=\"text-center\">(Foto: Arisson Marinho\/ CORREIO)<\/p>\n<\/td>\n<\/tr>\n<\/tbody>\n<\/table>\n<p><a href=\"http:\/\/www.correio24horas.com.br\/noticia\/nid\/quiz-voce-lembra-tudo-sobre-a-gravidez-de-ivete-sangalo\/\">Quiz: voc\u00ea lembra tudo sobre a gravidez de Ivete Sangalo?<\/a><br \/>\n<a href=\"http:\/\/www.correio24horas.com.br\/noticia\/nid\/que-nome-voce-daria-para-as-gemeas-de-ivete-sangalo\/\">Que nome voc\u00ea daria para as g\u00eameas de Ivete Sangalo?<\/a><\/p>\n<p>Ivete estava com oito meses e completaria nove meses de gesta\u00e7\u00e3o somente depois do Carnaval. As g\u00eameas, que ainda n\u00e3o tiveram seus nomes revelados,\u00a0foram geradas por meio de insemina\u00e7\u00e3o artificial. Sua \u00faltima apresenta\u00e7\u00e3o foi na virada de Salvador, quando fez show sentada.\u00a0\u201cVoc\u00eas se incomodam se eu fizer o show sentadinha? Vai ser um ac\u00fastico chamado o couro vai comer! Isso \u00e9 a barriga que t\u00e1 pesando, me d\u00ea um banquinho a\u00ed&#8230;\u201d, disse a rainha da Ax\u00e9 music quando pediu ao p\u00fablico para sentar. Mesmo sentada, o show da baiana seguiu animado, principalmente por conta do humor e irrever\u00eancia da cantora. \u201cVoc\u00eas t\u00e3o vendo? Mas eu sou mais estourada que os fogos.\u201d, disse enquanto os fogos ainda estouravam durante o Festival Virada Salvador, na Boca do Rio.<\/p>\n<table>\n<tbody>\n<tr>\n<td>\n<p class=\"text-center\"><img decoding=\"async\" src=\"http:\/\/cdn2.correio.cworks.cloud\/fileadmin\/_processed_\/6\/3\/csm_ivete001_02c17822d9.jpg\" alt=\"\" \/><\/p>\n<\/td>\n<\/tr>\n<tr>\n<td>\n<p class=\"text-center\"><strong>\u00daltimo show de Ivete foi no Festival Virada de Salvador<\/strong><br \/>\n(Mauro Akin Nassor\/CORREIO)<\/p>\n<\/td>\n<\/tr>\n<\/tbody>\n<\/table>\n<p>A virada foi marcada por boas energias e vibra\u00e7\u00f5es positivas. A cantora desejou ao p\u00fablico um ano de muito respeito, muita m\u00fasica, alegria, felicidade, sa\u00fade e uma vida de paz e de felicidade. \u00a0\u201cO homem \u00e9 quem tem o poder de transformar. Se somos n\u00f3s os homens, ent\u00e3o vamos mudar hoje\u201d, afirma.<\/p>\n<p><strong>Fora do Carnaval<\/strong><br \/>\nAinda no ano passado, a cantora anunciou que <a href=\"http:\/\/www.correio24horas.com.br\/noticia\/nid\/gravida-de-gemeas-ivete-sangalo-nao-vai-participar-do-carnaval\/\">n\u00e3o participaria do Carnaval<\/a>. &#8220;Em virtude da alegria de estar esperando duas menininhas, eu n\u00e3o poderei participar do Carnaval, por orienta\u00e7\u00e3o m\u00e9dica e tamb\u00e9m por orienta\u00e7\u00e3o dos meus neur\u00f4nios. Seria uma grande irresponsabilidade minha, j\u00e1 que vou estar perto de dar a luz&#8221;, explicou ela na \u00e9poca.<\/p>\n<table>\n<tbody>\n<tr>\n<td>\n<p class=\"text-center\"><img decoding=\"async\" src=\"http:\/\/www.correio24horas.com.br\/fileadmin\/_processed_\/9\/9\/csm_13092017ivete_ff246dfe78.jpg\" alt=\"\" \/><\/p>\n<\/td>\n<\/tr>\n<tr>\n<td class=\"text-center\"><strong>A gravidez, anunciada em setembro de 2017, alterou\u00a0a agenda de Ivete Sangalo<\/strong><br \/>\n(Foto: Reprodu\u00e7\u00e3o)<\/td>\n<\/tr>\n<\/tbody>\n<\/table>\n<p>Na ocasi\u00e3o, a baiana refor\u00e7ou a liga\u00e7\u00e3o que tem com a folia. &#8220;O Carnaval \u00e9 a menina do meus olhos, \u00e9 uma das festas que me projeta para o mundo inteiro com esta m\u00fasica deliciosa que \u00e9 o ax\u00e9. Eu sou uma cantora do Carnaval, eu tenho uma rela\u00e7\u00e3o muito forte e intensa com essa festa. \u00c9 paix\u00e3o total, o que me faz sentir muito por essa aus\u00eancia. Mas devo confessar a voc\u00eas a alegria de estar novamente vivendo esse momento delicioso em minha vida. Al\u00e9m de todas as manifesta\u00e7\u00f5es de amor que tenho recebido.\u00a0Me emociona de verdade.\u00a0Eu estou muito feliz e sei que quando eu t\u00f4 feliz, voc\u00eas ficam felizes junto&#8221;, declarou.<\/p>\n","protected":false},"excerpt":{"rendered":"<p>Por essa, nem o mais famigerado vidente\u00a0esperava. A cantora Ivete Sangalo, 45 anos, surpreendeu a todos\u00a0na madrugada deste s\u00e1bado (10). \u00c9 que, por volta das 4h30, [&hellip;]<\/p>\n","protected":false},"author":3,"featured_media":14509,"comment_status":"open","ping_status":"open","sticky":false,"template":"","format":"image","meta":{"footnotes":""},"categories":[28,80],"tags":[],"class_list":["post-14508","post","type-post","status-publish","format-image","has-post-thumbnail","hentry","category-farofa-digital","category-home","post_format-post-format-image"],"_links":{"self":[{"href":"https:\/\/blogs.correio24horas.com.br\/mesalte\/wp-json\/wp\/v2\/posts\/14508","targetHints":{"allow":["GET"]}}],"collection":[{"href":"https:\/\/blogs.correio24horas.com.br\/mesalte\/wp-json\/wp\/v2\/posts"}],"about":[{"href":"https:\/\/blogs.correio24horas.com.br\/mesalte\/wp-json\/wp\/v2\/types\/post"}],"author":[{"embeddable":true,"href":"https:\/\/blogs.correio24horas.com.br\/mesalte\/wp-json\/wp\/v2\/users\/3"}],"replies":[{"embeddable":true,"href":"https:\/\/blogs.correio24horas.com.br\/mesalte\/wp-json\/wp\/v2\/comments?post=14508"}],"version-history":[{"count":1,"href":"https:\/\/blogs.correio24horas.com.br\/mesalte\/wp-json\/wp\/v2\/posts\/14508\/revisions"}],"predecessor-version":[{"id":14510,"href":"https:\/\/blogs.correio24horas.com.br\/mesalte\/wp-json\/wp\/v2\/posts\/14508\/revisions\/14510"}],"wp:featuredmedia":[{"embeddable":true,"href":"https:\/\/blogs.correio24horas.com.br\/mesalte\/wp-json\/wp\/v2\/media\/14509"}],"wp:attachment":[{"href":"https:\/\/blogs.correio24horas.com.br\/mesalte\/wp-json\/wp\/v2\/media?parent=14508"}],"wp:term":[{"taxonomy":"category","embeddable":true,"href":"https:\/\/blogs.correio24horas.com.br\/mesalte\/wp-json\/wp\/v2\/categories?post=14508"},{"taxonomy":"post_tag","embeddable":true,"href":"https:\/\/blogs.correio24horas.com.br\/mesalte\/wp-json\/wp\/v2\/tags?post=14508"}],"curies":[{"name":"wp","href":"https:\/\/api.w.org\/{rel}","templated":true}]}}