{"id":14502,"date":"2018-02-08T10:01:08","date_gmt":"2018-02-08T13:01:08","guid":{"rendered":"http:\/\/blogs.correio24horas.com.br\/mesalte\/?p=14502"},"modified":"2018-02-16T09:05:34","modified_gmt":"2018-02-16T12:05:34","slug":"boate-criada-por-preta-gil-tera-pabllo-vittar-e-jojo-toddynho-no-carnaval","status":"publish","type":"post","link":"https:\/\/blogs.correio24horas.com.br\/mesalte\/boate-criada-por-preta-gil-tera-pabllo-vittar-e-jojo-toddynho-no-carnaval\/","title":{"rendered":"Boate criada por Preta Gil, ter\u00e1 Pabllo Vittar e Jojo Toddynho no Carnaval"},"content":{"rendered":"<p>\u201cSem preconceito\u201d! Este \u00e9 o p\u00fablico para quem Preta Gil dedica a BLACKTAPE, a primeira boate independente de camarote da hist\u00f3ria do Carnaval de Salvador. Funciona num espa\u00e7o independente no Edif\u00edcio Oceania em cima do Camarote Expresso 2222, que tamb\u00e9m passa a ser comandado pela cantora na sua 20\u00aa edi\u00e7\u00e3o.<\/p>\n<p>Na sexta (09), a Blacktape ter\u00e1 abertura\u00a0 com Pabllo Vittar e Jojo Toddynho &#8211;\u00a0\u00a0com participa\u00e7\u00e3o de Preta Gil. Uma mistura de boate e festa, a novidade no espa\u00e7o \u00e9 o \u201cafter\u201d mais concorrido do Carnaval de Salvador, que vai rolar at\u00e9 ter\u00e7a-feira, sempre das 22 \u00e0s 6 horas.<\/p>\n<p>No s\u00e1bado, \u00e0 noite ser\u00e1 da festa CH\u00c1 de ALICE; no domingo a boate THE WEEK (on the road) assume o comando; segunda-feira ser\u00e1 a noite da festa WALLPAPER; e tudo acaba na ter\u00e7a-feira com a noite DIVERSIDADE BAIANA, que mistura as badaladas BADAU\u00ca, BACK IN BAHIA e O PENTE. Todos os dias, de sexta-feira a ter\u00e7a-feira de carnaval, das 22 h \u00e0s 6 h da manh\u00e3.<\/p>\n<blockquote><p>&#8220;Apesar de ser uma iniciativa minha totalmente diferente do clima fam\u00edlia do Expresso 2222, criei e tamb\u00e9m quis fazer a BLACKTAPE no mesmo pr\u00e9dio, para poder visitar os dois eventos sem precisar me deslocar do circuito. Vou transitar livremente entre esses dois universos e o p\u00fablico do camarote que quiser conhecer a BLACKTAPE \u00e9 meu convidado e ser\u00e1 bem-vindo. O mundo pede essa uni\u00e3o e eu estou aqui para promover a conex\u00e3o com alegria, meu carnaval \u00e9 para todos&#8221; declara Preta.<\/p><\/blockquote>\n<p>No s\u00e1bado, Preta defila no circuito Barra-Ondina com seu Bloco da Preta 2222, no domingo vai para o Rio onde realiza seu baile no clube Monte-l\u00edbano, segunda faz show em Florian\u00f3polis, canta em camarotes da Sapuca\u00ed mas retorna na ter\u00e7a-feira para encontrar seu pai no Expresso 2222 e se diverte na BLACKTAPE at\u00e9 a sua \u201c pilha\u201d durar.<\/p>\n<p><strong>PROGRAMA\u00c7\u00c3O BLACKTAPE:<\/strong><\/p>\n<p>Sexta-feira 09\/01<\/p>\n<p>Blacktape party com Pabllo Vittar, Dj Ju de Paulla<\/p>\n<p>S\u00e1bado 10\/01<\/p>\n<p>Ch\u00e1 da Alice -Djs Babi, Ju de Paiva, Mendez<\/p>\n<p>Domingo 11\/01<\/p>\n<p>The Week (on the road): Djs Flavio Tuma, Tomer Maizner, Guerrero, Arthur Valleti.<\/p>\n<p>Segunda-feira 12\/01<\/p>\n<p>Festa Wallpaper: Djs Gael, Leo Gatuso,Luan Poffo<\/p>\n<p>Ter\u00e7a-feira 13\/01<\/p>\n<p>Diversidade Baiana: O Pente &#8211; Dj Raiz \/ Badau\u00ea &#8211; Marcelo Cravo e Ana Julieta \/ Back in Bahia &#8211; Ian Fraguas<\/p>\n","protected":false},"excerpt":{"rendered":"<p>\u201cSem preconceito\u201d! Este \u00e9 o p\u00fablico para quem Preta Gil dedica a BLACKTAPE, a primeira boate independente de camarote da hist\u00f3ria do Carnaval de Salvador. Funciona [&hellip;]<\/p>\n","protected":false},"author":1,"featured_media":14503,"comment_status":"open","ping_status":"open","sticky":false,"template":"","format":"image","meta":{"footnotes":""},"categories":[80],"tags":[],"class_list":["post-14502","post","type-post","status-publish","format-image","has-post-thumbnail","hentry","category-home","post_format-post-format-image"],"_links":{"self":[{"href":"https:\/\/blogs.correio24horas.com.br\/mesalte\/wp-json\/wp\/v2\/posts\/14502","targetHints":{"allow":["GET"]}}],"collection":[{"href":"https:\/\/blogs.correio24horas.com.br\/mesalte\/wp-json\/wp\/v2\/posts"}],"about":[{"href":"https:\/\/blogs.correio24horas.com.br\/mesalte\/wp-json\/wp\/v2\/types\/post"}],"author":[{"embeddable":true,"href":"https:\/\/blogs.correio24horas.com.br\/mesalte\/wp-json\/wp\/v2\/users\/1"}],"replies":[{"embeddable":true,"href":"https:\/\/blogs.correio24horas.com.br\/mesalte\/wp-json\/wp\/v2\/comments?post=14502"}],"version-history":[{"count":1,"href":"https:\/\/blogs.correio24horas.com.br\/mesalte\/wp-json\/wp\/v2\/posts\/14502\/revisions"}],"predecessor-version":[{"id":14504,"href":"https:\/\/blogs.correio24horas.com.br\/mesalte\/wp-json\/wp\/v2\/posts\/14502\/revisions\/14504"}],"wp:featuredmedia":[{"embeddable":true,"href":"https:\/\/blogs.correio24horas.com.br\/mesalte\/wp-json\/wp\/v2\/media\/14503"}],"wp:attachment":[{"href":"https:\/\/blogs.correio24horas.com.br\/mesalte\/wp-json\/wp\/v2\/media?parent=14502"}],"wp:term":[{"taxonomy":"category","embeddable":true,"href":"https:\/\/blogs.correio24horas.com.br\/mesalte\/wp-json\/wp\/v2\/categories?post=14502"},{"taxonomy":"post_tag","embeddable":true,"href":"https:\/\/blogs.correio24horas.com.br\/mesalte\/wp-json\/wp\/v2\/tags?post=14502"}],"curies":[{"name":"wp","href":"https:\/\/api.w.org\/{rel}","templated":true}]}}