{"id":14485,"date":"2018-02-08T03:14:40","date_gmt":"2018-02-08T06:14:40","guid":{"rendered":"http:\/\/blogs.correio24horas.com.br\/mesalte\/?p=14485"},"modified":"2018-02-16T09:05:53","modified_gmt":"2018-02-16T12:05:53","slug":"nunca-subi-num-trio-diz-liniker-que-puxara-bloco-os-mascarados-hoje-8","status":"publish","type":"post","link":"https:\/\/blogs.correio24horas.com.br\/mesalte\/nunca-subi-num-trio-diz-liniker-que-puxara-bloco-os-mascarados-hoje-8\/","title":{"rendered":"&#8216;Nunca subi num trio&#8217;, diz Liniker que puxar\u00e1 bloco Os Mascarados hoje (8)"},"content":{"rendered":"<p>Ela gosta de sol. Ar-condicionado s\u00f3 quando n\u00e3o tem jeito. E foi assim, de p\u00e9, no sol com a Ba\u00eda de Todos os Santos ao fundo que come\u00e7amos nosso papo quando ainda era segredo a informa\u00e7\u00e3o de que hoje ela seria, ao lado de Sandra de S\u00e1, a grande estrela dos vocais do bloco Os Mascarados. A partir de 22h, desta quinta-feira (08) a cantora trans Liniker trocar\u00e1 o dia ensolarado pelo brilho purpurinado da agremia\u00e7\u00e3o sem cordas que \u00e9 um dos principais redutos no Carnaval do p\u00fablico LGBTQIAP+ (L\u00e9sbicas, Gays, Bi, Trans, Queer\/Questionando, Intersexo, Assexuais\/Arrom\u00e2ntiques\/Ag\u00eanero, Pan\/Poli, e mais).<\/p>\n<p><iframe loading=\"lazy\" src=\"https:\/\/www.youtube.com\/embed\/M4s3yTJCcmI\" width=\"560\" height=\"315\" frameborder=\"0\" allowfullscreen=\"allowfullscreen\"><\/iframe><\/p>\n<blockquote><p>&#8220;Vai ser o primeiro trio da minha vida,. Talvez eu sinta vontade de descer para trocar afeto com as pessoas l\u00e1 em baixo. Sandra \u00e9 uma mulher refer\u00eancia de musica e de cultura no nosso pa\u00eds. \u00c9 muito maravilhoso poder fazer parte dessa hist\u00f3ria e est\u00e1 aqui mais uma vez em Salvador&#8221;, fala a cantora que fez temporada em janeiro na Caixa Cultural com shows lotados.<\/p><\/blockquote>\n<p>Seu nome \u00e9 uma homenagem ao futebolista ingl\u00eas Gary Lineker, artilheiro da Copa do Mundo de 1986. Mas as refer\u00eancias da Liniker s\u00e3o bem distantes do mundo da bola. Cresceu ouvindo samba, samba-rock e soul. Embora tenha mostrado talento vocal desde cedo somente em 2015 formou a banda Liniker e os Caramelows, com quem lan\u00e7ou o EP Cru em 30 de julho daquele ano. Estourou no Brasil. Em setembro de 2016, a banda lan\u00e7ou seu \u00e1lbum de estreia, intitulado Remonta, gravado com ajuda dos f\u00e3s por meio do financiamento coletivo.<\/p>\n<p>Dois primeiros acordes com a can\u00e7\u00e3o Cru pra Remonta muita coisa mudou. \u201cO meu som mudou muito, principalmente o jeito de escrever, o tipo poesia, arranjo e composi\u00e7\u00e3o. Eu me percebo hoje fazendo muito mais poesia do que composi\u00e7\u00e3o de m\u00fasica\u201d, conta a cantora paulista que al\u00e9m dos seus sucessos ter\u00e1 no repert\u00f3rio singles carnavalescos (que ela prefere deixar como surpresa para os foli\u00f5es).<\/p>\n<p>Depois do Carnaval, Liniker entra em est\u00fadio para gravar o novo disco. \u201cVamos trazer as nossas experimenta\u00e7\u00f5es. As m\u00fasicas s\u00e3o totalmente diferentes. N\u00e3o estou dando nem muito spoiler ainda porque a gente n\u00e3o come\u00e7ou nem produzir. Ele ainda est\u00e1 cru cru cru, mais cru que o cru. Ser\u00e1 esse ano sem pressa\u201d, ressalta em tom tranquilo a artista paulista que passou um m\u00eas em Salvador se conectando com a cidade.<\/p>\n<blockquote><p>\u201cMe conectei com Salvador. Est\u00e1 dif\u00edcil ir embora. Aqui \u00e9 um dos lugares em que mais senti a minha ancestralidade. Nunca fui numa praia em que a maioria das pessoas fossem pessoas pretas. O trato \u00e9 diferente do trato de S\u00e3o Paulo, tipo do toque, da aproxima\u00e7\u00e3o, do respeito com outras pessoas e comigo assim tipo. Eu n\u00e3o conseguia entrar no mar. Toda vez que a gente ia pra praia, n\u00e3o conseguia. S\u00f3 entrava at\u00e9 o calcanhar, mas quando cheguei no Porto da Barra me deu vontade de dar um mergulho. Senti que a Bahia me trouxe a paz que eu estava precisando\u201d, destaca a cantora.<\/p><\/blockquote>\n<p>Um dos principais expoentes da nova gera\u00e7\u00e3o da m\u00fasica brasileira feita por pessoas LGBTQIAP+, Liniker acredita que seu trabalho tem uma fun\u00e7\u00e3o social levar maior visibilidade para segmentos n\u00e3o midi\u00e1ticos. Seu canto reverbera e empodera os segmentos.<\/p>\n<blockquote><p>\u201cAcho que uma das chaves para isso \u00e9 esta em todos os lugares est\u00e1 em todo lugar fazer show em v\u00e1rios lugares, levar a minha mensagem para v\u00e1rios lugares. \u00c9 o que vou fazer no Carnaval. Al\u00e9m de um protesto de fala, de dar o nosso posicionamento, de um protesto de amor, mesmo sabe tipo, de troca de poder olhar no olho de uma pessoa e cantar e o que eu realmente acredito e sou e o que nosso som realmente passa. O meu grande trabalho hoje eu percebo que est\u00e1 no afeto. Preciso trabalhar com amor. Essa \u00e9 a minha chave para qualquer coisa\u201d, ressalta.<\/p><\/blockquote>\n<p>No in\u00edcio da sua visibilidade maior de carreira, Liniker dizia que n\u00e3o gostava de r\u00f3tulos. Atualmente, se identifica com uma mulher transexual (que ao nascimento foi identificada como pertencente ao g\u00eanero masculino, mas pertence ao feminino).<\/p>\n<p><img loading=\"lazy\" decoding=\"async\" class=\"aligncenter size-large wp-image-14488\" src=\"https:\/\/blogs.correio24h.com.br\/mesalte\/wp-content\/uploads\/2018\/02\/0702_Carnaval_Liniker-_Foto-Imas-Pereira-Divulgacao-2-1024x683.jpg\" alt=\"0702_Carnaval_Liniker _Foto Imas Pereira Divulgacao (2)\" width=\"1024\" height=\"683\" srcset=\"https:\/\/blogs.correio24h.com.br\/mesalte\/wp-content\/uploads\/2018\/02\/0702_Carnaval_Liniker-_Foto-Imas-Pereira-Divulgacao-2-1024x683.jpg 1024w, https:\/\/blogs.correio24h.com.br\/mesalte\/wp-content\/uploads\/2018\/02\/0702_Carnaval_Liniker-_Foto-Imas-Pereira-Divulgacao-2-300x200.jpg 300w, https:\/\/blogs.correio24h.com.br\/mesalte\/wp-content\/uploads\/2018\/02\/0702_Carnaval_Liniker-_Foto-Imas-Pereira-Divulgacao-2-768x513.jpg 768w, https:\/\/blogs.correio24h.com.br\/mesalte\/wp-content\/uploads\/2018\/02\/0702_Carnaval_Liniker-_Foto-Imas-Pereira-Divulgacao-2-219x146.jpg 219w, https:\/\/blogs.correio24h.com.br\/mesalte\/wp-content\/uploads\/2018\/02\/0702_Carnaval_Liniker-_Foto-Imas-Pereira-Divulgacao-2-50x33.jpg 50w, https:\/\/blogs.correio24h.com.br\/mesalte\/wp-content\/uploads\/2018\/02\/0702_Carnaval_Liniker-_Foto-Imas-Pereira-Divulgacao-2-112x75.jpg 112w\" sizes=\"auto, (max-width: 1024px) 100vw, 1024px\" \/><\/p>\n<p>\u201cAs pessoas tendem a achar que come\u00e7ou a desconstru\u00e7\u00e3o por que eu estava na m\u00eddia, mas eu j\u00e1 estava no processo desconstru\u00e7\u00e3o de todo dia entender quem eu era quem era o meu corpo est\u00e1 dando vaz\u00e3o o que realmente sou na minha vida. Minha vida, s\u00f3 n\u00e3o acontece quando estou no palco ou dando entrevista. Quando eu realmente me posicionei e me firmei me senti bem para expressar o que estou vivendo hoje\u201d,argumenta Liniker que espera que sua exposi\u00e7\u00e3o na m\u00eddia fortale\u00e7a outras mulheres trans.<\/p>\n<blockquote><p>\u201cAs pessoas trans s\u00e3o popula\u00e7\u00e3o que \u00e9 mais vulnerabilizada dentro dessa sopa de letrinhas que a gente vive. Voc\u00ea estando na posi\u00e7\u00e3o de m\u00eddia na posi\u00e7\u00e3o de voz acho que pode inclusive fortalecer outras mulheres trans. \u00c9 uma luta di\u00e1ria\u201d<\/p><\/blockquote>\n","protected":false},"excerpt":{"rendered":"<p>Ela gosta de sol. Ar-condicionado s\u00f3 quando n\u00e3o tem jeito. E foi assim, de p\u00e9, no sol com a Ba\u00eda de Todos os Santos ao fundo [&hellip;]<\/p>\n","protected":false},"author":1,"featured_media":14487,"comment_status":"open","ping_status":"open","sticky":false,"template":"","format":"image","meta":{"footnotes":""},"categories":[16],"tags":[],"class_list":["post-14485","post","type-post","status-publish","format-image","has-post-thumbnail","hentry","category-me-jogo","post_format-post-format-image"],"_links":{"self":[{"href":"https:\/\/blogs.correio24horas.com.br\/mesalte\/wp-json\/wp\/v2\/posts\/14485","targetHints":{"allow":["GET"]}}],"collection":[{"href":"https:\/\/blogs.correio24horas.com.br\/mesalte\/wp-json\/wp\/v2\/posts"}],"about":[{"href":"https:\/\/blogs.correio24horas.com.br\/mesalte\/wp-json\/wp\/v2\/types\/post"}],"author":[{"embeddable":true,"href":"https:\/\/blogs.correio24horas.com.br\/mesalte\/wp-json\/wp\/v2\/users\/1"}],"replies":[{"embeddable":true,"href":"https:\/\/blogs.correio24horas.com.br\/mesalte\/wp-json\/wp\/v2\/comments?post=14485"}],"version-history":[{"count":1,"href":"https:\/\/blogs.correio24horas.com.br\/mesalte\/wp-json\/wp\/v2\/posts\/14485\/revisions"}],"predecessor-version":[{"id":14489,"href":"https:\/\/blogs.correio24horas.com.br\/mesalte\/wp-json\/wp\/v2\/posts\/14485\/revisions\/14489"}],"wp:featuredmedia":[{"embeddable":true,"href":"https:\/\/blogs.correio24horas.com.br\/mesalte\/wp-json\/wp\/v2\/media\/14487"}],"wp:attachment":[{"href":"https:\/\/blogs.correio24horas.com.br\/mesalte\/wp-json\/wp\/v2\/media?parent=14485"}],"wp:term":[{"taxonomy":"category","embeddable":true,"href":"https:\/\/blogs.correio24horas.com.br\/mesalte\/wp-json\/wp\/v2\/categories?post=14485"},{"taxonomy":"post_tag","embeddable":true,"href":"https:\/\/blogs.correio24horas.com.br\/mesalte\/wp-json\/wp\/v2\/tags?post=14485"}],"curies":[{"name":"wp","href":"https:\/\/api.w.org\/{rel}","templated":true}]}}