{"id":14483,"date":"2018-02-08T08:54:28","date_gmt":"2018-02-08T11:54:28","guid":{"rendered":"http:\/\/blogs.correio24horas.com.br\/mesalte\/?p=14483"},"modified":"2018-02-16T09:05:43","modified_gmt":"2018-02-16T12:05:43","slug":"siga-o-arco-iris-veja-roteiro-das-melhores-atracoes-para-o-publico-lgbt-no-carnaval","status":"publish","type":"post","link":"https:\/\/blogs.correio24horas.com.br\/mesalte\/siga-o-arco-iris-veja-roteiro-das-melhores-atracoes-para-o-publico-lgbt-no-carnaval\/","title":{"rendered":"Siga o arco-\u00edris: veja roteiro das melhores atra\u00e7\u00f5es para o p\u00fablico LGBT no Carnaval"},"content":{"rendered":"<p>Aten\u00e7\u00e3o, migles! O Carnaval come\u00e7a hoje (8). Fiz um roteirinho com o melhor pra quem gosta da diversidade pular atr\u00e1s do trio.Veja a\u00ed! Lembrando: v\u00e1 na paz e na calma e tomem cuidado. Sem querer fazer a tia velha, mas se beber n\u00e3o dirija! Nada de entornar o caldo para n\u00e3o virar estat\u00edstica nos postos de sa\u00fade do circuito. Ah, se o neg\u00f3cio esquentar lembra da camisinha \ud83d\ude42<\/p>\n<p><strong>Barra-Ondina<\/strong><\/p>\n<p>Quinta &#8211; 17h15 Claudia Leitte (sem cordas); 22h30 Daniela Mercury (sem cordas); Os Mascarados com Liniker e Sandra de S\u00e1 (23h45); 0h Alinne Rosa (sem cordas)<\/p>\n<p>Sexta &#8211; 17h Claudia Leitte (Blow Out); 20h Anitta (sem cordas); 22h Margareth Menezes (sem cordas)<\/p>\n<div id=\"attachment_13747\" style=\"width: 1034px\" class=\"wp-caption aligncenter\"><img loading=\"lazy\" decoding=\"async\" aria-describedby=\"caption-attachment-13747\" class=\"size-large wp-image-13747\" src=\"https:\/\/blogs.correio24h.com.br\/mesalte\/wp-content\/uploads\/2017\/12\/anitta5-1024x683.jpg\" alt=\"Foto: Arisson Marinho\/CORREIO\" width=\"1024\" height=\"683\" srcset=\"https:\/\/blogs.correio24h.com.br\/mesalte\/wp-content\/uploads\/2017\/12\/anitta5-1024x683.jpg 1024w, https:\/\/blogs.correio24h.com.br\/mesalte\/wp-content\/uploads\/2017\/12\/anitta5-300x200.jpg 300w, https:\/\/blogs.correio24h.com.br\/mesalte\/wp-content\/uploads\/2017\/12\/anitta5-768x512.jpg 768w, https:\/\/blogs.correio24h.com.br\/mesalte\/wp-content\/uploads\/2017\/12\/anitta5-219x146.jpg 219w, https:\/\/blogs.correio24h.com.br\/mesalte\/wp-content\/uploads\/2017\/12\/anitta5-50x33.jpg 50w, https:\/\/blogs.correio24h.com.br\/mesalte\/wp-content\/uploads\/2017\/12\/anitta5-113x75.jpg 113w\" sizes=\"auto, (max-width: 1024px) 100vw, 1024px\" \/><p id=\"caption-attachment-13747\" class=\"wp-caption-text\">Foto: Arisson Marinho\/CORREIO<\/p><\/div>\n<p>S\u00e1bado &#8211; 18h Alinne Rosa (O Vale); 19h30 Larissa Luz, Bacu Exu e Emicida (sem cordas); 20h45 Preta Gil (sem cordas)<\/p>\n<p>Domingo &#8211; 18h45 Daniela Mercury (Crocodilo); 20h45 M\u00e1rcia Castro e Dream Team do Passinho (sem cordas);<\/p>\n<p>Segunda- 19h Daniela Mercury (Crocodilo);<\/p>\n<p><img loading=\"lazy\" decoding=\"async\" class=\"aligncenter size-full wp-image-14353\" src=\"https:\/\/blogs.correio24h.com.br\/mesalte\/wp-content\/uploads\/2018\/01\/daniela-1.jpg\" alt=\"daniela\" width=\"469\" height=\"634\" srcset=\"https:\/\/blogs.correio24h.com.br\/mesalte\/wp-content\/uploads\/2018\/01\/daniela-1.jpg 469w, https:\/\/blogs.correio24h.com.br\/mesalte\/wp-content\/uploads\/2018\/01\/daniela-1-222x300.jpg 222w, https:\/\/blogs.correio24h.com.br\/mesalte\/wp-content\/uploads\/2018\/01\/daniela-1-108x146.jpg 108w, https:\/\/blogs.correio24h.com.br\/mesalte\/wp-content\/uploads\/2018\/01\/daniela-1-37x50.jpg 37w, https:\/\/blogs.correio24h.com.br\/mesalte\/wp-content\/uploads\/2018\/01\/daniela-1-55x75.jpg 55w\" sizes=\"auto, (max-width: 469px) 100vw, 469px\" \/><\/p>\n<p>Ter\u00e7a &#8211; 16h30 Claudia Leitte (Largadinho); 19h30 PabllO Vittar (sem cordas); 20h45 Margareth Menezes (sem cordas);<\/p>\n<p><strong>Torre dos DJ &#8211; Farol da Barra<\/strong><br \/>\nSexta, 9<br \/>\n19h Dj Santz; 20h30 Dj Kairo San; 22h DJ George Ferreira<\/p>\n<p>S\u00e1bado, 10<\/p>\n<p>19h Dj Kairo San; 20h30 Dj Santz; 22h DJ George Ferreira<\/p>\n<p>Domingo, 11<\/p>\n<p>19h Dj Santz; 20h30 DJ George Ferreira; 22h Dj Kairo San<\/p>\n<p>Segunda, 12<\/p>\n<p>19h George Ferreira; 20h30 Dj Kairo San e 22h Dj Santz<\/p>\n<p>Ter\u00e7a, 13<\/p>\n<p>19h Dj Santz; 20h30 DJ George Ferreira; 22h Dj Kairo San<\/p>\n<p><strong>Beco das Cores &#8211; Rua Dias D\u2019\u00c1vila (Barra)<\/strong><\/p>\n<p>De s\u00e1bado (10) a ter\u00e7a-feira (13), das 19h a 0h, com apresenta\u00e7\u00f5es de m\u00fasica eletr\u00f4nica que acontecer\u00e3o no intervalo da passagem dos blocos<\/p>\n<p><strong>Pra\u00e7a Municipal<\/strong><br \/>\nSegunda &#8211; 18h Concurso de Fantasia LGBT<\/p>\n<p><img loading=\"lazy\" decoding=\"async\" class=\"aligncenter size-full wp-image-9643\" src=\"https:\/\/blogs.correio24h.com.br\/mesalte\/wp-content\/uploads\/2017\/02\/02022017_Mais_Fantasias-GGB_-no-Carnaval_Divulgacao.jpg\" alt=\"02022017_Mais_Fantasias GGB_ no Carnaval_Divulgacao\" width=\"640\" height=\"960\" srcset=\"https:\/\/blogs.correio24h.com.br\/mesalte\/wp-content\/uploads\/2017\/02\/02022017_Mais_Fantasias-GGB_-no-Carnaval_Divulgacao.jpg 640w, https:\/\/blogs.correio24h.com.br\/mesalte\/wp-content\/uploads\/2017\/02\/02022017_Mais_Fantasias-GGB_-no-Carnaval_Divulgacao-200x300.jpg 200w, https:\/\/blogs.correio24h.com.br\/mesalte\/wp-content\/uploads\/2017\/02\/02022017_Mais_Fantasias-GGB_-no-Carnaval_Divulgacao-97x146.jpg 97w, https:\/\/blogs.correio24h.com.br\/mesalte\/wp-content\/uploads\/2017\/02\/02022017_Mais_Fantasias-GGB_-no-Carnaval_Divulgacao-33x50.jpg 33w, https:\/\/blogs.correio24h.com.br\/mesalte\/wp-content\/uploads\/2017\/02\/02022017_Mais_Fantasias-GGB_-no-Carnaval_Divulgacao-50x75.jpg 50w\" sizes=\"auto, (max-width: 640px) 100vw, 640px\" \/><\/p>\n<p><strong>Campo Grande<\/strong><\/p>\n<p>Sexta<br \/>\n18h30 Babado Novo<\/p>\n<div id=\"attachment_4272\" style=\"width: 1034px\" class=\"wp-caption aligncenter\"><img loading=\"lazy\" decoding=\"async\" aria-describedby=\"caption-attachment-4272\" class=\"size-large wp-image-4272\" src=\"https:\/\/blogs.correio24h.com.br\/mesalte\/wp-content\/uploads\/2016\/06\/Mari-Antunes-Divulga\u00e7\u00e3o-1024x1011.jpg\" alt=\"Mari Antunes, cantora.\" width=\"1024\" height=\"1011\" srcset=\"https:\/\/blogs.correio24h.com.br\/mesalte\/wp-content\/uploads\/2016\/06\/Mari-Antunes-Divulga\u00e7\u00e3o-1024x1011.jpg 1024w, https:\/\/blogs.correio24h.com.br\/mesalte\/wp-content\/uploads\/2016\/06\/Mari-Antunes-Divulga\u00e7\u00e3o-300x296.jpg 300w, https:\/\/blogs.correio24h.com.br\/mesalte\/wp-content\/uploads\/2016\/06\/Mari-Antunes-Divulga\u00e7\u00e3o-768x758.jpg 768w, https:\/\/blogs.correio24h.com.br\/mesalte\/wp-content\/uploads\/2016\/06\/Mari-Antunes-Divulga\u00e7\u00e3o-148x146.jpg 148w, https:\/\/blogs.correio24h.com.br\/mesalte\/wp-content\/uploads\/2016\/06\/Mari-Antunes-Divulga\u00e7\u00e3o-50x50.jpg 50w, https:\/\/blogs.correio24h.com.br\/mesalte\/wp-content\/uploads\/2016\/06\/Mari-Antunes-Divulga\u00e7\u00e3o-80x80.jpg 80w, https:\/\/blogs.correio24h.com.br\/mesalte\/wp-content\/uploads\/2016\/06\/Mari-Antunes-Divulga\u00e7\u00e3o-76x75.jpg 76w, https:\/\/blogs.correio24h.com.br\/mesalte\/wp-content\/uploads\/2016\/06\/Mari-Antunes-Divulga\u00e7\u00e3o-85x85.jpg 85w, https:\/\/blogs.correio24h.com.br\/mesalte\/wp-content\/uploads\/2016\/06\/Mari-Antunes-Divulga\u00e7\u00e3o.jpg 1076w\" sizes=\"auto, (max-width: 1024px) 100vw, 1024px\" \/><p id=\"caption-attachment-4272\" class=\"wp-caption-text\">Mari Antunes, cantora.<\/p><\/div>\n<p>Domingo<br \/>\n14h30 Claudia Leitte (sem cordas)<\/p>\n<p>Ter\u00e7a<br \/>\n14h30 Daniela Mercury (sem cordas)<\/p>\n<p><strong>Caras &amp; Bocas\u00a0<\/strong><\/p>\n<p>O bar localizado na Rua Carlos Gomes funcionar\u00e1 todos os dias durante o Carnaval. O estabelecimento abrir\u00e1 de quinta a domingo a partir das 17h sem horas de fechar com feijoada todos os dias e petiscos. R$ 5 (entrada).<\/p>\n<p><strong>Rio Vermelho<\/strong><\/p>\n<p><strong>Carnival San Sebastian<\/strong><br \/>\n8 de fevereiro (quinta-feira), 22h<br \/>\nDJs: Rafael Savassi (The Week), Arthur Berenguer e Felipe Carvalho<br \/>\nIngressos: R$ 40<\/p>\n<p><strong>Carnival San Sebastian<br \/>\n<\/strong>9 de fevereiro (sexta-feira), 22h<br \/>\nDJs: Felipe Lira (SP), Las Bibas From Vizcaya e Rogher Lobo<br \/>\nIngressos: R$ 40<\/p>\n<p><img loading=\"lazy\" decoding=\"async\" class=\"aligncenter size-large wp-image-14461\" src=\"https:\/\/blogs.correio24h.com.br\/mesalte\/wp-content\/uploads\/2018\/02\/felipe-lira-683x1024.jpg\" alt=\"felipe lira\" width=\"683\" height=\"1024\" srcset=\"https:\/\/blogs.correio24h.com.br\/mesalte\/wp-content\/uploads\/2018\/02\/felipe-lira-683x1024.jpg 683w, https:\/\/blogs.correio24h.com.br\/mesalte\/wp-content\/uploads\/2018\/02\/felipe-lira-200x300.jpg 200w, https:\/\/blogs.correio24h.com.br\/mesalte\/wp-content\/uploads\/2018\/02\/felipe-lira-768x1151.jpg 768w, https:\/\/blogs.correio24h.com.br\/mesalte\/wp-content\/uploads\/2018\/02\/felipe-lira-97x146.jpg 97w, https:\/\/blogs.correio24h.com.br\/mesalte\/wp-content\/uploads\/2018\/02\/felipe-lira-33x50.jpg 33w, https:\/\/blogs.correio24h.com.br\/mesalte\/wp-content\/uploads\/2018\/02\/felipe-lira-50x75.jpg 50w, https:\/\/blogs.correio24h.com.br\/mesalte\/wp-content\/uploads\/2018\/02\/felipe-lira.jpg 854w\" sizes=\"auto, (max-width: 683px) 100vw, 683px\" \/><\/p>\n<p><strong>Carnival San Sebastian<br \/>\n<\/strong>10 de fevereiro (s\u00e1bado), 22h<br \/>\nDJs: Anthony May (ESP), Arthur Valleti e Rogher Lobo<br \/>\nIngressos: R$ 40<\/p>\n<p><strong>Carnival San Sebastian<br \/>\n<\/strong>11 de fevereiro (domingo)<br \/>\nDJs: Gr\u00e1 Ferreira (The Week), Rick Braile (SP) e Felipe Carvalho<br \/>\nIngressos: R$ 40<\/p>\n<p><strong>Carnival San Sebastian<br \/>\n<\/strong>12 de fevereiro (segunda), 22h<br \/>\nDJs: Felipe Lira (SP), Arthur Berenguer e Rob Phillips<br \/>\nIngressos: R$ 40<\/p>\n<p><strong>Xlsior Mykonos<br \/>\n<\/strong>13 de fevereiro (ter\u00e7a-feira), 22h<br \/>\nDJs: Dani Toro (ESP), Diego Baez (CE) e Felipe Carvalho<br \/>\nIngressos: R$ 40<\/p>\n<p><strong>Carnival San Sebastian<br \/>\n<\/strong>14 de fevereiro (quarta-feira), 22h<br \/>\nDJs: Renato Cecin (The Week), Felipe Lira (SP) e Arthur Berenguer<br \/>\nIngressos: R$ 40<\/p>\n<p><strong>Festa Armengado de Carnaval<br \/>\n<\/strong>15 de fevereiro (quinta-feira), 22h<br \/>\nIngressos: R$ 40<\/p>\n<p><strong>Carnival San Sebastian<br \/>\n<\/strong>16 de fevereiro (sexta-feira), 22h<br \/>\nDJs: Diego Baez (CE), Rogher Lobo e Felipe Carvalho<br \/>\nIngressos: R$ 40<\/p>\n<p><strong>Carnival San Sebastian<br \/>\n<\/strong>17 de fevereiro (s\u00e1bado), 22h<br \/>\nDJs: Pacheco (SP), Arthur Valleti e Rob Phillips<br \/>\nIngressos: R$ 40<\/p>\n","protected":false},"excerpt":{"rendered":"<p>Aten\u00e7\u00e3o, migles! O Carnaval come\u00e7a hoje (8). Fiz um roteirinho com o melhor pra quem gosta da diversidade pular atr\u00e1s do trio.Veja a\u00ed! Lembrando: v\u00e1 na [&hellip;]<\/p>\n","protected":false},"author":1,"featured_media":14496,"comment_status":"open","ping_status":"open","sticky":false,"template":"","format":"image","meta":{"footnotes":""},"categories":[16],"tags":[],"class_list":["post-14483","post","type-post","status-publish","format-image","has-post-thumbnail","hentry","category-me-jogo","post_format-post-format-image"],"_links":{"self":[{"href":"https:\/\/blogs.correio24horas.com.br\/mesalte\/wp-json\/wp\/v2\/posts\/14483","targetHints":{"allow":["GET"]}}],"collection":[{"href":"https:\/\/blogs.correio24horas.com.br\/mesalte\/wp-json\/wp\/v2\/posts"}],"about":[{"href":"https:\/\/blogs.correio24horas.com.br\/mesalte\/wp-json\/wp\/v2\/types\/post"}],"author":[{"embeddable":true,"href":"https:\/\/blogs.correio24horas.com.br\/mesalte\/wp-json\/wp\/v2\/users\/1"}],"replies":[{"embeddable":true,"href":"https:\/\/blogs.correio24horas.com.br\/mesalte\/wp-json\/wp\/v2\/comments?post=14483"}],"version-history":[{"count":3,"href":"https:\/\/blogs.correio24horas.com.br\/mesalte\/wp-json\/wp\/v2\/posts\/14483\/revisions"}],"predecessor-version":[{"id":14497,"href":"https:\/\/blogs.correio24horas.com.br\/mesalte\/wp-json\/wp\/v2\/posts\/14483\/revisions\/14497"}],"wp:featuredmedia":[{"embeddable":true,"href":"https:\/\/blogs.correio24horas.com.br\/mesalte\/wp-json\/wp\/v2\/media\/14496"}],"wp:attachment":[{"href":"https:\/\/blogs.correio24horas.com.br\/mesalte\/wp-json\/wp\/v2\/media?parent=14483"}],"wp:term":[{"taxonomy":"category","embeddable":true,"href":"https:\/\/blogs.correio24horas.com.br\/mesalte\/wp-json\/wp\/v2\/categories?post=14483"},{"taxonomy":"post_tag","embeddable":true,"href":"https:\/\/blogs.correio24horas.com.br\/mesalte\/wp-json\/wp\/v2\/tags?post=14483"}],"curies":[{"name":"wp","href":"https:\/\/api.w.org\/{rel}","templated":true}]}}