{"id":14451,"date":"2018-02-05T20:04:09","date_gmt":"2018-02-05T23:04:09","guid":{"rendered":"http:\/\/blogs.correio24horas.com.br\/mesalte\/?p=14451"},"modified":"2018-02-05T20:05:21","modified_gmt":"2018-02-05T23:05:21","slug":"pabllo-vittar-cantara-com-aretuza-gloria-groove-e-mateus-carrilho-no-carnaval-de-salvador","status":"publish","type":"post","link":"https:\/\/blogs.correio24horas.com.br\/mesalte\/pabllo-vittar-cantara-com-aretuza-gloria-groove-e-mateus-carrilho-no-carnaval-de-salvador\/","title":{"rendered":"Pabllo Vittar cantar\u00e1 com Aretuza, Gl\u00f3ria Groove e Mateus Carrilho no Carnaval de Salvador"},"content":{"rendered":"<p>Um bonde de amigues vai invadir o Carnaval de Salvador. Sensa\u00e7\u00e3o do momento, a cantora drag Pabllo Vittar ter\u00e1 pela primeira vez um trio de carnaval. <a href=\"https:\/\/blogs.correio24horas.com.br\/mesalte\/pabllo-vittar-cantara-com-aretuza-gloria-groove-e-mateus-carrilho-no-carnaval-de-salvador\/\" target=\"_blank\">O bloco da Pabllo sair\u00e1 no dia 13 de fevereiro, \u00e0s 19h30, sem cordas, no Circuito Barra-Ondina.<\/a><\/p>\n<p>O bloco da Pabllo ter\u00e1 entre seus convidados: Aretuza, Gl\u00f3ria Groove e Mateus Carrilho.<\/p>\n<p>&#8220;\u00c9 a realiza\u00e7\u00e3o de um sonho. Sempre acompanhei o carnaval de salvador e ter um bloco meu em um dos principais Carnavais do Brasil, com s\u00f3 dois anos de carreira, \u00e9 muito surreal!&#8221;, afirmou a queen via assessoria.<\/p>\n<p>Abaixo a programa\u00e7\u00e3o da artista no Carnaval 2018:<\/p>\n<p>09\/02 &#8211; Carvalheira na Ladeira Olinda 2018 &#8211; PE<\/p>\n<p>09\/02 &#8211; Blacktape no Expresso 2222 em Salvador &#8211; BA<\/p>\n<p>10\/02 &#8211; Bloco do Caix\u00e3o em Ouro Preto &#8211; MG<\/p>\n<p>10\/02 &#8211; Carnaval da Pan em Belo Horizonte &#8211; MG<\/p>\n<p>11\/02 &#8211; Camarote Itaipava na Sapuca\u00ed &#8211; Rio de Janeiro &#8211; RJ<\/p>\n<p>11\/02 &#8211; Baile do Bloco da Preta no Rio de Janeiro &#8211; RJ<\/p>\n<p>12\/02 &#8211; Desfile Beija-Flor na Sapuca\u00ed &#8211; Rio de Janeiro &#8211; RJ<\/p>\n<p>13\/02 &#8211; Bloco da Pabllo em Salvador &#8211; BA<\/p>\n","protected":false},"excerpt":{"rendered":"<p>Um bonde de amigues vai invadir o Carnaval de Salvador. Sensa\u00e7\u00e3o do momento, a cantora drag Pabllo Vittar ter\u00e1 pela primeira vez um trio de carnaval. [&hellip;]<\/p>\n","protected":false},"author":1,"featured_media":13736,"comment_status":"open","ping_status":"open","sticky":false,"template":"","format":"image","meta":{"footnotes":""},"categories":[80,16],"tags":[827],"class_list":["post-14451","post","type-post","status-publish","format-image","has-post-thumbnail","hentry","category-home","category-me-jogo","tag-pabllo-vittar","post_format-post-format-image"],"_links":{"self":[{"href":"https:\/\/blogs.correio24horas.com.br\/mesalte\/wp-json\/wp\/v2\/posts\/14451","targetHints":{"allow":["GET"]}}],"collection":[{"href":"https:\/\/blogs.correio24horas.com.br\/mesalte\/wp-json\/wp\/v2\/posts"}],"about":[{"href":"https:\/\/blogs.correio24horas.com.br\/mesalte\/wp-json\/wp\/v2\/types\/post"}],"author":[{"embeddable":true,"href":"https:\/\/blogs.correio24horas.com.br\/mesalte\/wp-json\/wp\/v2\/users\/1"}],"replies":[{"embeddable":true,"href":"https:\/\/blogs.correio24horas.com.br\/mesalte\/wp-json\/wp\/v2\/comments?post=14451"}],"version-history":[{"count":4,"href":"https:\/\/blogs.correio24horas.com.br\/mesalte\/wp-json\/wp\/v2\/posts\/14451\/revisions"}],"predecessor-version":[{"id":14455,"href":"https:\/\/blogs.correio24horas.com.br\/mesalte\/wp-json\/wp\/v2\/posts\/14451\/revisions\/14455"}],"wp:featuredmedia":[{"embeddable":true,"href":"https:\/\/blogs.correio24horas.com.br\/mesalte\/wp-json\/wp\/v2\/media\/13736"}],"wp:attachment":[{"href":"https:\/\/blogs.correio24horas.com.br\/mesalte\/wp-json\/wp\/v2\/media?parent=14451"}],"wp:term":[{"taxonomy":"category","embeddable":true,"href":"https:\/\/blogs.correio24horas.com.br\/mesalte\/wp-json\/wp\/v2\/categories?post=14451"},{"taxonomy":"post_tag","embeddable":true,"href":"https:\/\/blogs.correio24horas.com.br\/mesalte\/wp-json\/wp\/v2\/tags?post=14451"}],"curies":[{"name":"wp","href":"https:\/\/api.w.org\/{rel}","templated":true}]}}