{"id":14441,"date":"2018-02-05T09:38:59","date_gmt":"2018-02-05T12:38:59","guid":{"rendered":"http:\/\/blogs.correio24horas.com.br\/mesalte\/?p=14441"},"modified":"2018-02-05T09:40:35","modified_gmt":"2018-02-05T12:40:35","slug":"preta-gil-leva-500-mil-pessoas-para-bloco-no-rio-de-janeiro","status":"publish","type":"post","link":"https:\/\/blogs.correio24horas.com.br\/mesalte\/preta-gil-leva-500-mil-pessoas-para-bloco-no-rio-de-janeiro\/","title":{"rendered":"Preta Gil leva 500 mil pessoas para bloco no Rio de Janeiro"},"content":{"rendered":"<p>Preta Gil arrastou mais de meio milh\u00e3o de pessoas em mais um Carnaval com seu Bloco da Preta pelas ruas do Rio de Janeiro\u00a0neste domingo (04). A cantora reuniu um time de peso de famosos em um hotel no Centro antes da concentra\u00e7\u00e3o, como j\u00e1 \u00e9 tradi\u00e7\u00e3o, e chegou em seu trio \u00e0s 9h30.<\/p>\n<p>A tradicional corte do Bloco da Preta foi formada por Carolina Dieckmann como madrinha do bloco, a nora Laura foi Madrinha de Bateria, acompanhada pelos musos David Brazil, Fernando Torquatto e Thiago Fortes, e as musas Fernanda Paes Leme, Let\u00edcia Lima e Giovanna Lancelloti, al\u00e9m da Musa do Kiu, Thaynara OG, o Muso do Close Certo, Andr\u00e9 Nicolau, e do Rei Momo, Gominho.<\/p>\n<p>Al\u00e9m dos seus fi\u00e9is musos e musas, Preta teve em seu famoso bloco a participa\u00e7\u00e3o especial de Pabllo Vittar, que integrou a c\u00f4rte e cantou os sucessos \u201cK.O.\u201d, \u201cCorpo Sensual\u201d e \u201cDecote\u201d, em dueto com a anfitri\u00e3. Al\u00e9m de hits pr\u00f3prios como \u201cSinais de Fogo\u201d, \u201cStereo\u201d, \u201cEu quero e Voc\u00ea Quer\u201d, \u201cV\u00e1 Se Benzer\u201d e \u201cCheia de Desejo\u201d, Preta Gil levou a multid\u00e3o \u00e0 loucura com os maiores sucessos da m\u00fasica brasileira, marchinhas de Carnaval celebrando a diversidade com o tema \u201cTodas as Cores do Rio\u201d!<\/p>\n<p><img loading=\"lazy\" decoding=\"async\" class=\"aligncenter size-large wp-image-14444\" src=\"https:\/\/blogs.correio24h.com.br\/mesalte\/wp-content\/uploads\/2018\/02\/51T1377-1024x683.jpeg\" alt=\"51T1377\" width=\"1024\" height=\"683\" srcset=\"https:\/\/blogs.correio24h.com.br\/mesalte\/wp-content\/uploads\/2018\/02\/51T1377-1024x683.jpeg 1024w, https:\/\/blogs.correio24h.com.br\/mesalte\/wp-content\/uploads\/2018\/02\/51T1377-300x200.jpeg 300w, https:\/\/blogs.correio24h.com.br\/mesalte\/wp-content\/uploads\/2018\/02\/51T1377-768x512.jpeg 768w, https:\/\/blogs.correio24h.com.br\/mesalte\/wp-content\/uploads\/2018\/02\/51T1377-219x146.jpeg 219w, https:\/\/blogs.correio24h.com.br\/mesalte\/wp-content\/uploads\/2018\/02\/51T1377-50x33.jpeg 50w, https:\/\/blogs.correio24h.com.br\/mesalte\/wp-content\/uploads\/2018\/02\/51T1377-113x75.jpeg 113w\" sizes=\"auto, (max-width: 1024px) 100vw, 1024px\" \/><br \/>\nO tradicional Bloco da Preta come\u00e7ou a sua concentra\u00e7\u00e3o \u00e0s 9h na Rua Primeiro de Mar\u00e7o, centro do Rio. A agenda de Preta est\u00e1 bem cheia no carnaval: a cantora assume o comando do Camarote 2222, um dos principais do carnaval de Salvador, onde tamb\u00e9m se apresenta com o Bloco da Preta 2222 no dia 10; no Rio, o Baile do Bloco da Preta acontece no dia 11 com as participa\u00e7\u00f5es de Pabllo Vittar e Jojo Todynho. Preta ainda far\u00e1 participa\u00e7\u00f5es em diferentes camarotes no samb\u00f3dromo carioca e na Feijoada da Preta, festa fechada que ocorre no dia 17.<\/p>\n","protected":false},"excerpt":{"rendered":"<p>Preta Gil arrastou mais de meio milh\u00e3o de pessoas em mais um Carnaval com seu Bloco da Preta pelas ruas do Rio de Janeiro\u00a0neste domingo (04). [&hellip;]<\/p>\n","protected":false},"author":1,"featured_media":14442,"comment_status":"open","ping_status":"open","sticky":false,"template":"","format":"image","meta":{"footnotes":""},"categories":[28,80],"tags":[],"class_list":["post-14441","post","type-post","status-publish","format-image","has-post-thumbnail","hentry","category-farofa-digital","category-home","post_format-post-format-image"],"_links":{"self":[{"href":"https:\/\/blogs.correio24horas.com.br\/mesalte\/wp-json\/wp\/v2\/posts\/14441","targetHints":{"allow":["GET"]}}],"collection":[{"href":"https:\/\/blogs.correio24horas.com.br\/mesalte\/wp-json\/wp\/v2\/posts"}],"about":[{"href":"https:\/\/blogs.correio24horas.com.br\/mesalte\/wp-json\/wp\/v2\/types\/post"}],"author":[{"embeddable":true,"href":"https:\/\/blogs.correio24horas.com.br\/mesalte\/wp-json\/wp\/v2\/users\/1"}],"replies":[{"embeddable":true,"href":"https:\/\/blogs.correio24horas.com.br\/mesalte\/wp-json\/wp\/v2\/comments?post=14441"}],"version-history":[{"count":2,"href":"https:\/\/blogs.correio24horas.com.br\/mesalte\/wp-json\/wp\/v2\/posts\/14441\/revisions"}],"predecessor-version":[{"id":14446,"href":"https:\/\/blogs.correio24horas.com.br\/mesalte\/wp-json\/wp\/v2\/posts\/14441\/revisions\/14446"}],"wp:featuredmedia":[{"embeddable":true,"href":"https:\/\/blogs.correio24horas.com.br\/mesalte\/wp-json\/wp\/v2\/media\/14442"}],"wp:attachment":[{"href":"https:\/\/blogs.correio24horas.com.br\/mesalte\/wp-json\/wp\/v2\/media?parent=14441"}],"wp:term":[{"taxonomy":"category","embeddable":true,"href":"https:\/\/blogs.correio24horas.com.br\/mesalte\/wp-json\/wp\/v2\/categories?post=14441"},{"taxonomy":"post_tag","embeddable":true,"href":"https:\/\/blogs.correio24horas.com.br\/mesalte\/wp-json\/wp\/v2\/tags?post=14441"}],"curies":[{"name":"wp","href":"https:\/\/api.w.org\/{rel}","templated":true}]}}