{"id":14422,"date":"2018-02-01T08:19:21","date_gmt":"2018-02-01T11:19:21","guid":{"rendered":"http:\/\/blogs.correio24horas.com.br\/mesalte\/?p=14422"},"modified":"2018-02-01T08:35:24","modified_gmt":"2018-02-01T11:35:24","slug":"estudante-de-educacao-fisica-e-eleito-mister-verao-2018","status":"publish","type":"post","link":"https:\/\/blogs.correio24horas.com.br\/mesalte\/estudante-de-educacao-fisica-e-eleito-mister-verao-2018\/","title":{"rendered":"Estudante de Educa\u00e7\u00e3o F\u00edsica\u00a0\u00e9 eleito Mister Ver\u00e3o 2018"},"content":{"rendered":"<p>Morador de Sim\u00f5es Filho, o estudante de Educa\u00e7\u00e3o F\u00edsica Boanerges Almeida, 23 anos, foi eleito o Mister Ver\u00e3o 2018. A elei\u00e7\u00e3o aconteceu no \u00faltimo domingo (28) no Teatro do Irdeb na Federa\u00e7\u00e3o.\u00a0\u00a0\u201cEstou muito feliz por ter ganhado esse t\u00edtulo, pra mim que sou modelo ser\u00e1 de muita ajuda na minha carreira\u201d, diz Boanerges que tamb\u00e9m \u00e9 professor de dan\u00e7a.<\/p>\n<p>O concurso \u00e9 uma\u00a0realiza\u00e7\u00e3o da Xtreme Model e Jomar Sousa Produ\u00e7\u00f5es e Eventos.\u00a0Sob o comando de Bagageryer Spilberg o concurso teve 12 candidatos. A escolha dos vencedores foi feita pelos jurados: o presidente do Sindicato dos Artistas e T\u00e9cnicos, Fernando Marinho, a atriz Scher Marie Mercury, o estilista Jorge Andrade, o booker H\u00e9rio Menezes e o dj e promoter Heackel Ribeiro.<\/p>\n<p><img loading=\"lazy\" decoding=\"async\" class=\"aligncenter size-large wp-image-14423\" src=\"https:\/\/blogs.correio24h.com.br\/mesalte\/wp-content\/uploads\/2018\/02\/mister2-1024x614.jpg\" alt=\"mister ver\u00e3o\" width=\"1024\" height=\"614\" srcset=\"https:\/\/blogs.correio24h.com.br\/mesalte\/wp-content\/uploads\/2018\/02\/mister2-1024x614.jpg 1024w, https:\/\/blogs.correio24h.com.br\/mesalte\/wp-content\/uploads\/2018\/02\/mister2-300x180.jpg 300w, https:\/\/blogs.correio24h.com.br\/mesalte\/wp-content\/uploads\/2018\/02\/mister2-768x460.jpg 768w, https:\/\/blogs.correio24h.com.br\/mesalte\/wp-content\/uploads\/2018\/02\/mister2-244x146.jpg 244w, https:\/\/blogs.correio24h.com.br\/mesalte\/wp-content\/uploads\/2018\/02\/mister2-50x30.jpg 50w, https:\/\/blogs.correio24h.com.br\/mesalte\/wp-content\/uploads\/2018\/02\/mister2-125x75.jpg 125w, https:\/\/blogs.correio24h.com.br\/mesalte\/wp-content\/uploads\/2018\/02\/mister2.jpg 1280w\" sizes=\"auto, (max-width: 1024px) 100vw, 1024px\" \/><\/p>\n<p>O segundo lugar ficou o modelo Pablo Augusto, 18, que perdeu por somente um voto de diferen\u00e7a. Ele estuda Gest\u00e3o Administrativa e Design e mora em Salvador.\u00a0 \u201cCheguei bem perto de ganhar o concurso, o que n\u00e3o ir\u00e1 tirar a minha vontade de ser o Mister Ver\u00e3o, ano que vem estou de volta, acho que um pouco de nervosismo me atrapalhou, mas \u00e9 normal pois \u00e9 o meu primeiro concurso de muitos.\u201d Afirma Pablo.\u00a0O Mister Pe\u00e3o da Vaquejada que ficou em terceiro lugar.\u00a0 Marlon Santos tem 21 anos e \u00e9 estudante de Educa\u00e7\u00e3o F\u00edsica.<\/p>\n<p>O concurso teve ainda desfile exclusivo da grife Suzy Cardoso, que mostrou os looks do ver\u00e3o na sua cole\u00e7\u00e3o masculina e feminina , apoio da GRV Modas, Empres\u00e1rio Dan\u00fabio Trindade, Sungas da Karmo e Kolpe, Estilista Jorge Andrade.<\/p>\n","protected":false},"excerpt":{"rendered":"<p>Morador de Sim\u00f5es Filho, o estudante de Educa\u00e7\u00e3o F\u00edsica Boanerges Almeida, 23 anos, foi eleito o Mister Ver\u00e3o 2018. A elei\u00e7\u00e3o aconteceu no \u00faltimo domingo (28) [&hellip;]<\/p>\n","protected":false},"author":1,"featured_media":14424,"comment_status":"open","ping_status":"open","sticky":false,"template":"","format":"image","meta":{"footnotes":""},"categories":[80,27],"tags":[873],"class_list":["post-14422","post","type-post","status-publish","format-image","has-post-thumbnail","hentry","category-home","category-me-abano","tag-mister-verao","post_format-post-format-image"],"_links":{"self":[{"href":"https:\/\/blogs.correio24horas.com.br\/mesalte\/wp-json\/wp\/v2\/posts\/14422","targetHints":{"allow":["GET"]}}],"collection":[{"href":"https:\/\/blogs.correio24horas.com.br\/mesalte\/wp-json\/wp\/v2\/posts"}],"about":[{"href":"https:\/\/blogs.correio24horas.com.br\/mesalte\/wp-json\/wp\/v2\/types\/post"}],"author":[{"embeddable":true,"href":"https:\/\/blogs.correio24horas.com.br\/mesalte\/wp-json\/wp\/v2\/users\/1"}],"replies":[{"embeddable":true,"href":"https:\/\/blogs.correio24horas.com.br\/mesalte\/wp-json\/wp\/v2\/comments?post=14422"}],"version-history":[{"count":1,"href":"https:\/\/blogs.correio24horas.com.br\/mesalte\/wp-json\/wp\/v2\/posts\/14422\/revisions"}],"predecessor-version":[{"id":14425,"href":"https:\/\/blogs.correio24horas.com.br\/mesalte\/wp-json\/wp\/v2\/posts\/14422\/revisions\/14425"}],"wp:featuredmedia":[{"embeddable":true,"href":"https:\/\/blogs.correio24horas.com.br\/mesalte\/wp-json\/wp\/v2\/media\/14424"}],"wp:attachment":[{"href":"https:\/\/blogs.correio24horas.com.br\/mesalte\/wp-json\/wp\/v2\/media?parent=14422"}],"wp:term":[{"taxonomy":"category","embeddable":true,"href":"https:\/\/blogs.correio24horas.com.br\/mesalte\/wp-json\/wp\/v2\/categories?post=14422"},{"taxonomy":"post_tag","embeddable":true,"href":"https:\/\/blogs.correio24horas.com.br\/mesalte\/wp-json\/wp\/v2\/tags?post=14422"}],"curies":[{"name":"wp","href":"https:\/\/api.w.org\/{rel}","templated":true}]}}