{"id":14413,"date":"2018-01-31T18:29:58","date_gmt":"2018-01-31T21:29:58","guid":{"rendered":"http:\/\/blogs.correio24horas.com.br\/mesalte\/?p=14413"},"modified":"2018-01-31T19:05:38","modified_gmt":"2018-01-31T22:05:38","slug":"pabllo-vittar-tera-trio-no-carnaval-de-salvador","status":"publish","type":"post","link":"https:\/\/blogs.correio24horas.com.br\/mesalte\/pabllo-vittar-tera-trio-no-carnaval-de-salvador\/","title":{"rendered":"Pabllo Vittar ter\u00e1 trio no Carnaval de Salvador"},"content":{"rendered":"<p>O \u00faltimo dia de Carnaval vai fechar com chave colorida. A drag queen Pabllo Vittar ter\u00e1 um trio que desfilar\u00e1 na ter\u00e7a-feira (13) em Salvador. A informa\u00e7\u00e3o foi divulgada no Instagram do prefeito ACM Neto que publicou no seu storie um v\u00eddeo da maranhense nesta quarta-feira (31) : \u201cNetinho meu amor, aqui \u00e9 Pabllo Vittar, quero te agradecer o carinho que voc\u00ea est\u00e1 tendo comigo e com meu bloco em salvador. Dia 13 quero te ver l\u00e1 pra gente arrasar muito\u201d, disse Vittar que foi uma das atra\u00e7\u00f5es do Festival da Virada Salvador.<\/p>\n<p>Ainda n\u00e3o h\u00e1 informa\u00e7\u00f5es oficiais sobre o circuito nem o hor\u00e1rio. O Me Salte apurou que deve ser no circuito Barra-Ondina e sem cordas (de gra\u00e7a). A programa\u00e7\u00e3o oficial ser\u00e1 divulgada nesta quinta (01). Essa n\u00e3o ser\u00e1 a \u00fanica apresenta\u00e7\u00e3o da Vittar neste Carnaval em Salvador. Ela tocar\u00e1 s\u00f3 para convidados na quinta-feira de folia no camarote Expresso 2222. Na sexta de Carnaval ela tamb\u00e9m toca na boate que ser\u00e1 montada no mesmo camarote.<\/p>\n<p>S\u00f3 lembrando: Vittar \u00e9 a grande diva LGBTQIA do momento. Um dos seus muitos hinos \u00e9 K.O><br \/>\n<iframe loading=\"lazy\" width=\"560\" height=\"315\" src=\"https:\/\/www.youtube.com\/embed\/3L5D8by1AtI\" frameborder=\"0\" allow=\"autoplay; encrypted-media\" allowfullscreen><\/iframe><\/p>\n","protected":false},"excerpt":{"rendered":"<p>O \u00faltimo dia de Carnaval vai fechar com chave colorida. A drag queen Pabllo Vittar ter\u00e1 um trio que desfilar\u00e1 na ter\u00e7a-feira (13) em Salvador. A [&hellip;]<\/p>\n","protected":false},"author":1,"featured_media":13908,"comment_status":"open","ping_status":"open","sticky":false,"template":"","format":"image","meta":{"footnotes":""},"categories":[80,16],"tags":[],"class_list":["post-14413","post","type-post","status-publish","format-image","has-post-thumbnail","hentry","category-home","category-me-jogo","post_format-post-format-image"],"_links":{"self":[{"href":"https:\/\/blogs.correio24horas.com.br\/mesalte\/wp-json\/wp\/v2\/posts\/14413","targetHints":{"allow":["GET"]}}],"collection":[{"href":"https:\/\/blogs.correio24horas.com.br\/mesalte\/wp-json\/wp\/v2\/posts"}],"about":[{"href":"https:\/\/blogs.correio24horas.com.br\/mesalte\/wp-json\/wp\/v2\/types\/post"}],"author":[{"embeddable":true,"href":"https:\/\/blogs.correio24horas.com.br\/mesalte\/wp-json\/wp\/v2\/users\/1"}],"replies":[{"embeddable":true,"href":"https:\/\/blogs.correio24horas.com.br\/mesalte\/wp-json\/wp\/v2\/comments?post=14413"}],"version-history":[{"count":7,"href":"https:\/\/blogs.correio24horas.com.br\/mesalte\/wp-json\/wp\/v2\/posts\/14413\/revisions"}],"predecessor-version":[{"id":14421,"href":"https:\/\/blogs.correio24horas.com.br\/mesalte\/wp-json\/wp\/v2\/posts\/14413\/revisions\/14421"}],"wp:featuredmedia":[{"embeddable":true,"href":"https:\/\/blogs.correio24horas.com.br\/mesalte\/wp-json\/wp\/v2\/media\/13908"}],"wp:attachment":[{"href":"https:\/\/blogs.correio24horas.com.br\/mesalte\/wp-json\/wp\/v2\/media?parent=14413"}],"wp:term":[{"taxonomy":"category","embeddable":true,"href":"https:\/\/blogs.correio24horas.com.br\/mesalte\/wp-json\/wp\/v2\/categories?post=14413"},{"taxonomy":"post_tag","embeddable":true,"href":"https:\/\/blogs.correio24horas.com.br\/mesalte\/wp-json\/wp\/v2\/tags?post=14413"}],"curies":[{"name":"wp","href":"https:\/\/api.w.org\/{rel}","templated":true}]}}