{"id":14244,"date":"2018-01-24T16:39:53","date_gmt":"2018-01-24T19:39:53","guid":{"rendered":"http:\/\/blogs.correio24horas.com.br\/mesalte\/?p=14244"},"modified":"2018-01-24T16:39:53","modified_gmt":"2018-01-24T19:39:53","slug":"fantasias-de-blocos-com-claudia-leitte-terao-abadas-com-shorts","status":"publish","type":"post","link":"https:\/\/blogs.correio24horas.com.br\/mesalte\/fantasias-de-blocos-com-claudia-leitte-terao-abadas-com-shorts\/","title":{"rendered":"Fantasias de blocos com Claudia Leitte ter\u00e3o abad\u00e1s com shorts"},"content":{"rendered":"<p>Sabe aquela d\u00favida de qual bermuda usar para combinar com a camisa do bloco? Pensando nisso os blocos comandados por Claudia Leitte &#8211; Blow Out e Largadinho &#8211; ter\u00e3o a fantasia completa. Isso mesmo: vai ter short na composi\u00e7\u00e3o do look.<\/p>\n<p>Ideia de Claudia Leitte, o &#8220;Col\u00e9&#8221; &#8211; como \u00e9 chamado a esp\u00e9cie de colete usada na parte de cima &#8211; foi a novidade apresentada pela cantora em 2017, quando ela lan\u00e7ou o bloco Blow Out, em parceria com o Grupo San Sebastian. Na \u00e9poca, o bloco Largadinho tamb\u00e9m entrou na onda e investiu na fantasia especial.<\/p>\n<p>Enquanto alguns blocos e artistas reclamam da crise, esse ano, as fantasias de Claudia Leitte, desenvolvidas pelo artista Pedrinho da Rocha, ganham ainda os shorts, imitando fardas de esportes coletivos, como basquete, dentro do tema &#8220;Times&#8221;. Em agosto,<a href=\"https:\/\/blogs.correio24horas.com.br\/mesalte\/exclusivo-temas-de-blocos-de-claudia-leitte-para-o-carnaval-2018-serao-futebol-americano-e-basquete\/\" target=\"_blank\"> o Me Salte antecipou que esse seria o tema do bloco<\/a>.<\/p>\n<p>&#8220;Ningu\u00e9m faz nada sozinho e somos um time. Chegamos para esse Carnaval com um grande time de artistas parceiros, como Alinne Rosa, Claudinha e Daniela Mercury. N\u00e3o chegamos s\u00f3&#8221;, explica o empres\u00e1rio Andr\u00e9 Gagliano, da San Sebastian.<\/p>\n","protected":false},"excerpt":{"rendered":"<p>Sabe aquela d\u00favida de qual bermuda usar para combinar com a camisa do bloco? Pensando nisso os blocos comandados por Claudia Leitte &#8211; Blow Out e [&hellip;]<\/p>\n","protected":false},"author":1,"featured_media":14245,"comment_status":"open","ping_status":"open","sticky":false,"template":"","format":"image","meta":{"footnotes":""},"categories":[80,16],"tags":[],"class_list":["post-14244","post","type-post","status-publish","format-image","has-post-thumbnail","hentry","category-home","category-me-jogo","post_format-post-format-image"],"_links":{"self":[{"href":"https:\/\/blogs.correio24horas.com.br\/mesalte\/wp-json\/wp\/v2\/posts\/14244","targetHints":{"allow":["GET"]}}],"collection":[{"href":"https:\/\/blogs.correio24horas.com.br\/mesalte\/wp-json\/wp\/v2\/posts"}],"about":[{"href":"https:\/\/blogs.correio24horas.com.br\/mesalte\/wp-json\/wp\/v2\/types\/post"}],"author":[{"embeddable":true,"href":"https:\/\/blogs.correio24horas.com.br\/mesalte\/wp-json\/wp\/v2\/users\/1"}],"replies":[{"embeddable":true,"href":"https:\/\/blogs.correio24horas.com.br\/mesalte\/wp-json\/wp\/v2\/comments?post=14244"}],"version-history":[{"count":1,"href":"https:\/\/blogs.correio24horas.com.br\/mesalte\/wp-json\/wp\/v2\/posts\/14244\/revisions"}],"predecessor-version":[{"id":14246,"href":"https:\/\/blogs.correio24horas.com.br\/mesalte\/wp-json\/wp\/v2\/posts\/14244\/revisions\/14246"}],"wp:featuredmedia":[{"embeddable":true,"href":"https:\/\/blogs.correio24horas.com.br\/mesalte\/wp-json\/wp\/v2\/media\/14245"}],"wp:attachment":[{"href":"https:\/\/blogs.correio24horas.com.br\/mesalte\/wp-json\/wp\/v2\/media?parent=14244"}],"wp:term":[{"taxonomy":"category","embeddable":true,"href":"https:\/\/blogs.correio24horas.com.br\/mesalte\/wp-json\/wp\/v2\/categories?post=14244"},{"taxonomy":"post_tag","embeddable":true,"href":"https:\/\/blogs.correio24horas.com.br\/mesalte\/wp-json\/wp\/v2\/tags?post=14244"}],"curies":[{"name":"wp","href":"https:\/\/api.w.org\/{rel}","templated":true}]}}