{"id":14239,"date":"2018-01-24T16:28:35","date_gmt":"2018-01-24T19:28:35","guid":{"rendered":"http:\/\/blogs.correio24horas.com.br\/mesalte\/?p=14239"},"modified":"2018-01-25T16:38:33","modified_gmt":"2018-01-25T19:38:33","slug":"seminario-discute-saude-para-populacao-trans-e-travesti","status":"publish","type":"post","link":"https:\/\/blogs.correio24horas.com.br\/mesalte\/seminario-discute-saude-para-populacao-trans-e-travesti\/","title":{"rendered":"Semin\u00e1rio discute sa\u00fade para popula\u00e7\u00e3o trans e travesti"},"content":{"rendered":"<p>Aten\u00e7\u00e3o \u00e0 sa\u00fade das pessoas trans e travestis: acesso e cuidados espec\u00edficos na aten\u00e7\u00e3o primeira \u00e0 sa\u00fade. Esse \u00e9 o tema de semin\u00e1rio que acontece em Salvador nesta quinta-feira (25) para falar sobre a sa\u00fade desta popula\u00e7\u00e3o dentro das\u00a0comemora\u00e7\u00f5es do ao Dia Nacional da Visibilidade Trans, celebrado no dia 29 de janeiro.<\/p>\n<p>Promovido pelas\u00a0Diretoria de Aten\u00e7\u00e3o \u00e0 Sa\u00fade (DAS) e as Coordenadorias da Aten\u00e7\u00e3o Prim\u00e1ria \u00e0 Sa\u00fade e Aten\u00e7\u00e3o Especializada, o semin\u00e1rio acontecer\u00e1 das 8h \u00e0s 17h\u00a0\u00a0 no Centro Universit\u00e1rio Est\u00e1cio da Bahia \u2013 Campus Gilberto Gil, localizado no bairro do Stiep. <a href=\"https:\/\/docs.google.com\/forms\/d\/e\/1FAIpQLSeJRbKMW2hHINdtPDsrVZUwaC6xmIsFmRbx-yJwCqJTOxR2rw\/viewform?c=0&amp;w=1\" target=\"_blank\">As inscri\u00e7\u00f5es podem ser feitas pela internet.\u00a0<\/a><\/p>\n<div>O evento tem como objetivo dar visibilidade \u00e0s demandas de sa\u00fade das pessoas trans no munic\u00edpio do Salvador,\u00a0auxiliar na capacita\u00e7\u00e3o de\u00a0profissionais de sa\u00fade que atuam nas unidades b\u00e1sicas, N\u00facleos de Apoio \u00e0 Sa\u00fade da Fam\u00edlia (NASF) e na aten\u00e7\u00e3o especializada para o atendimento humanizado e qualificado das pessoas trans e travestis.<\/div>\n<div><\/div>\n<div>Confira a programa\u00e7\u00e3o:<\/div>\n<div><\/div>\n<div><img loading=\"lazy\" decoding=\"async\" class=\"aligncenter size-full wp-image-14240\" src=\"https:\/\/blogs.correio24h.com.br\/mesalte\/wp-content\/uploads\/2018\/01\/PROGRAMA\u00c7\u00c3O.jpg\" alt=\"PROGRAMA\u00c7\u00c3O\" width=\"627\" height=\"900\" srcset=\"https:\/\/blogs.correio24h.com.br\/mesalte\/wp-content\/uploads\/2018\/01\/PROGRAMA\u00c7\u00c3O.jpg 627w, https:\/\/blogs.correio24h.com.br\/mesalte\/wp-content\/uploads\/2018\/01\/PROGRAMA\u00c7\u00c3O-209x300.jpg 209w, https:\/\/blogs.correio24h.com.br\/mesalte\/wp-content\/uploads\/2018\/01\/PROGRAMA\u00c7\u00c3O-102x146.jpg 102w, https:\/\/blogs.correio24h.com.br\/mesalte\/wp-content\/uploads\/2018\/01\/PROGRAMA\u00c7\u00c3O-35x50.jpg 35w, https:\/\/blogs.correio24h.com.br\/mesalte\/wp-content\/uploads\/2018\/01\/PROGRAMA\u00c7\u00c3O-52x75.jpg 52w\" sizes=\"auto, (max-width: 627px) 100vw, 627px\" \/><\/div>\n<p>&nbsp;<\/p>\n","protected":false},"excerpt":{"rendered":"<p>Aten\u00e7\u00e3o \u00e0 sa\u00fade das pessoas trans e travestis: acesso e cuidados espec\u00edficos na aten\u00e7\u00e3o primeira \u00e0 sa\u00fade. Esse \u00e9 o tema de semin\u00e1rio que acontece em [&hellip;]<\/p>\n","protected":false},"author":1,"featured_media":0,"comment_status":"open","ping_status":"open","sticky":false,"template":"","format":"image","meta":{"footnotes":""},"categories":[24],"tags":[],"class_list":["post-14239","post","type-post","status-publish","format-image","hentry","category-me-cuido","post_format-post-format-image"],"_links":{"self":[{"href":"https:\/\/blogs.correio24horas.com.br\/mesalte\/wp-json\/wp\/v2\/posts\/14239","targetHints":{"allow":["GET"]}}],"collection":[{"href":"https:\/\/blogs.correio24horas.com.br\/mesalte\/wp-json\/wp\/v2\/posts"}],"about":[{"href":"https:\/\/blogs.correio24horas.com.br\/mesalte\/wp-json\/wp\/v2\/types\/post"}],"author":[{"embeddable":true,"href":"https:\/\/blogs.correio24horas.com.br\/mesalte\/wp-json\/wp\/v2\/users\/1"}],"replies":[{"embeddable":true,"href":"https:\/\/blogs.correio24horas.com.br\/mesalte\/wp-json\/wp\/v2\/comments?post=14239"}],"version-history":[{"count":1,"href":"https:\/\/blogs.correio24horas.com.br\/mesalte\/wp-json\/wp\/v2\/posts\/14239\/revisions"}],"predecessor-version":[{"id":14241,"href":"https:\/\/blogs.correio24horas.com.br\/mesalte\/wp-json\/wp\/v2\/posts\/14239\/revisions\/14241"}],"wp:attachment":[{"href":"https:\/\/blogs.correio24horas.com.br\/mesalte\/wp-json\/wp\/v2\/media?parent=14239"}],"wp:term":[{"taxonomy":"category","embeddable":true,"href":"https:\/\/blogs.correio24horas.com.br\/mesalte\/wp-json\/wp\/v2\/categories?post=14239"},{"taxonomy":"post_tag","embeddable":true,"href":"https:\/\/blogs.correio24horas.com.br\/mesalte\/wp-json\/wp\/v2\/tags?post=14239"}],"curies":[{"name":"wp","href":"https:\/\/api.w.org\/{rel}","templated":true}]}}