{"id":14210,"date":"2018-01-20T11:08:21","date_gmt":"2018-01-20T14:08:21","guid":{"rendered":"http:\/\/blogs.correio24horas.com.br\/mesalte\/?p=14210"},"modified":"2018-01-20T12:43:26","modified_gmt":"2018-01-20T15:43:26","slug":"liniker-e-sandra-de-sa-serao-atracoes-do-bloco-os-mascarados","status":"publish","type":"post","link":"https:\/\/blogs.correio24horas.com.br\/mesalte\/liniker-e-sandra-de-sa-serao-atracoes-do-bloco-os-mascarados\/","title":{"rendered":"Cantoras Liniker e Sandra de S\u00e1 ser\u00e3o atra\u00e7\u00f5es do bloco Os Mascarados"},"content":{"rendered":"<p>Vai ter encontro de gera\u00e7\u00f5es babadeira no bloco Os Mascarados no Carnaval 2018. No desfile que comemorar\u00e1 os 19 anos do bloco as cantoras Liniker e Sandra de S\u00e1 ser\u00e3o as atra\u00e7\u00f5es do desfile que ocorrer\u00e1 na quinta-feira de carnaval, no dia 8 de fevereiro, no Circuito Dod\u00f4 (Barra-Ondina). Ainda n\u00e3o foram divulgados os nomes do rei e da rainha.<\/p>\n<p>SERVI\u00c7O | Bloco \u2018Os Mascarados\u2019<\/p>\n<p>Data: 9 de fevereiro (quinta-feira)<\/p>\n<p>Local: Circuito Dod\u00f4 (Barra-Ondinha)<\/p>\n<p>Hor\u00e1rio: 22 horas<\/p>\n<p>Atra\u00e7\u00f5es: Liniker e Sandra de S\u00e1<\/p>\n","protected":false},"excerpt":{"rendered":"<p>Vai ter encontro de gera\u00e7\u00f5es babadeira no bloco Os Mascarados no Carnaval 2018. No desfile que comemorar\u00e1 os 19 anos do bloco as cantoras Liniker e [&hellip;]<\/p>\n","protected":false},"author":1,"featured_media":0,"comment_status":"open","ping_status":"open","sticky":false,"template":"","format":"image","meta":{"footnotes":""},"categories":[80,16],"tags":[],"class_list":["post-14210","post","type-post","status-publish","format-image","hentry","category-home","category-me-jogo","post_format-post-format-image"],"_links":{"self":[{"href":"https:\/\/blogs.correio24horas.com.br\/mesalte\/wp-json\/wp\/v2\/posts\/14210","targetHints":{"allow":["GET"]}}],"collection":[{"href":"https:\/\/blogs.correio24horas.com.br\/mesalte\/wp-json\/wp\/v2\/posts"}],"about":[{"href":"https:\/\/blogs.correio24horas.com.br\/mesalte\/wp-json\/wp\/v2\/types\/post"}],"author":[{"embeddable":true,"href":"https:\/\/blogs.correio24horas.com.br\/mesalte\/wp-json\/wp\/v2\/users\/1"}],"replies":[{"embeddable":true,"href":"https:\/\/blogs.correio24horas.com.br\/mesalte\/wp-json\/wp\/v2\/comments?post=14210"}],"version-history":[{"count":4,"href":"https:\/\/blogs.correio24horas.com.br\/mesalte\/wp-json\/wp\/v2\/posts\/14210\/revisions"}],"predecessor-version":[{"id":14215,"href":"https:\/\/blogs.correio24horas.com.br\/mesalte\/wp-json\/wp\/v2\/posts\/14210\/revisions\/14215"}],"wp:attachment":[{"href":"https:\/\/blogs.correio24horas.com.br\/mesalte\/wp-json\/wp\/v2\/media?parent=14210"}],"wp:term":[{"taxonomy":"category","embeddable":true,"href":"https:\/\/blogs.correio24horas.com.br\/mesalte\/wp-json\/wp\/v2\/categories?post=14210"},{"taxonomy":"post_tag","embeddable":true,"href":"https:\/\/blogs.correio24horas.com.br\/mesalte\/wp-json\/wp\/v2\/tags?post=14210"}],"curies":[{"name":"wp","href":"https:\/\/api.w.org\/{rel}","templated":true}]}}