{"id":14196,"date":"2018-01-18T17:30:41","date_gmt":"2018-01-18T20:30:41","guid":{"rendered":"http:\/\/blogs.correio24horas.com.br\/mesalte\/?p=14196"},"modified":"2018-02-01T09:58:33","modified_gmt":"2018-02-01T12:58:33","slug":"cus-promove-sarau-com-performances-no-bairro-do-dois-de-julho","status":"publish","type":"post","link":"https:\/\/blogs.correio24horas.com.br\/mesalte\/cus-promove-sarau-com-performances-no-bairro-do-dois-de-julho\/","title":{"rendered":"CUS promove sarau com performances no bairro do Dois de Julho\u00a0"},"content":{"rendered":"<p>Um sarau com a apresenta\u00e7\u00e3o de performances de diversas artistas da cena soteropolitana. Assim o grupo de pesquisa Cultura e Sexualidade\u00a0(CUS) ir\u00e1 lan\u00e7ar os DVDs da Mostra CUS 10 anos. O evento gratuito ser\u00e1 realizado no dia 30 de janeiro, \u00e0s\u00a019h, na CAS \u2013 Casa de Artes Sustent\u00e1veis, no bairro Dois de Julho\u00a0em\u00a0Salvador. J\u00e1 confirmaram presen\u00e7a nas performances Ferah Sunshine,\u00a0Frut\u00edfera Ilha, Kinn Spada, Rosa Morena, N\u00e1gila Goldstar, Vanusa\u00a0Alves e Sasha Heels.<\/p>\n<p>Os DVDs consistem na grava\u00e7\u00e3o dos talk shows com Linn da Quebrada,\u00a0Amara Moira, Viviane Vergueiro e outras artistas e ativistas que\u00a0participaram da Mostra CUS 10 anos, em maio passado. Os DVDs ser\u00e3o\u00a0distribu\u00eddos para bibliotecas p\u00fablicas e institui\u00e7\u00f5es que tenham\u00a0interesse em discutir os temas relacionados \u00e0 arte, g\u00eanero,\u00a0 sexualidade e direitos humanos.<\/p>\n<blockquote><p>\u201cRegistramos as falas desse evento\u00a0pioneiro em comemora\u00e7\u00e3o aos 10 anos do nosso grupo de pesquisa. Com\u00a0isso, os efeitos da Mostra e desses temas emergentes no Brasil poder\u00e3o\u00a0servir de inspira\u00e7\u00e3o para outros desdobramentos\u201d, afirma Tiago Sant&#8217;Ana, coordenador da Mostra CUS.<\/p><\/blockquote>\n<p>&nbsp;<\/p>\n<p>&nbsp;<\/p>\n<p><strong>Servi\u00e7o: <\/strong><br \/>\nO qu\u00ea: Sarau de lan\u00e7amento dos DVDs da Mostra CUS 10 anos<br \/>\nQuando: 30 de janeiro de 2018 (ter\u00e7a-feira) &#8211; 19h<br \/>\nOnde: CAS \u2013 Casa das Artes Sustent\u00e1veis \u2013 Rua Democrata, 21 \u2013 Dois de<br \/>\nJulho \u2013 Salvador (BA).<\/p>\n","protected":false},"excerpt":{"rendered":"<p>Um sarau com a apresenta\u00e7\u00e3o de performances de diversas artistas da cena soteropolitana. Assim o grupo de pesquisa Cultura e Sexualidade\u00a0(CUS) ir\u00e1 lan\u00e7ar os DVDs da [&hellip;]<\/p>\n","protected":false},"author":1,"featured_media":14198,"comment_status":"open","ping_status":"open","sticky":false,"template":"","format":"image","meta":{"footnotes":""},"categories":[80,16],"tags":[],"class_list":["post-14196","post","type-post","status-publish","format-image","has-post-thumbnail","hentry","category-home","category-me-jogo","post_format-post-format-image"],"_links":{"self":[{"href":"https:\/\/blogs.correio24horas.com.br\/mesalte\/wp-json\/wp\/v2\/posts\/14196","targetHints":{"allow":["GET"]}}],"collection":[{"href":"https:\/\/blogs.correio24horas.com.br\/mesalte\/wp-json\/wp\/v2\/posts"}],"about":[{"href":"https:\/\/blogs.correio24horas.com.br\/mesalte\/wp-json\/wp\/v2\/types\/post"}],"author":[{"embeddable":true,"href":"https:\/\/blogs.correio24horas.com.br\/mesalte\/wp-json\/wp\/v2\/users\/1"}],"replies":[{"embeddable":true,"href":"https:\/\/blogs.correio24horas.com.br\/mesalte\/wp-json\/wp\/v2\/comments?post=14196"}],"version-history":[{"count":2,"href":"https:\/\/blogs.correio24horas.com.br\/mesalte\/wp-json\/wp\/v2\/posts\/14196\/revisions"}],"predecessor-version":[{"id":14434,"href":"https:\/\/blogs.correio24horas.com.br\/mesalte\/wp-json\/wp\/v2\/posts\/14196\/revisions\/14434"}],"wp:featuredmedia":[{"embeddable":true,"href":"https:\/\/blogs.correio24horas.com.br\/mesalte\/wp-json\/wp\/v2\/media\/14198"}],"wp:attachment":[{"href":"https:\/\/blogs.correio24horas.com.br\/mesalte\/wp-json\/wp\/v2\/media?parent=14196"}],"wp:term":[{"taxonomy":"category","embeddable":true,"href":"https:\/\/blogs.correio24horas.com.br\/mesalte\/wp-json\/wp\/v2\/categories?post=14196"},{"taxonomy":"post_tag","embeddable":true,"href":"https:\/\/blogs.correio24horas.com.br\/mesalte\/wp-json\/wp\/v2\/tags?post=14196"}],"curies":[{"name":"wp","href":"https:\/\/api.w.org\/{rel}","templated":true}]}}