{"id":14173,"date":"2018-01-17T16:29:12","date_gmt":"2018-01-17T19:29:12","guid":{"rendered":"http:\/\/blogs.correio24horas.com.br\/mesalte\/?p=14173"},"modified":"2018-01-17T16:29:12","modified_gmt":"2018-01-17T19:29:12","slug":"rainha-loulou-faz-ensaios-de-verao-nas-sextas-de-janeiro","status":"publish","type":"post","link":"https:\/\/blogs.correio24horas.com.br\/mesalte\/rainha-loulou-faz-ensaios-de-verao-nas-sextas-de-janeiro\/","title":{"rendered":"Rainha Loulou faz ensaios de Ver\u00e3o nas sextas de janeiro"},"content":{"rendered":"<p>Nesta sexta-feira (19) acontecer\u00e1 a segunda edi\u00e7\u00e3o do projeto \u201cEnsaios de Ver\u00e3o da Rainha\u201d, no palco do Teatro Greg\u00f3rio de Mattos, no Centro de Salvador. No palco, um time de convidadas \u00e9 recebido pela anfitri\u00e3, Rainha Loulou a partir das 19h. A cada edi\u00e7\u00e3o\u00a0Loulou convida um diretor para dirigir o espet\u00e1culo.\u00a0 Essa semana, o diretor Marcelo Brito \u00e9 o convidado. Dentre as convidadas dessa semana est\u00e3o Aim\u00e9e Lumi\u00e9re, Gina d&#8217;Mascar e Valerie O&#8217;rarah.<\/p>\n<p><img loading=\"lazy\" decoding=\"async\" class=\"aligncenter size-full wp-image-14174\" src=\"https:\/\/blogs.correio24h.com.br\/mesalte\/wp-content\/uploads\/2018\/01\/loulou.jpg\" alt=\"loulou\" width=\"719\" height=\"905\" srcset=\"https:\/\/blogs.correio24h.com.br\/mesalte\/wp-content\/uploads\/2018\/01\/loulou.jpg 719w, https:\/\/blogs.correio24h.com.br\/mesalte\/wp-content\/uploads\/2018\/01\/loulou-238x300.jpg 238w, https:\/\/blogs.correio24h.com.br\/mesalte\/wp-content\/uploads\/2018\/01\/loulou-116x146.jpg 116w, https:\/\/blogs.correio24h.com.br\/mesalte\/wp-content\/uploads\/2018\/01\/loulou-40x50.jpg 40w, https:\/\/blogs.correio24h.com.br\/mesalte\/wp-content\/uploads\/2018\/01\/loulou-60x75.jpg 60w\" sizes=\"auto, (max-width: 719px) 100vw, 719px\" \/><\/p>\n<p>O evento come\u00e7a \u00e0s 19h, mas a partir de 18h30 j\u00e1 tem o bar funcionando com bebidas e petiscos. A \u00faltima edi\u00e7\u00e3o, do dia 26 de janeiro ser\u00e1 dirigida por Fernando Guerreiro.<\/p>\n<p><strong>Servi\u00e7o<\/strong><br \/>\nEnsaios de Ver\u00e3o da Rainha Loulou<br \/>\nTeatro Greg\u00f3rio de Mattos (Pra\u00e7a Castro Alves)<br \/>\nIngressos: R$ 20 e R$ 10(meia)<br \/>\nInforma\u00e7\u00f5es: 71 32027888<\/p>\n","protected":false},"excerpt":{"rendered":"<p>Nesta sexta-feira (19) acontecer\u00e1 a segunda edi\u00e7\u00e3o do projeto \u201cEnsaios de Ver\u00e3o da Rainha\u201d, no palco do Teatro Greg\u00f3rio de Mattos, no Centro de Salvador. No [&hellip;]<\/p>\n","protected":false},"author":1,"featured_media":0,"comment_status":"open","ping_status":"open","sticky":false,"template":"","format":"image","meta":{"footnotes":""},"categories":[80,16],"tags":[],"class_list":["post-14173","post","type-post","status-publish","format-image","hentry","category-home","category-me-jogo","post_format-post-format-image"],"_links":{"self":[{"href":"https:\/\/blogs.correio24horas.com.br\/mesalte\/wp-json\/wp\/v2\/posts\/14173","targetHints":{"allow":["GET"]}}],"collection":[{"href":"https:\/\/blogs.correio24horas.com.br\/mesalte\/wp-json\/wp\/v2\/posts"}],"about":[{"href":"https:\/\/blogs.correio24horas.com.br\/mesalte\/wp-json\/wp\/v2\/types\/post"}],"author":[{"embeddable":true,"href":"https:\/\/blogs.correio24horas.com.br\/mesalte\/wp-json\/wp\/v2\/users\/1"}],"replies":[{"embeddable":true,"href":"https:\/\/blogs.correio24horas.com.br\/mesalte\/wp-json\/wp\/v2\/comments?post=14173"}],"version-history":[{"count":1,"href":"https:\/\/blogs.correio24horas.com.br\/mesalte\/wp-json\/wp\/v2\/posts\/14173\/revisions"}],"predecessor-version":[{"id":14175,"href":"https:\/\/blogs.correio24horas.com.br\/mesalte\/wp-json\/wp\/v2\/posts\/14173\/revisions\/14175"}],"wp:attachment":[{"href":"https:\/\/blogs.correio24horas.com.br\/mesalte\/wp-json\/wp\/v2\/media?parent=14173"}],"wp:term":[{"taxonomy":"category","embeddable":true,"href":"https:\/\/blogs.correio24horas.com.br\/mesalte\/wp-json\/wp\/v2\/categories?post=14173"},{"taxonomy":"post_tag","embeddable":true,"href":"https:\/\/blogs.correio24horas.com.br\/mesalte\/wp-json\/wp\/v2\/tags?post=14173"}],"curies":[{"name":"wp","href":"https:\/\/api.w.org\/{rel}","templated":true}]}}