{"id":14171,"date":"2018-01-17T16:17:40","date_gmt":"2018-01-17T19:17:40","guid":{"rendered":"http:\/\/blogs.correio24horas.com.br\/mesalte\/?p=14171"},"modified":"2018-01-17T16:17:40","modified_gmt":"2018-01-17T19:17:40","slug":"visibilidade-trans-e-tema-de-audiencia-publica-em-lauro-de-freitas","status":"publish","type":"post","link":"https:\/\/blogs.correio24horas.com.br\/mesalte\/visibilidade-trans-e-tema-de-audiencia-publica-em-lauro-de-freitas\/","title":{"rendered":"Visibilidade trans \u00e9 tema de\u00a0audi\u00eancia p\u00fablica em Lauro de\u00a0Freitas"},"content":{"rendered":"<p>No pr\u00f3ximo dia 29 ser\u00e1 celebrado o dia nacional da\u00a0visibilidade de pessoas trans e\u00a0travestis . Para marcar a data\u00a0acontecer\u00e1 na C\u00e2mara Municipal\u00a0de Lauro de Freitas, das 8h \u00e0s\u00a012h, uma audi\u00eancia p\u00fablica com\u00a0o tema &#8216;Visibilidade Trans:\u00a0exist\u00eancia e resist\u00eancia\u00a0social&#8217;.\u00a0 A a\u00e7\u00e3o \u00e9 promovida pelo F\u00f3rum\u00a0de Pol\u00edticas P\u00fablicas para\u00a0Travestis e pessoas Trans. O\u00a0f\u00f3rum foi criado dentro das\u00a0comemora\u00e7\u00f5es do 10 anos do\u00a0F\u00f3rum LGBT Baiano.<\/p>\n<p>A proposta da audi\u00eacia \u00e9 debaterpol\u00edticas que possam construir pol\u00edticas para benef\u00edcio do pr\u00f3prio segmento, al\u00e9m de debater a transfobia em todo os 417 municipios da Bahia.<\/p>\n","protected":false},"excerpt":{"rendered":"<p>No pr\u00f3ximo dia 29 ser\u00e1 celebrado o dia nacional da\u00a0visibilidade de pessoas trans e\u00a0travestis . Para marcar a data\u00a0acontecer\u00e1 na C\u00e2mara Municipal\u00a0de Lauro de Freitas, das [&hellip;]<\/p>\n","protected":false},"author":1,"featured_media":6032,"comment_status":"open","ping_status":"open","sticky":false,"template":"","format":"image","meta":{"footnotes":""},"categories":[80,9],"tags":[],"class_list":["post-14171","post","type-post","status-publish","format-image","has-post-thumbnail","hentry","category-home","category-me-orgulho","post_format-post-format-image"],"_links":{"self":[{"href":"https:\/\/blogs.correio24horas.com.br\/mesalte\/wp-json\/wp\/v2\/posts\/14171","targetHints":{"allow":["GET"]}}],"collection":[{"href":"https:\/\/blogs.correio24horas.com.br\/mesalte\/wp-json\/wp\/v2\/posts"}],"about":[{"href":"https:\/\/blogs.correio24horas.com.br\/mesalte\/wp-json\/wp\/v2\/types\/post"}],"author":[{"embeddable":true,"href":"https:\/\/blogs.correio24horas.com.br\/mesalte\/wp-json\/wp\/v2\/users\/1"}],"replies":[{"embeddable":true,"href":"https:\/\/blogs.correio24horas.com.br\/mesalte\/wp-json\/wp\/v2\/comments?post=14171"}],"version-history":[{"count":1,"href":"https:\/\/blogs.correio24horas.com.br\/mesalte\/wp-json\/wp\/v2\/posts\/14171\/revisions"}],"predecessor-version":[{"id":14172,"href":"https:\/\/blogs.correio24horas.com.br\/mesalte\/wp-json\/wp\/v2\/posts\/14171\/revisions\/14172"}],"wp:featuredmedia":[{"embeddable":true,"href":"https:\/\/blogs.correio24horas.com.br\/mesalte\/wp-json\/wp\/v2\/media\/6032"}],"wp:attachment":[{"href":"https:\/\/blogs.correio24horas.com.br\/mesalte\/wp-json\/wp\/v2\/media?parent=14171"}],"wp:term":[{"taxonomy":"category","embeddable":true,"href":"https:\/\/blogs.correio24horas.com.br\/mesalte\/wp-json\/wp\/v2\/categories?post=14171"},{"taxonomy":"post_tag","embeddable":true,"href":"https:\/\/blogs.correio24horas.com.br\/mesalte\/wp-json\/wp\/v2\/tags?post=14171"}],"curies":[{"name":"wp","href":"https:\/\/api.w.org\/{rel}","templated":true}]}}