{"id":14150,"date":"2018-01-15T16:20:27","date_gmt":"2018-01-15T19:20:27","guid":{"rendered":"http:\/\/blogs.correio24horas.com.br\/mesalte\/?p=14150"},"modified":"2018-01-15T16:27:46","modified_gmt":"2018-01-15T19:27:46","slug":"pabllo-vittar-fara-show-em-camarote-de-preta-gil-no-carnaval-de-salvador-ingressos-custam-r-300","status":"publish","type":"post","link":"https:\/\/blogs.correio24horas.com.br\/mesalte\/pabllo-vittar-fara-show-em-camarote-de-preta-gil-no-carnaval-de-salvador-ingressos-custam-r-300\/","title":{"rendered":"Pabllo Vittar far\u00e1 show em camarote de Preta Gil no Carnaval de Salvador; ingressos custam R$ 300"},"content":{"rendered":"<p>Segura o lacre, viado! Vai ter Pabllo Vittar no Carnaval de Salvador. Na sexta-feira de folia, a queen ser\u00e1 a convidada de Preta Gil no Camarote Expresso 2222 que funcionar\u00e1 no Edif\u00edcio Oceania. No carnaval deste ano do Expresso 2222 ser\u00e1 comandado pela cantora Preta Gil. Neste primeiro ano \u00e0 frente do espa\u00e7o, a cantora quer manter o clima j\u00e1 conhecido, mas com uma pegada mais moderna. O camarote abrir\u00e1 na quinta-feira, exclusivamente para convidados, pela primeira vez<\/p>\n<p>Entre as novidades do camarote, est\u00e1 a venda de uma &#8220;pequena parte&#8221; das camisas dos camarotes &#8211; a partir de R$ 1, 2 mil. O combo para todos os dias da folia custa R$ 5,3 mil.<\/p>\n<p>Preta anunciou tamb\u00e9m a &#8216;Blacktape&#8217;, uma boate que funcionar\u00e1 no edif\u00edcio Oceania, independente do camarote. No espa\u00e7o, h\u00e1 uma programa\u00e7\u00e3o que vai de sexta (9) a ter\u00e7a (13), com abertura a cargo de Pabllo Vittar. Quem compra a camisa do camarote (R$ 1,2 mil) pode acessar a festa. Mas tamb\u00e9m ser\u00e1 poss\u00edvel comprar s\u00f3 o ingresso para a baote que custar\u00e1 R$ 300 e pode ser comprado separado.<\/p>\n<p>J\u00e1 s\u00e1bado \u00e0 noite ser\u00e1 da festa\u00a0Ch\u00e1\u00a0da Alice; no domingo a boate The Week (on the road) assume o comando; segunda-feira ser\u00e1 a noite da festa Wallpaper; e tudo acaba na ter\u00e7a-feira com a noite\u00a0Diversidade Baiana,\u00a0que mistura as badaladas Badau\u00ea, Back In Bahia e O Pente. Todos os dias, de sexta-feira a ter\u00e7a-feira de carnaval, das 22 h \u00e0s 6 h da manh\u00e3.<\/p>\n<p>Durante os seis dias da folia, o espa\u00e7o ser\u00e1 frequentado por mais de 5\u00a0mil pessoas e ter\u00e1 sua decora\u00e7\u00e3o, inspirada em seus vinte anos da hist\u00f3ria, a cargo de Sonja Lopes e N\u00fabia Caloula.\u00a0\u00a0Como a m\u00fasica n\u00e3o poderia faltar, a pista de dan\u00e7a ficar\u00e1 a cargo da DJ Ju de Paula e ainda haver\u00e1 um palco para pocket shows, que a qualquer momento poder\u00e1 receber uma \u201ccanja\u201d de Preta Gil e quem mais chegar.<\/p>\n<p>Mas o Carnaval de Preta Gil n\u00e3o para por ai. A cantora ter\u00e1 seu grande momento no carnaval baiano com o desfile do \u201cBloco da Preta 2222\u201d em pleno s\u00e1bado de carnaval (10), quando subir\u00e1 em seu trio el\u00e9trico, pela segunda vez nas ruas de Salvador, para a alegria do foli\u00e3o \u201cpipoca\u201d, em um desfile sem cordas no Circuito Barra-Ondina.<\/p>\n<p>&nbsp;<\/p>\n<p><strong>PROGRAMA\u00c7\u00c3O BLACKTAPE:<\/strong><\/p>\n<p><strong>Sexta-feira 09\/01<\/strong><br \/>\n<strong> Blacktape party com Pabllo Vittar, Dj Ju de Paulla<\/strong><\/p>\n<p>S\u00e1bado 10\/01<br \/>\nCh\u00e1 da Alice -Djs Babi, Ju de Paiva, Mendez<\/p>\n<p>Domingo 11\/01<br \/>\nThe Week (on the road): Djs Flavio Tuma, Tomer Maizner, Guerrero, Arthur Valleti.<\/p>\n<p>Segunda-feira 12\/01<br \/>\nFesta Wallpaper: Djs Gael, Leo Gatuso,Luan Poffo<\/p>\n<p>Ter\u00e7a-feira 13\/01<br \/>\nDiversidade Baiana: O Pente \u2013 Dj Raiz \/ Badau\u00ea \u2013 Marcelo Cravo e Ana Julieta \/ Back in Bahia \u2013 Ian Fraguas<\/p>\n<p><strong>Ingressos BLACKTAPE &#8211; ingressos a partir de R$ 300:<\/strong><br \/>\nDe 09\/01 a 13\/01 das 22 h \u00e0s 06 h<br \/>\n<a href=\"https:\/\/www.guicheweb.com.br\/blacktape\" target=\"_blank\">https:\/\/www.guicheweb.com.br\/blacktape<\/a><\/p>\n<p>&nbsp;<\/p>\n<p>&nbsp;<\/p>\n","protected":false},"excerpt":{"rendered":"<p>Segura o lacre, viado! Vai ter Pabllo Vittar no Carnaval de Salvador. Na sexta-feira de folia, a queen ser\u00e1 a convidada de Preta Gil no Camarote [&hellip;]<\/p>\n","protected":false},"author":1,"featured_media":14154,"comment_status":"open","ping_status":"open","sticky":false,"template":"","format":"image","meta":{"footnotes":""},"categories":[80,16],"tags":[1606,935],"class_list":["post-14150","post","type-post","status-publish","format-image","has-post-thumbnail","hentry","category-home","category-me-jogo","tag-expresso-2222","tag-preta-gil","post_format-post-format-image"],"_links":{"self":[{"href":"https:\/\/blogs.correio24horas.com.br\/mesalte\/wp-json\/wp\/v2\/posts\/14150","targetHints":{"allow":["GET"]}}],"collection":[{"href":"https:\/\/blogs.correio24horas.com.br\/mesalte\/wp-json\/wp\/v2\/posts"}],"about":[{"href":"https:\/\/blogs.correio24horas.com.br\/mesalte\/wp-json\/wp\/v2\/types\/post"}],"author":[{"embeddable":true,"href":"https:\/\/blogs.correio24horas.com.br\/mesalte\/wp-json\/wp\/v2\/users\/1"}],"replies":[{"embeddable":true,"href":"https:\/\/blogs.correio24horas.com.br\/mesalte\/wp-json\/wp\/v2\/comments?post=14150"}],"version-history":[{"count":6,"href":"https:\/\/blogs.correio24horas.com.br\/mesalte\/wp-json\/wp\/v2\/posts\/14150\/revisions"}],"predecessor-version":[{"id":14157,"href":"https:\/\/blogs.correio24horas.com.br\/mesalte\/wp-json\/wp\/v2\/posts\/14150\/revisions\/14157"}],"wp:featuredmedia":[{"embeddable":true,"href":"https:\/\/blogs.correio24horas.com.br\/mesalte\/wp-json\/wp\/v2\/media\/14154"}],"wp:attachment":[{"href":"https:\/\/blogs.correio24horas.com.br\/mesalte\/wp-json\/wp\/v2\/media?parent=14150"}],"wp:term":[{"taxonomy":"category","embeddable":true,"href":"https:\/\/blogs.correio24horas.com.br\/mesalte\/wp-json\/wp\/v2\/categories?post=14150"},{"taxonomy":"post_tag","embeddable":true,"href":"https:\/\/blogs.correio24horas.com.br\/mesalte\/wp-json\/wp\/v2\/tags?post=14150"}],"curies":[{"name":"wp","href":"https:\/\/api.w.org\/{rel}","templated":true}]}}