{"id":14145,"date":"2018-01-15T09:28:15","date_gmt":"2018-01-15T12:28:15","guid":{"rendered":"http:\/\/blogs.correio24horas.com.br\/mesalte\/?p=14145"},"modified":"2018-01-15T09:33:49","modified_gmt":"2018-01-15T12:33:49","slug":"noite-da-beleza-negra-homenageara-mandela-e-tera-dream-team-do-passinho-neste-sabado-20","status":"publish","type":"post","link":"https:\/\/blogs.correio24horas.com.br\/mesalte\/noite-da-beleza-negra-homenageara-mandela-e-tera-dream-team-do-passinho-neste-sabado-20\/","title":{"rendered":"Noite da Beleza Negra homenagear\u00e1 Mandela e ter\u00e1 Dream Team do Passinho neste s\u00e1bado (20)"},"content":{"rendered":"<p>Quem ser\u00e1 a mais bela do mais belo dos belos? Neste s\u00e1bado (20), a partir das 20h, o Il\u00ea Aiy\u00ea abre suas portas pelo 39\u00ba ano consecutivo para realizar o maior concurso de beleza e exalta\u00e7\u00e3o da mulher negra do Brasil, a Noite da Beleza Negra. O mais antigo bloco afro do pa\u00eds ir\u00e1 eleger a Deusa do \u00c9bano 2018.\u00a0A premia\u00e7\u00e3o este ano tem, pela primeira vez, \u00a0uma candidata norte-americana entre suas 16 participantes. A edi\u00e7\u00e3o 2018 conta com patroc\u00ednio da Avon, que refor\u00e7a com esta a\u00e7\u00e3o seus principais pilares: empoderamento feminino e diversidade. A parceria com o Il\u00ea Aiy\u00ea faz parte da campanha de lan\u00e7amento do novo batom EPIC, linha com 29 cores que comp\u00f5em a proposta da marca para o Carnaval.<\/p>\n<p>Com dire\u00e7\u00e3o art\u00edstica e roteiro de El\u00edsio Lopes Jr., a 39\u00aa Noite da Beleza Negra traz como inspira\u00e7\u00e3o o tema do Carnaval do Il\u00ea Aiy\u00ea 2018: Mandela. A Az\u00e2nia celebra o centen\u00e1rio de seu Madiba. \u201cMergulhei na representatividade de Nelson Mandela para entender o que exatamente fundamenta sua relev\u00e2ncia enquanto \u00edcone dessa luta e escrevi o roteiro em cima da pergunta: o que seriam metas de um cara como Mandela hoje no Brasil?\u201d, conta El\u00edsio.<\/p>\n<p>A noite ter\u00e1 participa\u00e7\u00f5es de Mateus Aleluia, da atriz e cantora transformista Divina Val\u00e9ria, o ator da Rede Globo David Jr (o Dom, de Pega Pega). e a atriz Thais Ara\u00fajo, que gravou a mensagem de abertura da noite. Enquanto a mensagem for lida na voz de Thais, um v\u00eddeo apresenta as 16 candidatas.<\/p>\n<p>Tamb\u00e9m est\u00e1 previsto para a abertura do evento um desfile de moda que vai misturar tr\u00eas grifes de moda afro, Meninos Rei, Black Atitude e Lab Fantasma, esta \u00faltima do artista e empres\u00e1rio Fi\u00f3ti (irm\u00e3o de Emicida). Na passarela, 90% dos modelos ser\u00e3o homens, da Ag\u00eancia PjT Models, que vem se destacando por ter um cast formado por talentos garimpados\u00a0 nas periferias de Salvador.<\/p>\n<p>Anfitri\u00e3 da casa, a Band\u2019Aiy\u00ea traz para diversos momentos da noite o repert\u00f3rio de grandes m\u00fasicas do Il\u00ea Aiy\u00ea. \u00c1pice do espet\u00e1culo, a revela\u00e7\u00e3o da vencedora ao t\u00edtulo de Deusa do \u00c9bano 2018 acompanha a despedida da atual dona da coroa, a <a href=\"http:\/\/www.correio24horas.com.br\/noticia\/nid\/nova-deusa-do-ebano-disputou-concurso-pela-primeira-vez-e-derrotou-veteranas\/\" target=\"_blank\">professora de dan\u00e7a Gisele Soares,<\/a> passagem prevista como uma das mais emocionantes do roteiro. Este ano, al\u00e9m do Trof\u00e9u Perfil Azeviche (2\u00ba e 3\u00ba lugares) e do Trof\u00e9u Deusa do \u00c9bano (1\u00ba lugar), as vencedoras ser\u00e3o premiadas com fantasias do bloco Il\u00ea Aiy\u00ea.<\/p>\n<p>E como a marca da Noite da Beleza Negra \u00e9 causar um suspiro atr\u00e1s do outro no p\u00fablico, o show de encerramento promete tirar o f\u00f4lego da plateia de uma vez. Toda a arte, estilo, ousadia e irrever\u00eancia da favela invadem o palco da Senzala do Barro Preto com o grupo de pop funk carioca fen\u00f4meno no Brasil, Dream Team do Passinho, formado por Lell\u00eazinha, Diogo Breguete, Hiltinho, Pablinho e Rafael Mike.<\/p>\n<p>A 39\u00aa Noite da Beleza Negra 2018 tem dire\u00e7\u00e3o coreogr\u00e1fica de Zebrinha, produ\u00e7\u00e3o musical de Jarbas Bitencourt e figurinos assinados por Dete Lima. A dire\u00e7\u00e3o de arte de stylling do desfile de moda \u00e9 de Luciano Santana. A Band\u2019Aiy\u00ea se apresenta sob reg\u00eancia do maestro Kehind\u00ea Boa Morte. A cenografia \u00e9 de Renata Motta, com proje\u00e7\u00f5es e v\u00eddeos do VJ Dexter. A produ\u00e7\u00e3o \u00e9 de Clarissa Torres.<\/p>\n<p><strong>Servi\u00e7o:\u00a0<\/strong><br \/>\n39\u00aa Noite da Beleza Negra<br \/>\nDia: 20 de janeiro (s\u00e1bado)<br \/>\nHor\u00e1rio: 20h<br \/>\nLocal: Senzala do Barro Preto \u2013 Ladeira do Curuzu, Liberdade<br \/>\nIngressos: R$ 50 (pista); R$ 100 (camarote) \u2013 Valores Promocionais<br \/>\nVendas: Senzala do Barro Preto e Boutique do Il\u00ea (Pelourinho)<br \/>\nVendas online: <a href=\"http:\/\/IngressoRapido.com.br\" target=\"_blank\">IngressoRapido.com.br<\/a><\/p>\n","protected":false},"excerpt":{"rendered":"<p>Quem ser\u00e1 a mais bela do mais belo dos belos? Neste s\u00e1bado (20), a partir das 20h, o Il\u00ea Aiy\u00ea abre suas portas pelo 39\u00ba ano [&hellip;]<\/p>\n","protected":false},"author":1,"featured_media":14149,"comment_status":"open","ping_status":"open","sticky":false,"template":"","format":"image","meta":{"footnotes":""},"categories":[80,16],"tags":[],"class_list":["post-14145","post","type-post","status-publish","format-image","has-post-thumbnail","hentry","category-home","category-me-jogo","post_format-post-format-image"],"_links":{"self":[{"href":"https:\/\/blogs.correio24horas.com.br\/mesalte\/wp-json\/wp\/v2\/posts\/14145","targetHints":{"allow":["GET"]}}],"collection":[{"href":"https:\/\/blogs.correio24horas.com.br\/mesalte\/wp-json\/wp\/v2\/posts"}],"about":[{"href":"https:\/\/blogs.correio24horas.com.br\/mesalte\/wp-json\/wp\/v2\/types\/post"}],"author":[{"embeddable":true,"href":"https:\/\/blogs.correio24horas.com.br\/mesalte\/wp-json\/wp\/v2\/users\/1"}],"replies":[{"embeddable":true,"href":"https:\/\/blogs.correio24horas.com.br\/mesalte\/wp-json\/wp\/v2\/comments?post=14145"}],"version-history":[{"count":1,"href":"https:\/\/blogs.correio24horas.com.br\/mesalte\/wp-json\/wp\/v2\/posts\/14145\/revisions"}],"predecessor-version":[{"id":14147,"href":"https:\/\/blogs.correio24horas.com.br\/mesalte\/wp-json\/wp\/v2\/posts\/14145\/revisions\/14147"}],"wp:featuredmedia":[{"embeddable":true,"href":"https:\/\/blogs.correio24horas.com.br\/mesalte\/wp-json\/wp\/v2\/media\/14149"}],"wp:attachment":[{"href":"https:\/\/blogs.correio24horas.com.br\/mesalte\/wp-json\/wp\/v2\/media?parent=14145"}],"wp:term":[{"taxonomy":"category","embeddable":true,"href":"https:\/\/blogs.correio24horas.com.br\/mesalte\/wp-json\/wp\/v2\/categories?post=14145"},{"taxonomy":"post_tag","embeddable":true,"href":"https:\/\/blogs.correio24horas.com.br\/mesalte\/wp-json\/wp\/v2\/tags?post=14145"}],"curies":[{"name":"wp","href":"https:\/\/api.w.org\/{rel}","templated":true}]}}