{"id":14123,"date":"2018-01-13T08:06:35","date_gmt":"2018-01-13T11:06:35","guid":{"rendered":"http:\/\/blogs.correio24horas.com.br\/mesalte\/?p=14123"},"modified":"2018-01-13T08:13:57","modified_gmt":"2018-01-13T11:13:57","slug":"ativistas-fazem-ato-por-fim-de-ataques-em-bar-de-lesbicas-na-carlos-gomes","status":"publish","type":"post","link":"https:\/\/blogs.correio24horas.com.br\/mesalte\/ativistas-fazem-ato-por-fim-de-ataques-em-bar-de-lesbicas-na-carlos-gomes\/","title":{"rendered":"Ativistas fazem ato por fim de ataques em bar de l\u00e9sbicas na Carlos Gomes"},"content":{"rendered":"<p>Por Carol Aquino<\/p>\n<p>Um grupo de representantes LGBTQIA+ parou o tr\u00e2nsito na rua Carlos Gomes, no Centro de Salvador, no fim da tarde desta sexta-feira, 12, para protestar contra uma s\u00e9rie de ataques homof\u00f3bicos ao bar Caras &amp; Bocas. O estabelecimento, de propriedade de um casal de l\u00e9sbicas, \u00e9 um ambiente frequentado pela comunidade gay de Salvador e tem sido atacado com pedras de gelo desde a sua abertura, no dia 5 de janeiro.<\/p>\n<p>\u201cSapat\u00e3o n\u00e3o \u00e9 bagun\u00e7a\u201d, \u201cMexeu com uma mexeu com todas\u201d, &#8220;Somos todas caras e bocas&#8221; eram algumas das frases entoadas pelos cerca de 20 manifestantes que participaram do protesto. Pessoas em roupas casuais, ativistas, travestis, ativistas e drag queens, todos munidos de cartazes e microfone, fizeram barulho e chamaram a aten\u00e7\u00e3o de quem passava nas proximidades da entrada do Largo 2 de julho.<\/p>\n<p>\u201cEstamos aqui para nos unir contra a homofobia. N\u00e3o se trata s\u00f3 de um ataque a um bar, mas de um crime de \u00f3dio\u201d, disse uma das donas do estabelecimento, Rosy Silva.<\/p>\n\n\t\t\t<style type='text\/css'>\n\t\t\t\t#gallery-1 {\n\t\t\t\t\tmargin: auto;\n\t\t\t\t}\n\t\t\t\t#gallery-1 .gallery-item {\n\t\t\t\t\tfloat: left;\n\t\t\t\t\tmargin-top: 10px;\n\t\t\t\t\ttext-align: center;\n\t\t\t\t\twidth: 33.33%;\n\t\t\t\t}\n\t\t\t\t#gallery-1 img {\n\t\t\t\t\tborder: 2px solid #cfcfcf;\n\t\t\t\t}\n\t\t\t\t#gallery-1 .gallery-caption {\n\t\t\t\t\tmargin-left: 0;\n\t\t\t\t}\n\t\t\t\t\/* see gallery_shortcode() in wp-includes\/media.php *\/\n\t\t\t<\/style>\n\t\t<div id='gallery-1' class='gallery galleryid-14123 gallery-columns-3 gallery-size-thumbnail '><dl class='gallery-item'>\n\t\t\t\t<dt class='gallery-icon landscape'>\n\t\t\t\t\t<a href='https:\/\/blogs.correio24horas.com.br\/mesalte\/ativistas-fazem-ato-por-fim-de-ataques-em-bar-de-lesbicas-na-carlos-gomes\/received_1647518921973749\/'><img loading=\"lazy\" decoding=\"async\" width=\"150\" height=\"150\" src=\"https:\/\/blogs.correio24h.com.br\/mesalte\/wp-content\/uploads\/2018\/01\/received_1647518921973749-150x150.jpeg\" class=\"attachment-thumbnail size-thumbnail\" alt=\"\" srcset=\"https:\/\/blogs.correio24h.com.br\/mesalte\/wp-content\/uploads\/2018\/01\/received_1647518921973749-150x150.jpeg 150w, https:\/\/blogs.correio24h.com.br\/mesalte\/wp-content\/uploads\/2018\/01\/received_1647518921973749-80x80.jpeg 80w, https:\/\/blogs.correio24h.com.br\/mesalte\/wp-content\/uploads\/2018\/01\/received_1647518921973749-85x85.jpeg 85w\" sizes=\"auto, (max-width: 150px) 100vw, 150px\" \/><\/a>\n\t\t\t\t<\/dt>\n\t\t\t\t\t<dd class='wp-caption-text gallery-caption'>\n\t\t\t\t\tFoto: Arisson Marinho\/Correio\n\t\t\t\t\t<\/dd><\/dl><dl class='gallery-item'>\n\t\t\t\t<dt class='gallery-icon landscape'>\n\t\t\t\t\t<a href='https:\/\/blogs.correio24horas.com.br\/mesalte\/ativistas-fazem-ato-por-fim-de-ataques-em-bar-de-lesbicas-na-carlos-gomes\/received_1647518918640416\/'><img loading=\"lazy\" decoding=\"async\" width=\"150\" height=\"150\" src=\"https:\/\/blogs.correio24h.com.br\/mesalte\/wp-content\/uploads\/2018\/01\/received_1647518918640416-150x150.jpeg\" class=\"attachment-thumbnail size-thumbnail\" alt=\"\" srcset=\"https:\/\/blogs.correio24h.com.br\/mesalte\/wp-content\/uploads\/2018\/01\/received_1647518918640416-150x150.jpeg 150w, https:\/\/blogs.correio24h.com.br\/mesalte\/wp-content\/uploads\/2018\/01\/received_1647518918640416-80x80.jpeg 80w, https:\/\/blogs.correio24h.com.br\/mesalte\/wp-content\/uploads\/2018\/01\/received_1647518918640416-85x85.jpeg 85w\" sizes=\"auto, (max-width: 150px) 100vw, 150px\" \/><\/a>\n\t\t\t\t<\/dt>\n\t\t\t\t\t<dd class='wp-caption-text gallery-caption'>\n\t\t\t\t\tFoto: Arisson Marinho\/Correio\n\t\t\t\t\t<\/dd><\/dl><dl class='gallery-item'>\n\t\t\t\t<dt class='gallery-icon landscape'>\n\t\t\t\t\t<a href='https:\/\/blogs.correio24horas.com.br\/mesalte\/ativistas-fazem-ato-por-fim-de-ataques-em-bar-de-lesbicas-na-carlos-gomes\/received_1647518911973750\/'><img loading=\"lazy\" decoding=\"async\" width=\"150\" height=\"150\" src=\"https:\/\/blogs.correio24h.com.br\/mesalte\/wp-content\/uploads\/2018\/01\/received_1647518911973750-150x150.jpeg\" class=\"attachment-thumbnail size-thumbnail\" alt=\"\" srcset=\"https:\/\/blogs.correio24h.com.br\/mesalte\/wp-content\/uploads\/2018\/01\/received_1647518911973750-150x150.jpeg 150w, https:\/\/blogs.correio24h.com.br\/mesalte\/wp-content\/uploads\/2018\/01\/received_1647518911973750-80x80.jpeg 80w, https:\/\/blogs.correio24h.com.br\/mesalte\/wp-content\/uploads\/2018\/01\/received_1647518911973750-85x85.jpeg 85w\" sizes=\"auto, (max-width: 150px) 100vw, 150px\" \/><\/a>\n\t\t\t\t<\/dt>\n\t\t\t\t\t<dd class='wp-caption-text gallery-caption'>\n\t\t\t\t\tFoto: Arisson Marinho\/Correio\n\t\t\t\t\t<\/dd><\/dl><br style=\"clear: both\" \/><dl class='gallery-item'>\n\t\t\t\t<dt class='gallery-icon landscape'>\n\t\t\t\t\t<a href='https:\/\/blogs.correio24horas.com.br\/mesalte\/ativistas-fazem-ato-por-fim-de-ataques-em-bar-de-lesbicas-na-carlos-gomes\/received_1647518928640415\/'><img loading=\"lazy\" decoding=\"async\" width=\"150\" height=\"150\" src=\"https:\/\/blogs.correio24h.com.br\/mesalte\/wp-content\/uploads\/2018\/01\/received_1647518928640415-150x150.jpeg\" class=\"attachment-thumbnail size-thumbnail\" alt=\"\" srcset=\"https:\/\/blogs.correio24h.com.br\/mesalte\/wp-content\/uploads\/2018\/01\/received_1647518928640415-150x150.jpeg 150w, https:\/\/blogs.correio24h.com.br\/mesalte\/wp-content\/uploads\/2018\/01\/received_1647518928640415-80x80.jpeg 80w, https:\/\/blogs.correio24h.com.br\/mesalte\/wp-content\/uploads\/2018\/01\/received_1647518928640415-85x85.jpeg 85w\" sizes=\"auto, (max-width: 150px) 100vw, 150px\" \/><\/a>\n\t\t\t\t<\/dt>\n\t\t\t\t\t<dd class='wp-caption-text gallery-caption'>\n\t\t\t\t\tFoto: Arisson Marinho\/Correio\n\t\t\t\t\t<\/dd><\/dl>\n\t\t\t\t<br style='clear: both' \/>\n\t\t\t<\/div>\n\n<p>Em dois dos oito dias de funcionamento do bar ap\u00f3s a inaugura\u00e7\u00e3o, o estabelecimento foi atacado com sacos pl\u00e1sticos repletos de gelo, \u00e1gua e pequenas pedras. Por sorte, ningu\u00e9m se machucou com gravidade, mas o fato n\u00e3o deixa de ser um ato de viol\u00eancia. Pelo \u00e2ngulo que o gelo caiu, as propriet\u00e1rias e os frequentadores desconfiam que o autor do ataque violento, seja um morador do pr\u00e9dio ao lado, o Edif\u00edcio Santo Amaro.<\/p>\n<p>Segundo Rosy, ela j\u00e1 esperava os ataques. \u201cEm mais de 20 anos, isso aqui \u00e9 um bar LGBT. Os tr\u00eas outros administradores j\u00e1 tinham passado por este mesmo problema, vindo do mesmo lugar. Eles falaram com o condom\u00ednio e a administra\u00e7\u00e3o trocou as telhas. Mas telha eu boto. Eu quero que encontrem o respons\u00e1vel e se n\u00e3o encontrarem, que o condom\u00ednio responda pelo que aconteceu\u201d, conta, relembrando que a rua Carlos Gomes j\u00e1 foi uma rua com muitas boates frequentadas por esta popula\u00e7\u00e3o.<\/p>\n<p>Rose disse ainda que o protesto \u00e9 uma forma de resistir ao ato homof\u00f3bico e tentar fazer com que o respons\u00e1vel pelo crime seja descoberto e responda pelo que fez. \u201cMe sinto preocupada com a seguran\u00e7a de quem frequenta aqui\u201d, contou, falando do medo de que algu\u00e9m que trabalha ou se diverte no lugar seja ferido por conta das pedras de gelo. Os artefatos atirados pelo agressor quebraram suas telhas e romperam o forro do teto. Se uma das pedras tivesse atingido algu\u00e9m, poderia ter causado ferimentos graves.<\/p>\n<p>Para Rosy, n\u00e3o h\u00e1 outra explica\u00e7\u00e3o para o ataque al\u00e9m do \u00f3dio. Segundo ela, o bar funciona com o som controlado e nunca houve registro de outros ataques desse tipo nos treze anos em que ela manteve um estabelecimento de mesmo nome em Periperi. \u201cUma pessoa que premedita o ataque, bota os sacos com \u00e1gua para congelar, \u00e9 doente, precisa de tratamento\u201d, conclui.<\/p>\n<p>A dona, no entanto, enfatiza que n\u00e3o pretende fechar o bar, que vai resistir. \u201cEstamos at\u00e9 nos arriscando abrindo\u201d, acrescenta Rosy, que j\u00e1 prestou queixa \u00e0 pol\u00edcia e est\u00e1 \u00e0 espera do resultado das investiga\u00e7\u00f5es. No dia do primeiro ataque, 5 de janeiro, policiais militares estiveram no local e tentaram encontrar a s\u00edndica do condom\u00ednio vizinho, mas sem sucesso. O porteiro, segundo relatam as donas, disse que ela estava viajando, embora tenha informado mais cedo \u00e0s propriet\u00e1rias do bar que a mesma estava dormindo.<\/p>\n<p>O caso est\u00e1 sob responsabilidade da 1\u00aa Delegacia de Pol\u00edcia (Barris). No \u00faltimo dia (7), a Pol\u00edcia T\u00e9cnica esteve no local realizando per\u00edcia. Uma audi\u00eancia entre a administra\u00e7\u00e3o do Edif\u00edcio Santo Amaro e as propriet\u00e1rias do bar est\u00e1 marcada para o dia 22 de janeiro. A reportagem do CORREIO tentou fazer contato com as s\u00edndicas do pr\u00e9dio, mas n\u00e3o obteve resposta at\u00e9 \u00e0s 23 horas desta sexta.<\/p>\n<p>\u201cA gente j\u00e1 \u00e9 exclu\u00edda de muito lugar e tem que viver em guetos. Cada vez mais est\u00e3o tentando acabar at\u00e9 com esses \u2018guetos\u2019, que s\u00e3o os \u00fanicos lugares que a gente pode ficar \u00e0 vontade\u201d, opinou a ativista LGBT Millena Parras, 40, sobre a import\u00e2ncia da manifesta\u00e7\u00e3o.<\/p>\n<p>\u201cN\u00e3o podemos deixar o Brasil voltar ao s\u00e9culo XIX. N\u00f3s temos que lutar pelos direitos humanos\u201d, disse a servidora p\u00fablica Denise Carneiro, participante do protesto, falando sobre o momento de amea\u00e7a aos direitos que o pa\u00eds vive. Sua esposa, a tradutora Jennifer Carneiro resumiu em uma frase o motivo de o casal estar ali: \u201cPelo direito de cada um viver como quiser\u2019, completou.<\/p>\n<p>Solidariedade<\/p>\n<p>Quem estava passando na rua n\u00e3o ficava indiferente \u00e0 manifesta\u00e7\u00e3o, parava para olhar o que estava acontecendo, aplaudia ou simplesmente balan\u00e7ava a cabe\u00e7a em sinal de concord\u00e2ncia. A dona de uma loja de roupas do edif\u00edcio vizinho ao bar, Karen Vieira, 30 anos, bateu palmas assim que ouviu os primeiros sons do protesto.<\/p>\n<p>\u201cFiquei sabendo do que houve e acho que temos que combater isso, foi homofobia. \u00c9 uma quest\u00e3o de respeito com o pr\u00f3ximo\u201d, disse, reiterando o apoio \u00e0 manifesta\u00e7\u00e3o.<\/p>\n<p>Carregando uma mesa na cabe\u00e7a, o ambulante Adalberto Ferreira, 53, tamb\u00e9m parou para ver a manifesta\u00e7\u00e3o. \u201cNos dias de hoje, a gente n\u00e3o pode mais tolerar esse tipo de ataque. \u00c9 um absurdo, coisa de outro mundo\u201d, contou, falando que ficou chateado quando viu uma not\u00edcia sobre o ocorrido na televis\u00e3o.<\/p>\n<p>Pouco a pouco, assim como Adalberto, foi juntando mais gente para ver o que estava acontecendo e demonstrar solidariedade. Foi o caso do diretor do Sindicato dos Vigilantes, Fernando Souza, que estava por ali e resolveu demonstrar o seu apoio. \u201cVamos fazer uma nota manifestando a nossa indigna\u00e7\u00e3o\u201d, disse.<\/p>\n","protected":false},"excerpt":{"rendered":"<p>Por Carol Aquino Um grupo de representantes LGBTQIA+ parou o tr\u00e2nsito na rua Carlos Gomes, no Centro de Salvador, no fim da tarde desta sexta-feira, 12, [&hellip;]<\/p>\n","protected":false},"author":2,"featured_media":14124,"comment_status":"open","ping_status":"open","sticky":false,"template":"","format":"image","meta":{"footnotes":""},"categories":[80,11],"tags":[],"class_list":["post-14123","post","type-post","status-publish","format-image","has-post-thumbnail","hentry","category-home","category-me-informo","post_format-post-format-image"],"_links":{"self":[{"href":"https:\/\/blogs.correio24horas.com.br\/mesalte\/wp-json\/wp\/v2\/posts\/14123","targetHints":{"allow":["GET"]}}],"collection":[{"href":"https:\/\/blogs.correio24horas.com.br\/mesalte\/wp-json\/wp\/v2\/posts"}],"about":[{"href":"https:\/\/blogs.correio24horas.com.br\/mesalte\/wp-json\/wp\/v2\/types\/post"}],"author":[{"embeddable":true,"href":"https:\/\/blogs.correio24horas.com.br\/mesalte\/wp-json\/wp\/v2\/users\/2"}],"replies":[{"embeddable":true,"href":"https:\/\/blogs.correio24horas.com.br\/mesalte\/wp-json\/wp\/v2\/comments?post=14123"}],"version-history":[{"count":4,"href":"https:\/\/blogs.correio24horas.com.br\/mesalte\/wp-json\/wp\/v2\/posts\/14123\/revisions"}],"predecessor-version":[{"id":14134,"href":"https:\/\/blogs.correio24horas.com.br\/mesalte\/wp-json\/wp\/v2\/posts\/14123\/revisions\/14134"}],"wp:featuredmedia":[{"embeddable":true,"href":"https:\/\/blogs.correio24horas.com.br\/mesalte\/wp-json\/wp\/v2\/media\/14124"}],"wp:attachment":[{"href":"https:\/\/blogs.correio24horas.com.br\/mesalte\/wp-json\/wp\/v2\/media?parent=14123"}],"wp:term":[{"taxonomy":"category","embeddable":true,"href":"https:\/\/blogs.correio24horas.com.br\/mesalte\/wp-json\/wp\/v2\/categories?post=14123"},{"taxonomy":"post_tag","embeddable":true,"href":"https:\/\/blogs.correio24horas.com.br\/mesalte\/wp-json\/wp\/v2\/tags?post=14123"}],"curies":[{"name":"wp","href":"https:\/\/api.w.org\/{rel}","templated":true}]}}