{"id":14097,"date":"2018-01-12T17:06:43","date_gmt":"2018-01-12T20:06:43","guid":{"rendered":"http:\/\/blogs.correio24horas.com.br\/mesalte\/?p=14097"},"modified":"2018-01-13T12:49:49","modified_gmt":"2018-01-13T15:49:49","slug":"o-vale-vai-rachar-daniela-mercury-claudia-leitte-e-mascarados-na-quinta-de-carnaval-na-barra","status":"publish","type":"post","link":"https:\/\/blogs.correio24horas.com.br\/mesalte\/o-vale-vai-rachar-daniela-mercury-claudia-leitte-e-mascarados-na-quinta-de-carnaval-na-barra\/","title":{"rendered":"O Vale vai rachar: Daniela Mercury, Claudia Leitte,  Mascarados, Alinne Rosa e Babado Novo na quinta de Carnaval na Barra"},"content":{"rendered":"<p><strong>&#8216;-Jorge, o vale vai rachar&#8217;,<\/strong> grita a amiga desesperada ao saber das not\u00edcias que Claudia Leitte, Daniela Mercury, Alinne Rosa, Babado Novo e Os Mascarados desfilar\u00e3o no mesmo dia no carnaval de Salvador. Teria minha amiga\u00a0raz\u00e3o? Acho que n\u00e3o. Afinal, gra\u00e7as a Beyonc\u00e9, tem viado para todos os gostos e blocos. O certo mesmo \u00e9\u00a0que na quinta-feira de folia vamos transformar a Barra-Ondina no verdadeiro arco-\u00edris. Abram alas que\u00a0as bichas v\u00e3o passar!<\/p>\n<p>A quinta-feira j\u00e1 \u00e9 tradicional para o p\u00fablico LGBTQ+ na folia por conta de Os Mascarados. Como aquele bloco anima e arrasta azamigues todas. Quem nunca perdeu asinhas de anjo, beijou Romeus, Super M\u00e1rios e\u00a0afins naquela &#8216;corda? Quase todas n\u00f3s, n\u00e9!<\/p>\n<p>Mas, justi\u00e7a seja feita, nem todo mundo consegue acompanhar os Mascarados at\u00e9 o final. Tem gente, inclusive, que sequer pisa no bloco principalmente porque fica t\u00e3o cheio que n\u00e3o d\u00e1 nem pra seguir\u00a0direito. Al\u00e9m disso, nem sempre a atra\u00e7\u00e3o principal do bloco tem um chamariz para arrastar tanta gente\u00a0assim.<\/p>\n<p>Por\u00e9m, contudo, entretanto&#8230;.um passarinho me contou que o bloco Os Mascarados este ano vir\u00e3o para\u00a0tombar atra\u00e7\u00f5es de gera\u00e7\u00f5es distintas, mas que t\u00eam a voz e as a\u00e7\u00f5es empoderadas. Ainda n\u00e3o posso dizer\u00a0os nomes, mas assim que o contrato for assinado direi por aqui. Mas, s\u00e3o, de fato, nomes que v\u00e3o\u00a0arrastar muita bee atr\u00e1s do trio jogando as purpirinas. Isso realmente pode rachar o vale.<\/p>\n<p>Ou pensando melhor, no final das contas, o que deve acontecer \u00e9 aquela boa e velha corridinha para pegar tudo. Claudia Leitte, segundo a programa\u00e7\u00e3o da prefeitura, vai ser a primeira atra\u00e7\u00e3o da quinta- feira de Carnaval. O hor\u00e1rio de Daniela Mercury ainda n\u00e3o foi definido, mas acredita-se que seja depois do Furdun\u00e7o (que ter\u00e1 pelo menos 30 atra\u00e7\u00f5es entre bloquinhos e fanfarras).<\/p>\n<p>Quem n\u00e3o for bolha (como s\u00e3o chamados os f\u00e3s da Claudia) podem seguir ela at\u00e9 o Morro do Gato, da aquela caminhada pela Sabino Silva e pegar a rainha Daniela come\u00e7ando a arrastar seu Banzeiro sem cordas. A pipoca da Rainha na Barra \u00e9 outra preciosidade do Carnaval e certamente o lugarzinho onde o vale dos homossexuais tem seu epicentro na folia. Queira Jha, ou melhor a Saltur ( Empresa Salvador Turismo, que organiza o Carnaval) que os Mascarados venham bem depois para da tempo de banzeriar e depois pipocar com a Rainha M\u00e1.<\/p>\n<p>Nesse cen\u00e1rio s\u00f3 h\u00e1 um problema: n\u00e3o vai sobrar meia fantasia para contar hist\u00f3ria. Afinal, depois da quebradeira com Claudinha, Daniela e aquela caminhada para voltar pra Barra pra sair nos Mascarados n\u00e3o\u00a0vai ver look que resista.<\/p>\n<p>O &#8221;problema&#8221; \u00e9 que n\u00e3o parou pro a\u00ed. Tem ainda Alinne Rosa, que \u00e9 queridinha das gays e \u00f3tima puxadora de trio, que tamb\u00e9m sair\u00e1 na quinta sem corda na Barra.<\/p>\n<p>Achou pouco? Vai ter ainda Mari Antunes da banda Babado Novo tamb\u00e9m sem cordas na quinta do Vale na Barra. Ela tem arrastado muitos gays para a Amsterdam Salvador nos seus ensaios de ver\u00e3o.<\/p>\n<p>Ou seja, vamos ter que rebolar para ver todas. Na pior das hip\u00f3teses senta ali em Ondina \u00a0e levanta na hora de lacrar com sua diva do cora\u00e7\u00e3o.<\/p>\n<p>O mais importante de tudo &#8211; seja l\u00e1 qual for a ordem dos desfiles &#8211; \u00e9 que todxs possam lacrar e jogar suas purpurinas por a\u00ed. Al\u00e9m da alegria, obviamente, n\u00e3o vamos deixar de balan\u00e7ar a bandeira pelo RESPEITO.<\/p>\n<p>Ah, e n\u00e3o posso esquecer: o Carnaval das bees n\u00e3o ser\u00e1 s\u00f3 na quinta-feira&#8230;.mas a\u00ed \u00e9 assunto pra outro post.<\/p>\n<p>&nbsp;<\/p>\n<p>(Texto atualizado \u00e0s 22h de 12\/01 com a informa\u00e7\u00e3o do trio sem cordas de Alinne Rosa e Babado Novo)<\/p>\n<p>Leia tamb\u00e9m:\u00a0<a href=\"http:\/\/www.correio24horas.com.br\/noticia\/nid\/saiba-tudo-que-vai-rolar-no-carnaval-2018-em-salvador\/\" target=\"_blank\">Saiba tudo que vai rolar no Carnaval 2018 em Salvador\u00a0<\/a><\/p>\n","protected":false},"excerpt":{"rendered":"<p>&#8216;-Jorge, o vale vai rachar&#8217;, grita a amiga desesperada ao saber das not\u00edcias que Claudia Leitte, Daniela Mercury, Alinne Rosa, Babado Novo e Os Mascarados desfilar\u00e3o [&hellip;]<\/p>\n","protected":false},"author":1,"featured_media":14111,"comment_status":"open","ping_status":"open","sticky":false,"template":"","format":"image","meta":{"footnotes":""},"categories":[28,80,16],"tags":[566,1602,1603],"class_list":["post-14097","post","type-post","status-publish","format-image","has-post-thumbnail","hentry","category-farofa-digital","category-home","category-me-jogo","tag-carnaval","tag-carnaval2018","tag-folia","post_format-post-format-image"],"_links":{"self":[{"href":"https:\/\/blogs.correio24horas.com.br\/mesalte\/wp-json\/wp\/v2\/posts\/14097","targetHints":{"allow":["GET"]}}],"collection":[{"href":"https:\/\/blogs.correio24horas.com.br\/mesalte\/wp-json\/wp\/v2\/posts"}],"about":[{"href":"https:\/\/blogs.correio24horas.com.br\/mesalte\/wp-json\/wp\/v2\/types\/post"}],"author":[{"embeddable":true,"href":"https:\/\/blogs.correio24horas.com.br\/mesalte\/wp-json\/wp\/v2\/users\/1"}],"replies":[{"embeddable":true,"href":"https:\/\/blogs.correio24horas.com.br\/mesalte\/wp-json\/wp\/v2\/comments?post=14097"}],"version-history":[{"count":9,"href":"https:\/\/blogs.correio24horas.com.br\/mesalte\/wp-json\/wp\/v2\/posts\/14097\/revisions"}],"predecessor-version":[{"id":14137,"href":"https:\/\/blogs.correio24horas.com.br\/mesalte\/wp-json\/wp\/v2\/posts\/14097\/revisions\/14137"}],"wp:featuredmedia":[{"embeddable":true,"href":"https:\/\/blogs.correio24horas.com.br\/mesalte\/wp-json\/wp\/v2\/media\/14111"}],"wp:attachment":[{"href":"https:\/\/blogs.correio24horas.com.br\/mesalte\/wp-json\/wp\/v2\/media?parent=14097"}],"wp:term":[{"taxonomy":"category","embeddable":true,"href":"https:\/\/blogs.correio24horas.com.br\/mesalte\/wp-json\/wp\/v2\/categories?post=14097"},{"taxonomy":"post_tag","embeddable":true,"href":"https:\/\/blogs.correio24horas.com.br\/mesalte\/wp-json\/wp\/v2\/tags?post=14097"}],"curies":[{"name":"wp","href":"https:\/\/api.w.org\/{rel}","templated":true}]}}