{"id":14088,"date":"2018-01-12T12:25:22","date_gmt":"2018-01-12T15:25:22","guid":{"rendered":"http:\/\/blogs.correio24horas.com.br\/mesalte\/?p=14088"},"modified":"2018-01-12T15:11:44","modified_gmt":"2018-01-12T18:11:44","slug":"claudia-leitte-fara-abertura-oficial-do-carnaval-de-salvador-na-quinta-feira-8","status":"publish","type":"post","link":"https:\/\/blogs.correio24horas.com.br\/mesalte\/claudia-leitte-fara-abertura-oficial-do-carnaval-de-salvador-na-quinta-feira-8\/","title":{"rendered":"Claudia Leitte far\u00e1 abertura oficial do Carnaval de Salvador na quinta-feira (8)"},"content":{"rendered":"<p>Claudia Leitte est\u00e1 toda poderosa este ano. A cantora foi escolhida para ser a primeira atra\u00e7\u00e3o do Carnaval. Ela desfilar\u00e1\u00a0na quinta-feira (8) em trio sem cordas junto com\u00a0o rapper e produtor americano Pitbull em parceria com a Zumba no circuito Barra-Ondina.\u00a0Os 10 anos de carreira solo de Claudia Leitte ser\u00e3o comemorados neste ano, em Salvador, com o mote da \u201cSa\u00fade\u201d \u2013 este, ali\u00e1s, o nome do bairro onde foi criada na capital.<\/p>\n<p>&#8220;\u00c9 uma alegria abrir o carnaval de Salvador no ano em que comemoro uma d\u00e9cada de carreira solo. Para mim \u00e9 um presente passar esta data na minha terra, minha grande inspira\u00e7\u00e3o. O mote dessa celebra\u00e7\u00e3o \u00e9 a sa\u00fade, que \u00e9 tamb\u00e9m o nome do bairro onde fui criada no Centro hist\u00f3rico de Salvador. Ou seja, est\u00e1 tudo ligado! Pra festejar a liberdade que o Ax\u00e9 me deu de passear por todos os estilos e me misturar, exatamente como acontece com o pr\u00f3prio carnaval, estou recebendo a Zumba e meu amigo querido Pitbull. Vai ser massa!&#8221;, afirmou Claudia Leitte ao Me Salte com exclusividade.<\/p>\n<p>Confira a agenda da cantora em Salvador:<\/p>\n<p>08\/02 \u2013 Abertura do Carnaval com Pitbull (Barra-Ondina)<br \/>\n09\/02 \u2013 Blow Out com Pitbull (Barra-Ondina)<br \/>\n10\/02 \u2013 Camarote Skol<br \/>\n11\/02 \u2013 Trio Sem Cordas (Campo Grande)<br \/>\n13\/02 \u2013 Largadinho (Barra-Ondina)<\/p>\n<p>Leia tamb\u00e9m:\u00a0<a href=\"http:\/\/www.correio24horas.com.br\/noticia\/nid\/saiba-tudo-que-vai-rolar-no-carnaval-2018-em-salvador\/\" target=\"_blank\">Saiba tudo que vai rolar no Carnaval 2018 em Salvador\u00a0<\/a><\/p>\n","protected":false},"excerpt":{"rendered":"<p>Claudia Leitte est\u00e1 toda poderosa este ano. A cantora foi escolhida para ser a primeira atra\u00e7\u00e3o do Carnaval. Ela desfilar\u00e1\u00a0na quinta-feira (8) em trio sem cordas [&hellip;]<\/p>\n","protected":false},"author":1,"featured_media":14093,"comment_status":"open","ping_status":"open","sticky":false,"template":"","format":"image","meta":{"footnotes":""},"categories":[80,26,16],"tags":[],"class_list":["post-14088","post","type-post","status-publish","format-image","has-post-thumbnail","hentry","category-home","category-me-inspiro","category-me-jogo","post_format-post-format-image"],"_links":{"self":[{"href":"https:\/\/blogs.correio24horas.com.br\/mesalte\/wp-json\/wp\/v2\/posts\/14088","targetHints":{"allow":["GET"]}}],"collection":[{"href":"https:\/\/blogs.correio24horas.com.br\/mesalte\/wp-json\/wp\/v2\/posts"}],"about":[{"href":"https:\/\/blogs.correio24horas.com.br\/mesalte\/wp-json\/wp\/v2\/types\/post"}],"author":[{"embeddable":true,"href":"https:\/\/blogs.correio24horas.com.br\/mesalte\/wp-json\/wp\/v2\/users\/1"}],"replies":[{"embeddable":true,"href":"https:\/\/blogs.correio24horas.com.br\/mesalte\/wp-json\/wp\/v2\/comments?post=14088"}],"version-history":[{"count":4,"href":"https:\/\/blogs.correio24horas.com.br\/mesalte\/wp-json\/wp\/v2\/posts\/14088\/revisions"}],"predecessor-version":[{"id":14092,"href":"https:\/\/blogs.correio24horas.com.br\/mesalte\/wp-json\/wp\/v2\/posts\/14088\/revisions\/14092"}],"wp:featuredmedia":[{"embeddable":true,"href":"https:\/\/blogs.correio24horas.com.br\/mesalte\/wp-json\/wp\/v2\/media\/14093"}],"wp:attachment":[{"href":"https:\/\/blogs.correio24horas.com.br\/mesalte\/wp-json\/wp\/v2\/media?parent=14088"}],"wp:term":[{"taxonomy":"category","embeddable":true,"href":"https:\/\/blogs.correio24horas.com.br\/mesalte\/wp-json\/wp\/v2\/categories?post=14088"},{"taxonomy":"post_tag","embeddable":true,"href":"https:\/\/blogs.correio24horas.com.br\/mesalte\/wp-json\/wp\/v2\/tags?post=14088"}],"curies":[{"name":"wp","href":"https:\/\/api.w.org\/{rel}","templated":true}]}}