{"id":14080,"date":"2018-01-12T09:38:42","date_gmt":"2018-01-12T12:38:42","guid":{"rendered":"http:\/\/blogs.correio24horas.com.br\/mesalte\/?p=14080"},"modified":"2018-01-12T15:13:26","modified_gmt":"2018-01-12T18:13:26","slug":"ato-pede-fim-da-homofobia-apos-bar-de-lesbicas-ser-atacado-com-pedradas","status":"publish","type":"post","link":"https:\/\/blogs.correio24horas.com.br\/mesalte\/ato-pede-fim-da-homofobia-apos-bar-de-lesbicas-ser-atacado-com-pedradas\/","title":{"rendered":"Ato pede fim da homofobia ap\u00f3s bar de l\u00e9sbicas ser atacado com pedradas"},"content":{"rendered":"<p>Um ato reunir\u00e1 representantes do movimento LGBT\u00a0 nesta sexta-feira ( 12), a partir das 16h,\u00a0 no Centro da capital baiana. O ato \u00e9 em protesto contra o ataque sofrido na semana passada pelo Bar Caras&amp;Bocas, comandado pelo\u00a0casal Rosy Silva e Alessandra Leite. <a href=\"https:\/\/blogs.correio24horas.com.br\/mesalte\/bar-de-casal-de-lesbicas-e-atacado-com-pedradas-em-salvador\/\" target=\"_blank\">Na noite do inaugura\u00e7\u00e3o do estabelecimento, pedras foram jogadas no telhado<\/a>, conforme o Me Salte noticiou.<\/p>\n<p><img loading=\"lazy\" decoding=\"async\" class=\"aligncenter size-large wp-image-14013\" src=\"https:\/\/blogs.correio24h.com.br\/mesalte\/wp-content\/uploads\/2018\/01\/IMG_20180106_004541-768x1024.jpg\" alt=\"IMG_20180106_004541\" width=\"768\" height=\"1024\" srcset=\"https:\/\/blogs.correio24h.com.br\/mesalte\/wp-content\/uploads\/2018\/01\/IMG_20180106_004541-768x1024.jpg 768w, https:\/\/blogs.correio24h.com.br\/mesalte\/wp-content\/uploads\/2018\/01\/IMG_20180106_004541-225x300.jpg 225w, https:\/\/blogs.correio24h.com.br\/mesalte\/wp-content\/uploads\/2018\/01\/IMG_20180106_004541-110x146.jpg 110w, https:\/\/blogs.correio24h.com.br\/mesalte\/wp-content\/uploads\/2018\/01\/IMG_20180106_004541-38x50.jpg 38w, https:\/\/blogs.correio24h.com.br\/mesalte\/wp-content\/uploads\/2018\/01\/IMG_20180106_004541-56x75.jpg 56w\" sizes=\"auto, (max-width: 768px) 100vw, 768px\" \/><\/p>\n<p>Nas redes sociais, Rosy Silva publicou um convite para o ato, que foi batizado de Ato de Resist\u00eancia, aberto a todxs LGBT+.\u00a0 O caso est\u00e1 sendo investigado pela 1\u00aa Delegacia (Barris). A suspeita \u00e9 que o ataque tenha sido praticado do Edif\u00edcio Santo Amaro, que fica ao lado do bar. Ontem (11) o bar voltou a ser atacado novamente. &#8220;Arrumamos o telhado e foi quebrado novamente&#8221;, ressalta Alessandra.<\/p>\n<p><img loading=\"lazy\" decoding=\"async\" class=\"aligncenter size-large wp-image-14095\" src=\"https:\/\/blogs.correio24h.com.br\/mesalte\/wp-content\/uploads\/2018\/01\/caras-e-bocas-2-768x1024.jpg\" alt=\"caras e bocas 2\" width=\"768\" height=\"1024\" srcset=\"https:\/\/blogs.correio24h.com.br\/mesalte\/wp-content\/uploads\/2018\/01\/caras-e-bocas-2-768x1024.jpg 768w, https:\/\/blogs.correio24h.com.br\/mesalte\/wp-content\/uploads\/2018\/01\/caras-e-bocas-2-225x300.jpg 225w, https:\/\/blogs.correio24h.com.br\/mesalte\/wp-content\/uploads\/2018\/01\/caras-e-bocas-2-110x146.jpg 110w, https:\/\/blogs.correio24h.com.br\/mesalte\/wp-content\/uploads\/2018\/01\/caras-e-bocas-2-38x50.jpg 38w, https:\/\/blogs.correio24h.com.br\/mesalte\/wp-content\/uploads\/2018\/01\/caras-e-bocas-2-56x75.jpg 56w, https:\/\/blogs.correio24h.com.br\/mesalte\/wp-content\/uploads\/2018\/01\/caras-e-bocas-2.jpg 960w\" sizes=\"auto, (max-width: 768px) 100vw, 768px\" \/><\/p>\n<p>&nbsp;<\/p>\n","protected":false},"excerpt":{"rendered":"<p>Um ato reunir\u00e1 representantes do movimento LGBT\u00a0 nesta sexta-feira ( 12), a partir das 16h,\u00a0 no Centro da capital baiana. O ato \u00e9 em protesto contra [&hellip;]<\/p>\n","protected":false},"author":1,"featured_media":14081,"comment_status":"open","ping_status":"open","sticky":false,"template":"","format":"image","meta":{"footnotes":""},"categories":[80,11],"tags":[],"class_list":["post-14080","post","type-post","status-publish","format-image","has-post-thumbnail","hentry","category-home","category-me-informo","post_format-post-format-image"],"_links":{"self":[{"href":"https:\/\/blogs.correio24horas.com.br\/mesalte\/wp-json\/wp\/v2\/posts\/14080","targetHints":{"allow":["GET"]}}],"collection":[{"href":"https:\/\/blogs.correio24horas.com.br\/mesalte\/wp-json\/wp\/v2\/posts"}],"about":[{"href":"https:\/\/blogs.correio24horas.com.br\/mesalte\/wp-json\/wp\/v2\/types\/post"}],"author":[{"embeddable":true,"href":"https:\/\/blogs.correio24horas.com.br\/mesalte\/wp-json\/wp\/v2\/users\/1"}],"replies":[{"embeddable":true,"href":"https:\/\/blogs.correio24horas.com.br\/mesalte\/wp-json\/wp\/v2\/comments?post=14080"}],"version-history":[{"count":3,"href":"https:\/\/blogs.correio24horas.com.br\/mesalte\/wp-json\/wp\/v2\/posts\/14080\/revisions"}],"predecessor-version":[{"id":14096,"href":"https:\/\/blogs.correio24horas.com.br\/mesalte\/wp-json\/wp\/v2\/posts\/14080\/revisions\/14096"}],"wp:featuredmedia":[{"embeddable":true,"href":"https:\/\/blogs.correio24horas.com.br\/mesalte\/wp-json\/wp\/v2\/media\/14081"}],"wp:attachment":[{"href":"https:\/\/blogs.correio24horas.com.br\/mesalte\/wp-json\/wp\/v2\/media?parent=14080"}],"wp:term":[{"taxonomy":"category","embeddable":true,"href":"https:\/\/blogs.correio24horas.com.br\/mesalte\/wp-json\/wp\/v2\/categories?post=14080"},{"taxonomy":"post_tag","embeddable":true,"href":"https:\/\/blogs.correio24horas.com.br\/mesalte\/wp-json\/wp\/v2\/tags?post=14080"}],"curies":[{"name":"wp","href":"https:\/\/api.w.org\/{rel}","templated":true}]}}