{"id":14070,"date":"2018-01-12T05:47:16","date_gmt":"2018-01-12T08:47:16","guid":{"rendered":"http:\/\/blogs.correio24horas.com.br\/mesalte\/?p=14070"},"modified":"2018-01-12T17:59:22","modified_gmt":"2018-01-12T20:59:22","slug":"quero-conseguir-oportunidades-para-que-todas-as-mulheres-sejam-protagonistas-diz-iza-que-faz-show-hoje-em-salvador","status":"publish","type":"post","link":"https:\/\/blogs.correio24horas.com.br\/mesalte\/quero-conseguir-oportunidades-para-que-todas-as-mulheres-sejam-protagonistas-diz-iza-que-faz-show-hoje-em-salvador\/","title":{"rendered":"&#8216;Quero que todas as mulheres sejam protagonistas\u2019, diz Iza que faz show hoje em Salvador"},"content":{"rendered":"<p>A voz impactante que fazia covers de Beyonc\u00e9 e outras estrelas no Youtube se empoderou, cresceu e transformou a carioca Iza, 26, na nova sensa\u00e7\u00e3o do pop nacional. Os cabelos de coque e a maquiagem suave deram lugar \u00e0s longas tran\u00e7as que gingam nas coreografias de seus singles. Pesad\u00e3o \u2013 o mais bombado do momento que ela gravou com Marcelo Falc\u00e3o \u2013 j\u00e1 ultrapassa os 40 milh\u00f5es de visualiza\u00e7\u00f5es na plataforma de v\u00eddeos onde ficou conhecida desde 2013.<\/p>\n<p>Queridinha do p\u00fablico LGBTQ+, Iza se apresenta\u00a0nesta sexta-feira (12)\u00a0no clube San Sebastian em Salvador. \u201cMe relaciono bem demais com esse p\u00fablico. Minha m\u00fasica tem a fun\u00e7\u00e3o de divertir, mas tamb\u00e9m de passar a mensagem de representatividade\u201d, disse a cantora em entrevista exclusiva ao canal Me Salte, do CORREIO, referindo-se \u00e0s cantoras que temem ser rotuladas como preferidas dos gays.<\/p>\n<p>Formada em Publicidade e Propaganda pela PUC-Rio, ela chegou a trabalhar como editora de v\u00eddeo, mas viu que seu talento era a m\u00fasica. Ainda nos primeiros meses desse ano ela promete lan\u00e7ar um novo \u00e1lbum. \u201cAcho que as pessoas v\u00e3o poder me conhecer melhor. Existem v\u00e1rias vozes, v\u00e1rias emo\u00e7\u00f5es e v\u00e1rios ritmos diferentes no \u00e1lbum e todos conversam entre si e me classificam muito bem\u201d, afirma a cantora que se inspira em Elza Soares, Rhianna, Beyonc\u00e9, Donna Summer e Nina Simone na vida e na voz.<\/p>\n<p>O protagonismo da mulher deve ser o eixo central do novo \u00e1lbum. \u201cEu quero cada vez mais \u00e9 conseguir oportunidades para que todas as mulheres tenham lugar de protagonismo tamb\u00e9m&#8221;, destaca Iza que tem estilo de canto e voz plurais como mostra na interpreta\u00e7\u00e3o de I Put a Spell On You (de Nina Simone) e de Fool For You, que ela cantou com CeeLo Green no Rock in Rio.<\/p>\n<p><strong>Voc\u00ea tem trazido a tem\u00e1tica do amor pr\u00f3prio e do empoderamento para sua m\u00fasica. Te assusta ser inspira\u00e7\u00e3o para tantas pessoas?<\/strong><br \/>\nSaber disso \u00e9 muito gratificante. Acho que a gente s\u00f3 tem no\u00e7\u00e3o do papel que exerce na vida das pessoas quando elas nos retornam as viv\u00eancias delas com a nossa m\u00fasica, as experi\u00eancias que elas tiveram lendo uma entrevista nossa ou o que sentiram quando nos viram na TV. Tem disso muito especial saber que, mais que inspira\u00e7\u00e3o, algumas pessoas se sentem representadas pelo meu trabalho.<\/p>\n<p><strong>Qual o diferencial que voc\u00ea acredita ser o da sua m\u00fasica?<\/strong><br \/>\nAcredito que seja a verdade que a minha m\u00fasica passa. As coisas que acontecem na minha vida, as minhas viv\u00eancias e meu ponto de vista, refletem no meu trabalho. Eu lembro da menina que eu fui quando era mais nova e sei como \u00e9 importante me ver nos lugares, me sentir representada. Ent\u00e3o, sempre que eu puder, vou estar passando essa mensagem atrav\u00e9s do meu trabalho.<\/p>\n<p><strong>Qual a m\u00fasica que voc\u00ea mais gosta de ouvir na sua voz? E na voz de outros artistas?<\/strong><br \/>\nDif\u00edcil escolher uma m\u00fasica. Acho que do meu repert\u00f3rio, \u201cPesad\u00e3o\u201d, a mais recente, \u00e9 que mais tenho gostado de ouvir.<\/p>\n<p><strong>O que mudou na sua rela\u00e7\u00e3o com a m\u00fasica desde seus primeiros v\u00eddeos no Youtube?<\/strong><br \/>\nA transi\u00e7\u00e3o foi muito r\u00e1pida, mas acho que veio no momento certo. Eu fico muito feliz de ver o meu trabalho gerando frutos e espero que isso seja s\u00f3 o come\u00e7o. Algumas coisas j\u00e1 mudaram, claro, minha dedica\u00e7\u00e3o, meu tempo, minhas ideias, tudo muda.<\/p>\n<p><strong>Qual seu v\u00eddeo preferido daquela \u00e9poca?<\/strong><br \/>\nAh, n\u00e3o consigo escolher.<\/p>\n<p><strong>Te incomoda o fato de, como mulher negra que \u00e9 artista, sempre voc\u00ea ser obrigada a comentar e falar sobre o racismo? Muitas vezes a tem\u00e1tica \u00e9 sempre recorrente e acaba-se &#8216;esquecendo&#8217; de abordar a parte musical?<\/strong><br \/>\nN\u00e3o me incomoda. Acho que se tem conquistado muito em prol da mulher, principalmente da mulher negra. Acredito que a gente ainda \u00e9, sim, a parcela da popula\u00e7\u00e3o que mais sofre com homic\u00eddios, com preconceito, com racismo e com o machismo. Ent\u00e3o, eu quero cada vez mais \u00e9 conseguir oportunidades para que todas as mulheres tenham lugar de protagonismo tamb\u00e9m.<\/p>\n<p><img loading=\"lazy\" decoding=\"async\" class=\"aligncenter size-large wp-image-14073\" src=\"https:\/\/blogs.correio24h.com.br\/mesalte\/wp-content\/uploads\/2018\/01\/IZA-2-1024x768.jpg\" alt=\"IZA 2\" width=\"1024\" height=\"768\" srcset=\"https:\/\/blogs.correio24h.com.br\/mesalte\/wp-content\/uploads\/2018\/01\/IZA-2-1024x768.jpg 1024w, https:\/\/blogs.correio24h.com.br\/mesalte\/wp-content\/uploads\/2018\/01\/IZA-2-300x225.jpg 300w, https:\/\/blogs.correio24h.com.br\/mesalte\/wp-content\/uploads\/2018\/01\/IZA-2-768x576.jpg 768w, https:\/\/blogs.correio24h.com.br\/mesalte\/wp-content\/uploads\/2018\/01\/IZA-2-195x146.jpg 195w, https:\/\/blogs.correio24h.com.br\/mesalte\/wp-content\/uploads\/2018\/01\/IZA-2-50x38.jpg 50w, https:\/\/blogs.correio24h.com.br\/mesalte\/wp-content\/uploads\/2018\/01\/IZA-2-100x75.jpg 100w, https:\/\/blogs.correio24h.com.br\/mesalte\/wp-content\/uploads\/2018\/01\/IZA-2.jpg 1600w\" sizes=\"auto, (max-width: 1024px) 100vw, 1024px\" \/><\/p>\n<p><strong> Voc\u00ea tem chamado aten\u00e7\u00e3o tamb\u00e9m pelos looks incr\u00edveis, especialmente do p\u00fablico LGBT. Voc\u00ea ajuda sua stylist Bianca Jahara a escolh\u00ea-los? Qual sua pe\u00e7a preferida?<\/strong><br \/>\nEu sempre adorei moda, mas a Bianca me ajudou muito a sofisticar o olhar e tamb\u00e9m a entender exatamente o que eu queria passar com as minhas roupas. Elas refletem o meu humor, meu estilo e quem eu sou. Eu e a Bianca sempre trocamos refer\u00eancias e trabalhamos juntas. Nada \u00e9 feito sem a minha participa\u00e7\u00e3o, a Bia entende meu estilo e entende que n\u00e3o s\u00f3 tem que combinar comigo, mas tem que combinar naquele dia tamb\u00e9m.<\/p>\n<p><strong> Suas tran\u00e7as s\u00e3o sua marca. Voc\u00ea est\u00e1 concluindo o processo de transi\u00e7\u00e3o capilar. Como foi essa decis\u00e3o? Como espera que o p\u00fablico te receba depois da transi\u00e7\u00e3o?<\/strong><br \/>\nEu t\u00f4 louca para colocar meus cabelos crespos, enormes e longos pra todo mundo ver. Essa decis\u00e3o veio depois de um longo processo de autoconhecimento. Antes eu n\u00e3o me sentia bem com minha cor, minhas formas, meu cabelo. Hoje eu me olho no espelho e amo o que vejo. Eu me sinto bem comigo mesma de qualquer jeito, e \u00e9 isso que eu quero mostrar pra todo mundo.<\/p>\n<p><img loading=\"lazy\" decoding=\"async\" class=\"aligncenter size-large wp-image-14074\" src=\"https:\/\/blogs.correio24h.com.br\/mesalte\/wp-content\/uploads\/2018\/01\/IZA-1-1024x768.jpg\" alt=\"IZA 1\" width=\"1024\" height=\"768\" srcset=\"https:\/\/blogs.correio24h.com.br\/mesalte\/wp-content\/uploads\/2018\/01\/IZA-1-1024x768.jpg 1024w, https:\/\/blogs.correio24h.com.br\/mesalte\/wp-content\/uploads\/2018\/01\/IZA-1-300x225.jpg 300w, https:\/\/blogs.correio24h.com.br\/mesalte\/wp-content\/uploads\/2018\/01\/IZA-1-768x576.jpg 768w, https:\/\/blogs.correio24h.com.br\/mesalte\/wp-content\/uploads\/2018\/01\/IZA-1-195x146.jpg 195w, https:\/\/blogs.correio24h.com.br\/mesalte\/wp-content\/uploads\/2018\/01\/IZA-1-50x38.jpg 50w, https:\/\/blogs.correio24h.com.br\/mesalte\/wp-content\/uploads\/2018\/01\/IZA-1-100x75.jpg 100w, https:\/\/blogs.correio24h.com.br\/mesalte\/wp-content\/uploads\/2018\/01\/IZA-1.jpg 1600w\" sizes=\"auto, (max-width: 1024px) 100vw, 1024px\" \/><\/p>\n<p><strong>Quem s\u00e3o as mulheres que inspiram voc\u00ea?<\/strong><br \/>\nMuitas. Elza Soares, Rhianna, Beyonc\u00e9, Donna Summer, Nina Simone, todas elas me inspiram pela for\u00e7a e pelo papel que exercem na m\u00fasica tamb\u00e9m, pela coragem de cada uma. Al\u00e9m delas, minha tia av\u00f3 Lourdes, minha tia Nancy, minhas tias Leila e Teresa e minha m\u00e3e, principalmente, foram mulheres que me inspiram muito tamb\u00e9m.<\/p>\n<p><strong><em> Se jogue:<\/em><\/strong><br \/>\n<em> San Sebastian. Hoje, \u00e0s 23h. Ingressos: R$ 40. \u00c0 venda no local e no<a href=\"https:\/\/www.sympla.com.br\/show-da-iza---san-sebastian-salvador-festa-fruit__230290\" target=\"_blank\"> site\u00a0<\/a><\/em><\/p>\n<p>&nbsp;<\/p>\n<p><strong>Assista 10 v\u00eddeos que mostram a pluralidade da interpreta\u00e7\u00e3o de Iza <\/strong><\/p>\n<p>1. Beyonc\u00e9 &#8211; Flawless \/ Rihanna &#8211; Rude Boy (IZA Cover) &#8211; MINHAPREFERIDA!<br \/>\n<iframe loading=\"lazy\" src=\"https:\/\/www.youtube.com\/embed\/_fjk5fUsOOs\" width=\"560\" height=\"315\" frameborder=\"0\" allowfullscreen=\"allowfullscreen\"><\/iframe><\/p>\n<p>2. IZA &#8211; I Put a Spell On You<br \/>\n<iframe loading=\"lazy\" src=\"https:\/\/www.youtube.com\/embed\/GzmS4p3jXvs\" width=\"560\" height=\"315\" frameborder=\"0\" allowfullscreen=\"allowfullscreen\"><\/iframe><\/p>\n<p>3. <strong>IZA Feat. CeeLo Green &#8211; Fool For You | Live At Rock In Rio<\/strong><br \/>\n<iframe loading=\"lazy\" src=\"https:\/\/www.youtube.com\/embed\/bl9_JVwwmpw\" width=\"560\" height=\"315\" frameborder=\"0\" allowfullscreen=\"allowfullscreen\"><\/iframe><\/p>\n<p>4. IZA &#8211; Pesad\u00e3o (Participa\u00e7\u00e3o especial Marcelo Falc\u00e3o)<br \/>\n<iframe loading=\"lazy\" src=\"https:\/\/www.youtube.com\/embed\/g8psa0UBZKA\" width=\"560\" height=\"315\" frameborder=\"0\" allowfullscreen=\"allowfullscreen\"><\/iframe><\/p>\n<p>5. Sam Smith &#8211; Stay With Me (IZA Cover)<br \/>\n<iframe loading=\"lazy\" src=\"https:\/\/www.youtube.com\/embed\/wpd-F_NP9Vc\" width=\"560\" height=\"315\" frameborder=\"0\" allowfullscreen=\"allowfullscreen\"><\/iframe><\/p>\n<p>6. Beyonc\u00e9 &#8211; XO (IZA Cover)<br \/>\n<iframe loading=\"lazy\" src=\"https:\/\/www.youtube.com\/embed\/LtgclW3qlBk\" width=\"560\" height=\"315\" frameborder=\"0\" allowfullscreen=\"allowfullscreen\"><\/iframe><\/p>\n<p>7. IZA &#8211; Esse Brilho \u00c9 Meu<br \/>\n<iframe loading=\"lazy\" src=\"https:\/\/www.youtube.com\/embed\/zs1a7hRvty0\" width=\"560\" height=\"315\" frameborder=\"0\" allowfullscreen=\"allowfullscreen\"><\/iframe><\/p>\n<p>8.Adele &#8211; Hello (IZA Cover)<br \/>\n<iframe loading=\"lazy\" src=\"https:\/\/www.youtube.com\/embed\/ZDaqdK1kLJA\" width=\"560\" height=\"315\" frameborder=\"0\" allowfullscreen=\"allowfullscreen\"><\/iframe><\/p>\n<p>9. Demi Lovato &#8211; Cool For The Summer (IZA Cover)<br \/>\n<iframe loading=\"lazy\" src=\"https:\/\/www.youtube.com\/embed\/i8fFAUzyyj8\" width=\"560\" height=\"315\" frameborder=\"0\" allowfullscreen=\"allowfullscreen\"><\/iframe><\/p>\n<p>10. IZA &#8211; Te Pegar (Clipe Oficial)<br \/>\n<iframe loading=\"lazy\" src=\"https:\/\/www.youtube.com\/embed\/hb0jh-f5zX4\" width=\"560\" height=\"315\" frameborder=\"0\" allowfullscreen=\"allowfullscreen\"><\/iframe><\/p>\n","protected":false},"excerpt":{"rendered":"<p>A voz impactante que fazia covers de Beyonc\u00e9 e outras estrelas no Youtube se empoderou, cresceu e transformou a carioca Iza, 26, na nova sensa\u00e7\u00e3o do [&hellip;]<\/p>\n","protected":false},"author":1,"featured_media":14072,"comment_status":"open","ping_status":"open","sticky":false,"template":"","format":"image","meta":{"footnotes":""},"categories":[28,80,16],"tags":[1505,1506,66],"class_list":["post-14070","post","type-post","status-publish","format-image","has-post-thumbnail","hentry","category-farofa-digital","category-home","category-me-jogo","tag-iza","tag-pesadao","tag-san-sebastian","post_format-post-format-image"],"_links":{"self":[{"href":"https:\/\/blogs.correio24horas.com.br\/mesalte\/wp-json\/wp\/v2\/posts\/14070","targetHints":{"allow":["GET"]}}],"collection":[{"href":"https:\/\/blogs.correio24horas.com.br\/mesalte\/wp-json\/wp\/v2\/posts"}],"about":[{"href":"https:\/\/blogs.correio24horas.com.br\/mesalte\/wp-json\/wp\/v2\/types\/post"}],"author":[{"embeddable":true,"href":"https:\/\/blogs.correio24horas.com.br\/mesalte\/wp-json\/wp\/v2\/users\/1"}],"replies":[{"embeddable":true,"href":"https:\/\/blogs.correio24horas.com.br\/mesalte\/wp-json\/wp\/v2\/comments?post=14070"}],"version-history":[{"count":5,"href":"https:\/\/blogs.correio24horas.com.br\/mesalte\/wp-json\/wp\/v2\/posts\/14070\/revisions"}],"predecessor-version":[{"id":14110,"href":"https:\/\/blogs.correio24horas.com.br\/mesalte\/wp-json\/wp\/v2\/posts\/14070\/revisions\/14110"}],"wp:featuredmedia":[{"embeddable":true,"href":"https:\/\/blogs.correio24horas.com.br\/mesalte\/wp-json\/wp\/v2\/media\/14072"}],"wp:attachment":[{"href":"https:\/\/blogs.correio24horas.com.br\/mesalte\/wp-json\/wp\/v2\/media?parent=14070"}],"wp:term":[{"taxonomy":"category","embeddable":true,"href":"https:\/\/blogs.correio24horas.com.br\/mesalte\/wp-json\/wp\/v2\/categories?post=14070"},{"taxonomy":"post_tag","embeddable":true,"href":"https:\/\/blogs.correio24horas.com.br\/mesalte\/wp-json\/wp\/v2\/tags?post=14070"}],"curies":[{"name":"wp","href":"https:\/\/api.w.org\/{rel}","templated":true}]}}