{"id":14067,"date":"2018-01-11T11:41:19","date_gmt":"2018-01-11T14:41:19","guid":{"rendered":"http:\/\/blogs.correio24horas.com.br\/mesalte\/?p=14067"},"modified":"2018-01-11T11:44:49","modified_gmt":"2018-01-11T14:44:49","slug":"alinne-rosa-fara-show-dia-20-na-san-sebastian","status":"publish","type":"post","link":"https:\/\/blogs.correio24horas.com.br\/mesalte\/alinne-rosa-fara-show-dia-20-na-san-sebastian\/","title":{"rendered":"Alinne Rosa far\u00e1 show dia 20 na San Sebastian"},"content":{"rendered":"<p>Alinne Rosa far\u00e1 show dia 20 na San Sebastian, no Rio Vermelho a partir das 23h59. Atra\u00e7\u00e3o do bloco O Vale, a cantora est\u00e1 com a m\u00fasica nova &#8216;Aquele Fogo&#8217;. O \u00faltima vez que ela fez show junto com a San foi em julho no Le Cirque. Os ingressos come\u00e7ar\u00e3o a ser vendidos na segunda-feira (15).<\/p>\n<p><iframe loading=\"lazy\" width=\"560\" height=\"315\" src=\"https:\/\/www.youtube.com\/embed\/577hbtFr0NE\" frameborder=\"0\" allow=\"autoplay; encrypted-media\" allowfullscreen><\/iframe><\/p>\n","protected":false},"excerpt":{"rendered":"<p>Alinne Rosa far\u00e1 show dia 20 na San Sebastian, no Rio Vermelho a partir das 23h59. Atra\u00e7\u00e3o do bloco O Vale, a cantora est\u00e1 com a [&hellip;]<\/p>\n","protected":false},"author":1,"featured_media":9816,"comment_status":"open","ping_status":"open","sticky":false,"template":"","format":"image","meta":{"footnotes":""},"categories":[80,16],"tags":[],"class_list":["post-14067","post","type-post","status-publish","format-image","has-post-thumbnail","hentry","category-home","category-me-jogo","post_format-post-format-image"],"_links":{"self":[{"href":"https:\/\/blogs.correio24horas.com.br\/mesalte\/wp-json\/wp\/v2\/posts\/14067","targetHints":{"allow":["GET"]}}],"collection":[{"href":"https:\/\/blogs.correio24horas.com.br\/mesalte\/wp-json\/wp\/v2\/posts"}],"about":[{"href":"https:\/\/blogs.correio24horas.com.br\/mesalte\/wp-json\/wp\/v2\/types\/post"}],"author":[{"embeddable":true,"href":"https:\/\/blogs.correio24horas.com.br\/mesalte\/wp-json\/wp\/v2\/users\/1"}],"replies":[{"embeddable":true,"href":"https:\/\/blogs.correio24horas.com.br\/mesalte\/wp-json\/wp\/v2\/comments?post=14067"}],"version-history":[{"count":2,"href":"https:\/\/blogs.correio24horas.com.br\/mesalte\/wp-json\/wp\/v2\/posts\/14067\/revisions"}],"predecessor-version":[{"id":14069,"href":"https:\/\/blogs.correio24horas.com.br\/mesalte\/wp-json\/wp\/v2\/posts\/14067\/revisions\/14069"}],"wp:featuredmedia":[{"embeddable":true,"href":"https:\/\/blogs.correio24horas.com.br\/mesalte\/wp-json\/wp\/v2\/media\/9816"}],"wp:attachment":[{"href":"https:\/\/blogs.correio24horas.com.br\/mesalte\/wp-json\/wp\/v2\/media?parent=14067"}],"wp:term":[{"taxonomy":"category","embeddable":true,"href":"https:\/\/blogs.correio24horas.com.br\/mesalte\/wp-json\/wp\/v2\/categories?post=14067"},{"taxonomy":"post_tag","embeddable":true,"href":"https:\/\/blogs.correio24horas.com.br\/mesalte\/wp-json\/wp\/v2\/tags?post=14067"}],"curies":[{"name":"wp","href":"https:\/\/api.w.org\/{rel}","templated":true}]}}