{"id":13997,"date":"2018-01-05T13:09:35","date_gmt":"2018-01-05T16:09:35","guid":{"rendered":"http:\/\/blogs.correio24horas.com.br\/mesalte\/?p=13997"},"modified":"2018-01-05T13:09:35","modified_gmt":"2018-01-05T16:09:35","slug":"ratinho-afirma-que-dramaturgia-da-globo-tem-muito-viado","status":"publish","type":"post","link":"https:\/\/blogs.correio24horas.com.br\/mesalte\/ratinho-afirma-que-dramaturgia-da-globo-tem-muito-viado\/","title":{"rendered":"Ratinho afirma que dramaturgia da Globo tem muito &#8216;viado&#8217;"},"content":{"rendered":"<p>O apresentador do SBT Ratinho causou pol\u00eamica em seu Instagram\u00a0ao publicar um v\u00eddeo em que questiona a presen\u00e7a de homossexuais\u00a0na programa\u00e7\u00e3o da Globo. Ratinho estava comentando um epis\u00f3dio da miniss\u00e9rie Entre Irm\u00e3s, que estreou na emissora nesta semana.<\/p>\n<p>\u201cEu estava aqui vendo a novela da Globo, aquela coisa de cangaceiro e tal. Mas poxa, a Globo colocou &#8216;viado&#8217; at\u00e9 em filme de cangaceiro, gente? Naquele tempo n\u00e3o tinha &#8216;viado&#8217; n\u00e3o\u201d, disse o apresentador no v\u00eddeo. \u201cVoc\u00ea acha que tinha &#8216;viado&#8217; naquele tempo? \u00c9 muito &#8216;viado&#8217;: \u00e9 &#8216;viado&#8217; \u00e0s seis da tarde, \u00e9 &#8216;viado&#8217; \u00e0s oito da noite, \u00e9 &#8216;viado&#8217; \u00e0s nove da noite, \u00e9 &#8216;viado&#8217; \u00e0s dez da noite, \u00e9 muito &#8216;viado&#8217;. Eu n\u00e3o sei o que est\u00e1 acontecendo, n\u00e3o tem tanto &#8216;viado&#8217; assim. Ou tem? Ser\u00e1?\u201d, continuou.<\/p>\n<p><iframe loading=\"lazy\" src=\"https:\/\/www.youtube.com\/embed\/QujxJzjsz00\" width=\"560\" height=\"315\" frameborder=\"0\" allowfullscreen=\"allowfullscreen\"><\/iframe><\/p>\n<p>Muitos seguidores do apresentador logo o criticaram pelo v\u00eddeo. \u201cSim, tem &#8216;viado&#8217; em todos os lugares. Na sua fam\u00edlia, no seu programa, na sua produ\u00e7\u00e3o e na empresa que voc\u00ea trabalha\u201d, respondeu um deles. \u201cO Pa\u00eds est\u00e1 imerso em tantos problemas e o que choca as pessoas \u00e9 relacionamento gay na televis\u00e3o\u201d, escreveu outra pessoa.<\/p>\n<p>Depois da pol\u00eamica, o apresentador gravou um v\u00eddeo se desculpando. Os argumentos s\u00e3o aqueles que n\u00f3s LGBTs estamos acostumados a ouvir de vozes preconceituosas:\u00a0&#8220;Em nenhum momento eu quis ofender nenhum gay at\u00e9 porque eu trabalho com todos eles. Todos eles gostam muito de mim. Eu gosto muito deles. N\u00e3o tem nada a ver. Eu fiz uma brincadeira. Uma brincadeira pra gente brincar na internet. Quero mandar um abra\u00e7o e dizer que respeito todo mundo&#8221;, afirmou.<\/p>\n<p>&nbsp;<\/p>\n<p><iframe loading=\"lazy\" src=\"https:\/\/www.youtube.com\/embed\/92NzwigQyM4\" width=\"560\" height=\"315\" frameborder=\"0\" allowfullscreen=\"allowfullscreen\"><\/iframe><\/p>\n<p>\u00c9 inadmiss\u00edvel que um apresentador de um programa de rede nacional fa\u00e7a esse tipo de coment\u00e1rio. Vivemos no pa\u00eds que mais mata homossexuais e em ouvidos preconceituosos esses coment\u00e1rios s\u00e3o b\u00e1lsamo para perpetuar a LGBTfobia.<\/p>\n","protected":false},"excerpt":{"rendered":"<p>O apresentador do SBT Ratinho causou pol\u00eamica em seu Instagram\u00a0ao publicar um v\u00eddeo em que questiona a presen\u00e7a de homossexuais\u00a0na programa\u00e7\u00e3o da Globo. Ratinho estava comentando [&hellip;]<\/p>\n","protected":false},"author":1,"featured_media":13998,"comment_status":"open","ping_status":"open","sticky":false,"template":"","format":"image","meta":{"footnotes":""},"categories":[80,11],"tags":[122,1593],"class_list":["post-13997","post","type-post","status-publish","format-image","has-post-thumbnail","hentry","category-home","category-me-informo","tag-homofobia","tag-ratinho","post_format-post-format-image"],"_links":{"self":[{"href":"https:\/\/blogs.correio24horas.com.br\/mesalte\/wp-json\/wp\/v2\/posts\/13997","targetHints":{"allow":["GET"]}}],"collection":[{"href":"https:\/\/blogs.correio24horas.com.br\/mesalte\/wp-json\/wp\/v2\/posts"}],"about":[{"href":"https:\/\/blogs.correio24horas.com.br\/mesalte\/wp-json\/wp\/v2\/types\/post"}],"author":[{"embeddable":true,"href":"https:\/\/blogs.correio24horas.com.br\/mesalte\/wp-json\/wp\/v2\/users\/1"}],"replies":[{"embeddable":true,"href":"https:\/\/blogs.correio24horas.com.br\/mesalte\/wp-json\/wp\/v2\/comments?post=13997"}],"version-history":[{"count":1,"href":"https:\/\/blogs.correio24horas.com.br\/mesalte\/wp-json\/wp\/v2\/posts\/13997\/revisions"}],"predecessor-version":[{"id":13999,"href":"https:\/\/blogs.correio24horas.com.br\/mesalte\/wp-json\/wp\/v2\/posts\/13997\/revisions\/13999"}],"wp:featuredmedia":[{"embeddable":true,"href":"https:\/\/blogs.correio24horas.com.br\/mesalte\/wp-json\/wp\/v2\/media\/13998"}],"wp:attachment":[{"href":"https:\/\/blogs.correio24horas.com.br\/mesalte\/wp-json\/wp\/v2\/media?parent=13997"}],"wp:term":[{"taxonomy":"category","embeddable":true,"href":"https:\/\/blogs.correio24horas.com.br\/mesalte\/wp-json\/wp\/v2\/categories?post=13997"},{"taxonomy":"post_tag","embeddable":true,"href":"https:\/\/blogs.correio24horas.com.br\/mesalte\/wp-json\/wp\/v2\/tags?post=13997"}],"curies":[{"name":"wp","href":"https:\/\/api.w.org\/{rel}","templated":true}]}}