{"id":13985,"date":"2018-01-05T10:52:18","date_gmt":"2018-01-05T13:52:18","guid":{"rendered":"http:\/\/blogs.correio24horas.com.br\/mesalte\/?p=13985"},"modified":"2018-01-05T10:52:18","modified_gmt":"2018-01-05T13:52:18","slug":"ouca-o-single-paraiso-de-pabllo-vittar-com-lucas-lucco","status":"publish","type":"post","link":"https:\/\/blogs.correio24horas.com.br\/mesalte\/ouca-o-single-paraiso-de-pabllo-vittar-com-lucas-lucco\/","title":{"rendered":"Ou\u00e7a o single Para\u00edso, de Pabllo Vittar com Lucas Lucco"},"content":{"rendered":"<p>O cantor Lucas Lucco lan\u00e7ou no final da noite de quinta-feira (04)\u00a0a m\u00fasica &#8220;Para\u00edso&#8221;, feita em conjunto com a cantora Pabllo Vittar. J\u00e1 dispon\u00edvel nas plataformas de streaming, a m\u00fasica foi uma composi\u00e7\u00e3o de Ivo Mozart, Lucas Santos, Victor Reis, Rodrigo Marques, Rodrigo Gorky, Pablo Bispo, Arthur Marques e Maffalda.<\/p>\n<p>&#8220;A vontade de gravar esse &#8216;feat&#8217; foi m\u00fatua e tudo fluiu com uma energia muito boa. Estamos muito ansiosos, espero que todos gostem!&#8221;, disse Lucas por meio de sua assessoria de imprensa. No Instagram, Pabllo comemorou o lan\u00e7amento da nova m\u00fasica com uma s\u00e9rie de posts no seu Stories.<\/p>\n<p>Um clipe da m\u00fasica foi gravado na Bahia em novembro de 2017 e deve ser lan\u00e7ado ainda neste m\u00eas. Ou\u00e7a a nova m\u00fasica. Gostou?\u00a0 Acha que vai ser hino ou ser\u00e1 esquecida antes do Carnaval?<\/p>\n<p><iframe loading=\"lazy\" src=\"https:\/\/www.youtube.com\/embed\/nof0bBNERho\" width=\"560\" height=\"315\" frameborder=\"0\" allowfullscreen=\"allowfullscreen\"><\/iframe><\/p>\n","protected":false},"excerpt":{"rendered":"<p>O cantor Lucas Lucco lan\u00e7ou no final da noite de quinta-feira (04)\u00a0a m\u00fasica &#8220;Para\u00edso&#8221;, feita em conjunto com a cantora Pabllo Vittar. J\u00e1 dispon\u00edvel nas plataformas [&hellip;]<\/p>\n","protected":false},"author":1,"featured_media":13987,"comment_status":"open","ping_status":"open","sticky":false,"template":"","format":"image","meta":{"footnotes":""},"categories":[28,80],"tags":[1589,1590,1470],"class_list":["post-13985","post","type-post","status-publish","format-image","has-post-thumbnail","hentry","category-farofa-digital","category-home","tag-lucas-lucco","tag-paraiso","tag-vittar","post_format-post-format-image"],"_links":{"self":[{"href":"https:\/\/blogs.correio24horas.com.br\/mesalte\/wp-json\/wp\/v2\/posts\/13985","targetHints":{"allow":["GET"]}}],"collection":[{"href":"https:\/\/blogs.correio24horas.com.br\/mesalte\/wp-json\/wp\/v2\/posts"}],"about":[{"href":"https:\/\/blogs.correio24horas.com.br\/mesalte\/wp-json\/wp\/v2\/types\/post"}],"author":[{"embeddable":true,"href":"https:\/\/blogs.correio24horas.com.br\/mesalte\/wp-json\/wp\/v2\/users\/1"}],"replies":[{"embeddable":true,"href":"https:\/\/blogs.correio24horas.com.br\/mesalte\/wp-json\/wp\/v2\/comments?post=13985"}],"version-history":[{"count":2,"href":"https:\/\/blogs.correio24horas.com.br\/mesalte\/wp-json\/wp\/v2\/posts\/13985\/revisions"}],"predecessor-version":[{"id":13988,"href":"https:\/\/blogs.correio24horas.com.br\/mesalte\/wp-json\/wp\/v2\/posts\/13985\/revisions\/13988"}],"wp:featuredmedia":[{"embeddable":true,"href":"https:\/\/blogs.correio24horas.com.br\/mesalte\/wp-json\/wp\/v2\/media\/13987"}],"wp:attachment":[{"href":"https:\/\/blogs.correio24horas.com.br\/mesalte\/wp-json\/wp\/v2\/media?parent=13985"}],"wp:term":[{"taxonomy":"category","embeddable":true,"href":"https:\/\/blogs.correio24horas.com.br\/mesalte\/wp-json\/wp\/v2\/categories?post=13985"},{"taxonomy":"post_tag","embeddable":true,"href":"https:\/\/blogs.correio24horas.com.br\/mesalte\/wp-json\/wp\/v2\/tags?post=13985"}],"curies":[{"name":"wp","href":"https:\/\/api.w.org\/{rel}","templated":true}]}}