{"id":13981,"date":"2018-01-05T11:04:00","date_gmt":"2018-01-05T14:04:00","guid":{"rendered":"http:\/\/blogs.correio24horas.com.br\/mesalte\/?p=13981"},"modified":"2018-01-05T11:04:00","modified_gmt":"2018-01-05T14:04:00","slug":"cus-realiza-curso-sobre-judith-butler-e-lanca-8a-edicao-da-revista-periodicus","status":"publish","type":"post","link":"https:\/\/blogs.correio24horas.com.br\/mesalte\/cus-realiza-curso-sobre-judith-butler-e-lanca-8a-edicao-da-revista-periodicus\/","title":{"rendered":"CUS realiza curso sobre  Judith Butler e lan\u00e7a 8\u00aa edi\u00e7\u00e3o da revista Peri\u00f3dicus"},"content":{"rendered":"<p>O grupo de pesquisa em Cultura e Sexualidade (CUS) realiza\u00a0na pr\u00f3xima segunda-feira (8), \u00e0s 14h, a quarta parte do Curso de Introdu\u00e7\u00e3o ao Pensamento de Judith Butler, com o tema Corpos aliados e lutas pela democracia. O assunto ser\u00e1 abordado por Jo\u00e3o Manuel de Oliveira, professor visitante da Universidade Federal de Santa Catarina e Tiago Sant\u00b4Ana, doutorando em Cultura e Sociedade pela Universidade Federal da Bahia.<\/p>\n<p>O curso \u00e9 realizado no audit\u00f3rio do Pavilh\u00e3o de Aulas 5 (PAF-5), no campus de Ondina da Ufba. N\u00e3o \u00e9 necess\u00e1rio realizar inscri\u00e7\u00e3o pr\u00e9via e as pessoas participantes receber\u00e3o certificados a cada parte do curso.<\/p>\n<p>\u201cO que podem os corpos juntos? Ocupando as ruas, as boates, os bares, os bailes? Butler sugere que a nossa vulnerabilidade partilhada desafia o neoliberalismo e a ditadura do \u201cn\u00e3o tem alternativa\u201d, para nos sugerir uma pol\u00edtica e filosofia de corpos, ocupando espa\u00e7os juntos, para inspirar levantes\u201d, disse Jo\u00e3o Manuel de Oliveira, antecipando aspectos que ser\u00e3o tratados nas palestras. A quinta e \u00faltima parte do curso ser\u00e1 realizada dia 22 de janeiro, no mesmo local e hor\u00e1rio, com a palestra de Berenice Bento, sobre Caminhos divergentes e a quest\u00e3o palestina.<\/p>\n<p>Nesta segunda-feira tamb\u00e9m ser\u00e1 lan\u00e7ada a oitava edi\u00e7\u00e3o da revista acad\u00eamica Peri\u00f3dicus, que \u00e9 vinculada ao CUS. Essa edi\u00e7\u00e3o conta com um dossi\u00ea com 17 textos intitulado Cidades dissidentes, que trata sobre as rela\u00e7\u00f5es entre espa\u00e7o urbano, g\u00eanero e sexualidade.<\/p>\n<p>Entre eles est\u00e3o artigos escritos por Paul B. Preciado, Let\u00edcia Sabsay, Jos\u00e9 Esteban Mu\u00f1oz, Juan Pablo Sutherland, Bruno Pereira, Tertuliana Mascarenhas Lustosa, Maria L\u00e9o Fontes Borges Araruna, Marcelo de Tr\u00f3i, Tha\u00eds Faria Castro, entre outras. O dossi\u00ea foi organizado pelos pesquisadores Helder Thiago Maia (Universidade Federal Fluminense), Matheus Araujo dos Santos (Universidade Federal do Rio de Janeiro) e Pablo Assump\u00e7\u00e3o (Universidade Federal do Cear\u00e1).<\/p>\n<p>Al\u00e9m disso, a edi\u00e7\u00e3o contar\u00e1 com seis textos na sess\u00e3o livre, uma resenha e a tradu\u00e7\u00e3o de um trecho da primeira novela de Cecilia Palmeiro, intitulada Cat power &#8211; la toma de la tierra (2017). <a href=\"https:\/\/portalseer.ufba.br\/index.php\/revistaperiodicus\/index\" target=\"_blank\">A revista \u00e9 publicada no site.\u00a0<\/a><\/p>\n<p>Os textos para a edi\u00e7\u00e3o n\u00famero 9 podem ser submetidos pelo site da revista at\u00e9 o dia 28 de fevereiro. O pr\u00f3ximo dossi\u00ea, Crian\u00e7as desviadas, sexualidades monstruosas, educa\u00e7\u00e3o pervertida: paisagens alterit\u00e1rias das inf\u00e2ncias, ser\u00e1 organizado pelos pesquisadores Alexsandro Rodrigues (UFES), J\u00e9sio Zamboni (UFES), Leonardo Lemos (UNESP), Marcelo Santana Ferreira (UFF) e Raquel Salgado (UFMT). Em sua primeira avalia\u00e7\u00e3o pela Capes, a Peri\u00f3dicus recebeu os conceitos B2 nas \u00e1reas Interdisciplinar, Educa\u00e7\u00e3o e Ensino e B3 em Sociologia, Psicologia e Artes.<\/p>\n","protected":false},"excerpt":{"rendered":"<p>O grupo de pesquisa em Cultura e Sexualidade (CUS) realiza\u00a0na pr\u00f3xima segunda-feira (8), \u00e0s 14h, a quarta parte do Curso de Introdu\u00e7\u00e3o ao Pensamento de Judith [&hellip;]<\/p>\n","protected":false},"author":1,"featured_media":13982,"comment_status":"open","ping_status":"open","sticky":false,"template":"","format":"image","meta":{"footnotes":""},"categories":[80,11],"tags":[],"class_list":["post-13981","post","type-post","status-publish","format-image","has-post-thumbnail","hentry","category-home","category-me-informo","post_format-post-format-image"],"_links":{"self":[{"href":"https:\/\/blogs.correio24horas.com.br\/mesalte\/wp-json\/wp\/v2\/posts\/13981","targetHints":{"allow":["GET"]}}],"collection":[{"href":"https:\/\/blogs.correio24horas.com.br\/mesalte\/wp-json\/wp\/v2\/posts"}],"about":[{"href":"https:\/\/blogs.correio24horas.com.br\/mesalte\/wp-json\/wp\/v2\/types\/post"}],"author":[{"embeddable":true,"href":"https:\/\/blogs.correio24horas.com.br\/mesalte\/wp-json\/wp\/v2\/users\/1"}],"replies":[{"embeddable":true,"href":"https:\/\/blogs.correio24horas.com.br\/mesalte\/wp-json\/wp\/v2\/comments?post=13981"}],"version-history":[{"count":3,"href":"https:\/\/blogs.correio24horas.com.br\/mesalte\/wp-json\/wp\/v2\/posts\/13981\/revisions"}],"predecessor-version":[{"id":13989,"href":"https:\/\/blogs.correio24horas.com.br\/mesalte\/wp-json\/wp\/v2\/posts\/13981\/revisions\/13989"}],"wp:featuredmedia":[{"embeddable":true,"href":"https:\/\/blogs.correio24horas.com.br\/mesalte\/wp-json\/wp\/v2\/media\/13982"}],"wp:attachment":[{"href":"https:\/\/blogs.correio24horas.com.br\/mesalte\/wp-json\/wp\/v2\/media?parent=13981"}],"wp:term":[{"taxonomy":"category","embeddable":true,"href":"https:\/\/blogs.correio24horas.com.br\/mesalte\/wp-json\/wp\/v2\/categories?post=13981"},{"taxonomy":"post_tag","embeddable":true,"href":"https:\/\/blogs.correio24horas.com.br\/mesalte\/wp-json\/wp\/v2\/tags?post=13981"}],"curies":[{"name":"wp","href":"https:\/\/api.w.org\/{rel}","templated":true}]}}