{"id":13956,"date":"2018-01-04T08:55:12","date_gmt":"2018-01-04T11:55:12","guid":{"rendered":"http:\/\/blogs.correio24horas.com.br\/mesalte\/?p=13956"},"modified":"2018-01-04T12:00:52","modified_gmt":"2018-01-04T15:00:52","slug":"dona-do-hit-pesadao-iza-fara-show-dia-12-de-janeiro-em-salvador","status":"publish","type":"post","link":"https:\/\/blogs.correio24horas.com.br\/mesalte\/dona-do-hit-pesadao-iza-fara-show-dia-12-de-janeiro-em-salvador\/","title":{"rendered":"Dona do hit &#8216;Pesad\u00e3o&#8217;, Iza far\u00e1 show dia 12 de janeiro em Salvador"},"content":{"rendered":"<p>A cantora Iza se apresenta pela primeira vez em Salvador no pr\u00f3ximo dia 12 de janeiro (sexta-feira), \u00e0s 23h, na San Sebastian, no Rio Vermelho. <a href=\"https:\/\/blogs.correio24horas.com.br\/mesalte\/cantora-iza-fara-show-em-salvador-em-janeiro-saiba-mais\/\" target=\"_blank\">A informa\u00e7\u00e3o da vinda de Iza foi anunciada com exclusividade pelo Me Salte<\/a>.\u00a0 O clube aproveita a vinda da carioca de 26 anos \u00e0 capital baiana para estrear um novo selo, o Fruits. Abrindo mais cedo e mixando m\u00fasica eletr\u00f4nica com bandas de destaque, a casa traz a musa do \u201cbonde Pesad\u00e3o\u201d em show eletr\u00f4nico, com Iza nos vocais, guitarra e DJ, al\u00e9m de quatro bailarinas.<\/p>\n<p>Al\u00e9m de \u201cPesad\u00e3o\u201d, m\u00fasica que apresentou a cantora ao mercado nacional e que conta com mais de 22 milh\u00f5es de visualiza\u00e7\u00f5es e participa\u00e7\u00e3o de Falc\u00e3o, do Rappa, o repert\u00f3rio traz outras m\u00fasicas como \u201cQuem Sabe Sou Eu\u201d, \u201cTe Pegar\u201d e \u201cEsse Brilho \u00e9 Meu\u201d, al\u00e9m de vers\u00f5es de sucessos do pop internacional. Os ingressos j\u00e1 est\u00e3o \u00e0 venda no Sympla.<\/p>\n<p><strong>Servi\u00e7o <\/strong><br \/>\nFruits com IZA<br \/>\n12 de janeiro (sexta-feira), 23h<br \/>\nAtra\u00e7\u00f5es: IZA e DJs Isabella Ruas, Adrielle Coutinho, Arthur Valleti e Caco<br \/>\nIngressos: R$ 40<br \/>\n<a href=\"https:\/\/www.sympla.com.br\/show-da-iza---san-sebastian-salvador-festa-fruit__230290\" target=\"_blank\">Vendas<\/a><\/p>\n","protected":false},"excerpt":{"rendered":"<p>A cantora Iza se apresenta pela primeira vez em Salvador no pr\u00f3ximo dia 12 de janeiro (sexta-feira), \u00e0s 23h, na San Sebastian, no Rio Vermelho. A [&hellip;]<\/p>\n","protected":false},"author":1,"featured_media":13957,"comment_status":"open","ping_status":"open","sticky":false,"template":"","format":"image","meta":{"footnotes":""},"categories":[28,80,16],"tags":[1505,1506],"class_list":["post-13956","post","type-post","status-publish","format-image","has-post-thumbnail","hentry","category-farofa-digital","category-home","category-me-jogo","tag-iza","tag-pesadao","post_format-post-format-image"],"_links":{"self":[{"href":"https:\/\/blogs.correio24horas.com.br\/mesalte\/wp-json\/wp\/v2\/posts\/13956","targetHints":{"allow":["GET"]}}],"collection":[{"href":"https:\/\/blogs.correio24horas.com.br\/mesalte\/wp-json\/wp\/v2\/posts"}],"about":[{"href":"https:\/\/blogs.correio24horas.com.br\/mesalte\/wp-json\/wp\/v2\/types\/post"}],"author":[{"embeddable":true,"href":"https:\/\/blogs.correio24horas.com.br\/mesalte\/wp-json\/wp\/v2\/users\/1"}],"replies":[{"embeddable":true,"href":"https:\/\/blogs.correio24horas.com.br\/mesalte\/wp-json\/wp\/v2\/comments?post=13956"}],"version-history":[{"count":2,"href":"https:\/\/blogs.correio24horas.com.br\/mesalte\/wp-json\/wp\/v2\/posts\/13956\/revisions"}],"predecessor-version":[{"id":13959,"href":"https:\/\/blogs.correio24horas.com.br\/mesalte\/wp-json\/wp\/v2\/posts\/13956\/revisions\/13959"}],"wp:featuredmedia":[{"embeddable":true,"href":"https:\/\/blogs.correio24horas.com.br\/mesalte\/wp-json\/wp\/v2\/media\/13957"}],"wp:attachment":[{"href":"https:\/\/blogs.correio24horas.com.br\/mesalte\/wp-json\/wp\/v2\/media?parent=13956"}],"wp:term":[{"taxonomy":"category","embeddable":true,"href":"https:\/\/blogs.correio24horas.com.br\/mesalte\/wp-json\/wp\/v2\/categories?post=13956"},{"taxonomy":"post_tag","embeddable":true,"href":"https:\/\/blogs.correio24horas.com.br\/mesalte\/wp-json\/wp\/v2\/tags?post=13956"}],"curies":[{"name":"wp","href":"https:\/\/api.w.org\/{rel}","templated":true}]}}