{"id":13930,"date":"2018-01-03T09:21:30","date_gmt":"2018-01-03T12:21:30","guid":{"rendered":"http:\/\/blogs.correio24horas.com.br\/mesalte\/?p=13930"},"modified":"2018-01-03T09:32:16","modified_gmt":"2018-01-03T12:32:16","slug":"liniker-e-os-caramelows-farao-serie-de-shows-intimistas-em-salvador","status":"publish","type":"post","link":"https:\/\/blogs.correio24horas.com.br\/mesalte\/liniker-e-os-caramelows-farao-serie-de-shows-intimistas-em-salvador\/","title":{"rendered":"Liniker e os Caramelows far\u00e3o s\u00e9rie de shows intimistas em Salvador"},"content":{"rendered":"<p>Prontos para caramelizar? A banda\u00a0Liniker e os Caramelows\u00a0far\u00e1 entre os dias 18 e 21 um show intimista em Salvador. O grupo comanda o projeto Flores na Cabe\u00e7a e P\u00e9talas no Cora\u00e7\u00e3o, na Caixa Cultural, no Centro. A informa\u00e7\u00e3o foi divulgada pela colunista Giuliana Mancini, da coluna<strong><a href=\"http:\/\/www.correio24horas.com.br\/noticias\/tag\/coluna%20vip\/\" target=\"_blank\"> Vip do jornal CORREIO<\/a><\/strong>.\u00a0Como a capacidade do lugar \u00e9 para 140 pessoas, ser\u00e1 o primeiro espet\u00e1culo intimista da turma em Salvador.<\/p>\n<p>O espet\u00e1culo traduz a blackmusic e o soul para uma linguagem contempor\u00e2nea brasileira, com composi\u00e7\u00f5es autorais em portugu\u00eas que trazem como tema central as rela\u00e7\u00f5es e o amor. Os shows acontecem de quinta a s\u00e1bado, \u00e0s 20h, e no domingo, \u00e0s 19h.<\/p>\n<p>No repert\u00f3rio, can\u00e7\u00f5es que falam do hoje, dos amores, entendimento sobre g\u00eanero e identidade, tratando de assuntos que o atravessam e fazem o corpo dan\u00e7ar. Al\u00e9m de apresenta\u00e7\u00f5es musicais, o espa\u00e7o tamb\u00e9m receber\u00e1 um bate-papo com a cantora Liniker, com o tema Os Desafios de ser um Artista Independente no Brasil. O encontro acontece \u00e0s 15h do dia 19, no Sal\u00e3o Nobre. J\u00e1 as performances rolam \u00e0s 20h, de 18 a 20, e \u00e0s 19h no dia 21.<\/p>\n<p>O encontro ser\u00e1 na sexta (19), \u00e0s 15h, no Sal\u00e3o Nobre. As inscri\u00e7\u00f5es para participar da roda de conversa ser\u00e3o realizadas uma hora antes da atividade e est\u00e3o sujeitas \u00e0 lota\u00e7\u00e3o do espa\u00e7o. J\u00e1 os ingressos para os shows ser\u00e3o vendidos a pre\u00e7os populares &#8211; de R$ 10 (inteira) e R$ 5 (meia-entrada), a partir das 9h da quinta-feira (23), na bilheteria da pr\u00f3pria CAIXA Cultural Salvador. Liniker e os Caramelows &#8211; \u2018Flores na Cabe\u00e7a e P\u00e9talas no Cora\u00e7\u00e3o\u2019 \u00e9 uma realiza\u00e7\u00e3o da Via Press Comunica\u00e7\u00e3o e Eventos.<\/p>\n<p><strong>Servi\u00e7o: Liniker e os Caramelows &#8211; \u2018Flores na Cabe\u00e7a e P\u00e9talas no Cora\u00e7\u00e3o\u2019<br \/>\n<\/strong>Per\u00edodo: de 18 a 21 de janeiro de 2018 (quinta-feira a domingo)<br \/>\nHor\u00e1rio: dias 18, 19 e 20 (quinta a domingo), \u00e0s 20h; dia 21 (domingo), \u00e0s 19h.<br \/>\nLocal: Caixa Cultural Salvador (Rua Carlos Gomes, 57, Centro \u2013 Salvador)}<br \/>\nIngressos: R$ 10 (inteira) e R$ 5 (meia)<br \/>\nVendas: Bilheteria da Caixa Cultural Salvador, a partir das 9h do dia 18\/01<br \/>\nInforma\u00e7\u00f5es: (71) 3421-4200<br \/>\nClassifica\u00e7\u00e3o indicativa: livre<\/p>\n<p>&nbsp;<\/p>\n","protected":false},"excerpt":{"rendered":"<p>Prontos para caramelizar? A banda\u00a0Liniker e os Caramelows\u00a0far\u00e1 entre os dias 18 e 21 um show intimista em Salvador. O grupo comanda o projeto Flores na [&hellip;]<\/p>\n","protected":false},"author":1,"featured_media":13932,"comment_status":"open","ping_status":"open","sticky":false,"template":"","format":"image","meta":{"footnotes":""},"categories":[80,16],"tags":[319],"class_list":["post-13930","post","type-post","status-publish","format-image","has-post-thumbnail","hentry","category-home","category-me-jogo","tag-liniker","post_format-post-format-image"],"_links":{"self":[{"href":"https:\/\/blogs.correio24horas.com.br\/mesalte\/wp-json\/wp\/v2\/posts\/13930","targetHints":{"allow":["GET"]}}],"collection":[{"href":"https:\/\/blogs.correio24horas.com.br\/mesalte\/wp-json\/wp\/v2\/posts"}],"about":[{"href":"https:\/\/blogs.correio24horas.com.br\/mesalte\/wp-json\/wp\/v2\/types\/post"}],"author":[{"embeddable":true,"href":"https:\/\/blogs.correio24horas.com.br\/mesalte\/wp-json\/wp\/v2\/users\/1"}],"replies":[{"embeddable":true,"href":"https:\/\/blogs.correio24horas.com.br\/mesalte\/wp-json\/wp\/v2\/comments?post=13930"}],"version-history":[{"count":4,"href":"https:\/\/blogs.correio24horas.com.br\/mesalte\/wp-json\/wp\/v2\/posts\/13930\/revisions"}],"predecessor-version":[{"id":13935,"href":"https:\/\/blogs.correio24horas.com.br\/mesalte\/wp-json\/wp\/v2\/posts\/13930\/revisions\/13935"}],"wp:featuredmedia":[{"embeddable":true,"href":"https:\/\/blogs.correio24horas.com.br\/mesalte\/wp-json\/wp\/v2\/media\/13932"}],"wp:attachment":[{"href":"https:\/\/blogs.correio24horas.com.br\/mesalte\/wp-json\/wp\/v2\/media?parent=13930"}],"wp:term":[{"taxonomy":"category","embeddable":true,"href":"https:\/\/blogs.correio24horas.com.br\/mesalte\/wp-json\/wp\/v2\/categories?post=13930"},{"taxonomy":"post_tag","embeddable":true,"href":"https:\/\/blogs.correio24horas.com.br\/mesalte\/wp-json\/wp\/v2\/tags?post=13930"}],"curies":[{"name":"wp","href":"https:\/\/api.w.org\/{rel}","templated":true}]}}