{"id":13902,"date":"2017-12-31T14:06:15","date_gmt":"2017-12-31T17:06:15","guid":{"rendered":"http:\/\/blogs.correio24horas.com.br\/mesalte\/?p=13902"},"modified":"2017-12-31T14:06:15","modified_gmt":"2017-12-31T17:06:15","slug":"o-arco-iris-esta-na-boca-do-rio-precisamos-falar-sobre-a-diversidade-no-festival-da-virada-salvador","status":"publish","type":"post","link":"https:\/\/blogs.correio24horas.com.br\/mesalte\/o-arco-iris-esta-na-boca-do-rio-precisamos-falar-sobre-a-diversidade-no-festival-da-virada-salvador\/","title":{"rendered":"O arco-\u00edris est\u00e1 na Boca do Rio: precisamos falar sobre a diversidade no Festival da Virada Salvador"},"content":{"rendered":"<p>No primeiro dia, Pabllo Vittar arrastou uma legi\u00e3o de f\u00e3s. As bees afeminadas deram close sem medo de ser feliz. No segundo dia, Claudia Leitte foi o principal im\u00e3 cor de rosa para levar os LGBTQ+ para o Festival da Virada Salvador. Ontem &#8211; sem nenhuma atra\u00e7\u00e3o dita LGBTQ+ &#8211; pensei que seriamos um pontinho colorido na multid\u00e3o. Errei (ainda bem). Casais homoafetivos dan\u00e7aram coladinhos ao som de Matheus e Kau\u00e3 e gritaram quando Carlinhos Brown tocou o single A Namorada e ainda deu o recado: &#8220;Hoje temos Pabllo Vittar\u00a0e outras express\u00f5es do amor. O casamento homoafetivo \u00e9 uma realidade. Ningu\u00e9m precisa ser gay para lutar contra a homofobia&#8221;.<\/p>\n<p>Em festas populares, normalmente, n\u00f3s LGBTQ+ ficamos acuados e temendo eventuais ataques. O que pude ver no Festival, at\u00e9 o momento, \u00a0\u00e9 que &#8211; gra\u00e7as \u00e0s grandes divas compondo a grade &#8211; tivemos orgulho de colocar a nossa cara na rua. Mas n\u00e3o \u00e9 somente por esse motivo. Isso \u00e9 reflexo do momento em que vivemos na sociedade e principalmente de coragem de quem n\u00e3o teme colocar um short curto, fazer uma make ou at\u00e9 mesmo ficar dan\u00e7ando de rostinho colado com o boy enquanto os heteros apenas observam. <a href=\"https:\/\/blogs.correio24horas.com.br\/mesalte\/conheca-a-historia-de-sebastian-dance-a-dancarina-que-lacrou-no-palco-com-pabllo-vittar\/\" target=\"_blank\">E Sebastian Dance, que divou no palco com a Vittar e virou assunto na cidade? As bees est\u00e3o cada dia mais poderosas (am\u00e9m!).<\/a><\/p>\n<blockquote class=\"instagram-media\" style=\"background: #FFF; border: 0; border-radius: 3px; box-shadow: 0 0 1px 0 rgba(0,0,0,0.5),0 1px 10px 0 rgba(0,0,0,0.15); margin: 1px; max-width: 658px; padding: 0; width: calc(100% - 2px);\" data-instgrm-permalink=\"https:\/\/www.instagram.com\/p\/BdRNLzAnUtr\/\" data-instgrm-version=\"8\">\n<div style=\"padding: 8px;\">\n<div style=\"background: #F8F8F8; line-height: 0; margin-top: 40px; padding: 28.194444444444443% 0; text-align: center; width: 100%;\"><\/div>\n<p style=\"color: #c9c8cd; font-family: Arial,sans-serif; font-size: 14px; line-height: 17px; margin-bottom: 0; margin-top: 8px; overflow: hidden; padding: 8px 0 7px; text-align: center; text-overflow: ellipsis; white-space: nowrap;\"><a style=\"color: #c9c8cd; font-family: Arial,sans-serif; font-size: 14px; font-style: normal; font-weight: normal; line-height: 17px; text-decoration: none;\" href=\"https:\/\/www.instagram.com\/p\/BdRNLzAnUtr\/\" target=\"_blank\">Uma publica\u00e7\u00e3o compartilhada por Me Salte (@me_salte)<\/a> em <time style=\"font-family: Arial,sans-serif; font-size: 14px; line-height: 17px;\" datetime=\"2017-12-29T02:13:35+00:00\">28 de Dez, 2017 \u00e0s 6:13 PST<\/time><\/p>\n<\/div>\n<\/blockquote>\n<p><script src=\"\/\/platform.instagram.com\/en_US\/embeds.js\" async=\"\" defer=\"defer\"><\/script><\/p>\n<p>Obviamente que os gays (que foram maioria nos dias de festa) gostam de outras atra\u00e7\u00f5es, mas as divas acabam tendo maior chamariz e aten\u00e7\u00e3o. Teve muito gay lacrando ao som de Safad\u00e3o, quebrando com o Harmonia do Samba e dan\u00e7ando coladinho ao som do mestre Gilberto Gil. Afinal, n\u00e3o existe barreiras quando o assunto \u00e9 gosto musical.<\/p>\n<blockquote class=\"instagram-media\" style=\"background: #FFF; border: 0; border-radius: 3px; box-shadow: 0 0 1px 0 rgba(0,0,0,0.5),0 1px 10px 0 rgba(0,0,0,0.15); margin: 1px; max-width: 658px; padding: 0; width: calc(100% - 2px);\" data-instgrm-permalink=\"https:\/\/www.instagram.com\/p\/BdVPszwnxEu\/\" data-instgrm-version=\"8\">\n<div style=\"padding: 8px;\">\n<div style=\"background: #F8F8F8; line-height: 0; margin-top: 40px; padding: 27.500000000000004% 0; text-align: center; width: 100%;\"><\/div>\n<p><a style=\"color: #c9c8cd; font-family: Arial,sans-serif; font-size: 14px; font-style: normal; font-weight: normal; line-height: 17px; text-decoration: none;\" href=\"https:\/\/www.instagram.com\/p\/BdVPszwnxEu\/\" target=\"_blank\">Uma publica\u00e7\u00e3o compartilhada por Me Salte (@me_salte)<\/a> em <time style=\"font-family: Arial,sans-serif; font-size: 14px; line-height: 17px;\" datetime=\"2017-12-30T15:50:40+00:00\">30 de Dez, 2017 \u00e0s 7:50 PST<\/time>\n<\/div>\n<\/blockquote>\n<p><script src=\"\/\/platform.instagram.com\/en_US\/embeds.js\" async=\"\" defer=\"defer\"><\/script><\/p>\n<p>E os heteros, como ficam? Bom&#8230;a\u00ed como diz o ditado s\u00e3o outros 500.<\/p>\n<p>&#8220;Porra, fudeu vei! Agora \u00e9 sucesso mesmo. N\u00e3o tem mais jeito&#8221;, disse um cafu\u00e7u quando (pela mil\u00e9sima vez) a FitDance cantou K.O., single de Pabllo Vittar em um dos intervalos entre os shows. Esse falou num tom de resigna\u00e7\u00e3o. Vi outros com a cara fechada, bico torcido quando passava algum casal homoafetivo de m\u00e3os dadas (e foram muuuuuuuuuuitos!!!!!! al\u00f4, al\u00f4 Gra\u00e7as a Deus). Mas tamb\u00e9m vi gente como a vendedora ambulante Val\u00e9ria Santos. &#8220;Ouxe, eu gosto mesmo \u00e9 da viadagem. Voc\u00eas s\u00e3o mais de boas. Sem problema. N\u00e3o vejo briga entre voc\u00eas&#8221;, brincou ela que tem dois filhos gays.<\/p>\n<p><a href=\"http:\/\/www.correio24horas.com.br\/noticias\/tag\/Festival%20Virada%20Salvador\/\" target=\"_blank\"><strong>SAIBA TUDO SOBRE O FESTIVAL VIRADA SALVADOR<\/strong><\/a><\/p>\n<p>As m\u00fasicas &#8216;de gays&#8217; j\u00e1 chegaram aos ouvidos heteros inclusive no acolhimento e apropria\u00e7\u00e3o de falas (isso aqui \u00e9 assunto para outro post). Fiquei no ch\u00e3o quando vi casais heteros dan\u00e7ando Lacradora de Claudia Leitte ou at\u00e9 mesmo um cafu\u00e7u 4&#215;4 ir at\u00e9 o ch\u00e3o na coreografia de Sua Cara (Pabllo Vittar, Major Lazer e Anitta). Rebolou mais do que Carla Perez nos tempos de Gera Samba.<\/p>\n<p>Como nem tudo s\u00e3o flores vale aquela aten\u00e7\u00e3o, principalemnte, na hora de ir ao banheiro. A opress\u00e3o machista e homof\u00f3bica n\u00e3o se deixa ofuscar. Vi muitas bees recebendo xurria de hetero por se vestir de saia. &#8220;Aqui \u00e9 lugar de homem\/Saia \u00e9 coisa de mulher\/Lugar de viado n\u00e3o \u00e9 aqui&#8221;. Essas foram algumas das frases que presenciei. Nos momentos que vi, pelo menos, quem ouviu usou uma \u00f3tima estrat\u00e9gia de enfrentamento: EXISTIR. Sem brigar, mas deixando claro que aquele espa\u00e7o \u00e9 de todxs n\u00f3s independente da orienta\u00e7\u00e3o sexual. Inclusive, teve gente que aproveitou o ar condicionado para fazer o famoso banheir\u00e3o! #pas<\/p>\n<p>Uma amiga trans &#8211; que pediu que n\u00e3o citasse seu nome &#8211; contou que ficou surpresa com a rea\u00e7\u00e3o das outras mulheres quando ela foi usar o banheiro nos dois dias que foi para o Festival. &#8220;Eu fico sempre com medo em locais assim cheios, mas me surpreendi positivamente quando precisei ir ao banheiro feminino. Fui bem acolhida. Sei que isso \u00e9 um o\u00e1sis numa vida de opress\u00e3o, mas \u00e9 sempre um passo de cada vez&#8221;.<\/p>\n<p>Longe dos banheiros o que pude perceber \u00e9 um enfrentamento pela presen\u00e7a. \u00c9 sempre bom ver dois homens ou duas mulheres, por exemplo, se beijando em p\u00fablico sem ser agredido verbal ou fisicamente. A agress\u00e3o do olhar de reprova\u00e7\u00e3o dos preconceituosos vai sempre existir esteja onde estivermos. Mas, a forma com que reagimos \u00e9 o que faz a diferen\u00e7a. Ou seja, lacrando mais, beijando mais e vivendo mais.<\/p>\n<p>E n\u00e3o paramos por a\u00ed. Afinal, hoje tem Ivete Sangalo, Mar\u00edlia Mendon\u00e7a&#8230; E dia primeiro de janeiro tem a rainha de todas n\u00f3s, Daniela Mercury, para arrastar ainda mais o arco-\u00edris para a Boca do Rio e come\u00e7armos 2018 lacrando e mostrando que JUNTXS SOMOS MAIS FORTES. Que esse empoderamento ultrapasse as linhas do Festival e que esse arco-\u00edris possa florescer ainda mais em outros cantos. #ACEITAOUSURTA<\/p>\n","protected":false},"excerpt":{"rendered":"<p>No primeiro dia, Pabllo Vittar arrastou uma legi\u00e3o de f\u00e3s. As bees afeminadas deram close sem medo de ser feliz. No segundo dia, Claudia Leitte foi [&hellip;]<\/p>\n","protected":false},"author":1,"featured_media":13908,"comment_status":"open","ping_status":"open","sticky":false,"template":"","format":"image","meta":{"footnotes":""},"categories":[80,9],"tags":[569,968,1584,967,43,1253,1470],"class_list":["post-13902","post","type-post","status-publish","format-image","has-post-thumbnail","hentry","category-home","category-me-orgulho","tag-claudia-leitte","tag-daniela","tag-festival-virada-salvador","tag-ivete","tag-lgbt","tag-pabllo","tag-vittar","post_format-post-format-image"],"_links":{"self":[{"href":"https:\/\/blogs.correio24horas.com.br\/mesalte\/wp-json\/wp\/v2\/posts\/13902","targetHints":{"allow":["GET"]}}],"collection":[{"href":"https:\/\/blogs.correio24horas.com.br\/mesalte\/wp-json\/wp\/v2\/posts"}],"about":[{"href":"https:\/\/blogs.correio24horas.com.br\/mesalte\/wp-json\/wp\/v2\/types\/post"}],"author":[{"embeddable":true,"href":"https:\/\/blogs.correio24horas.com.br\/mesalte\/wp-json\/wp\/v2\/users\/1"}],"replies":[{"embeddable":true,"href":"https:\/\/blogs.correio24horas.com.br\/mesalte\/wp-json\/wp\/v2\/comments?post=13902"}],"version-history":[{"count":4,"href":"https:\/\/blogs.correio24horas.com.br\/mesalte\/wp-json\/wp\/v2\/posts\/13902\/revisions"}],"predecessor-version":[{"id":13907,"href":"https:\/\/blogs.correio24horas.com.br\/mesalte\/wp-json\/wp\/v2\/posts\/13902\/revisions\/13907"}],"wp:featuredmedia":[{"embeddable":true,"href":"https:\/\/blogs.correio24horas.com.br\/mesalte\/wp-json\/wp\/v2\/media\/13908"}],"wp:attachment":[{"href":"https:\/\/blogs.correio24horas.com.br\/mesalte\/wp-json\/wp\/v2\/media?parent=13902"}],"wp:term":[{"taxonomy":"category","embeddable":true,"href":"https:\/\/blogs.correio24horas.com.br\/mesalte\/wp-json\/wp\/v2\/categories?post=13902"},{"taxonomy":"post_tag","embeddable":true,"href":"https:\/\/blogs.correio24horas.com.br\/mesalte\/wp-json\/wp\/v2\/tags?post=13902"}],"curies":[{"name":"wp","href":"https:\/\/api.w.org\/{rel}","templated":true}]}}