{"id":13897,"date":"2017-12-30T10:46:29","date_gmt":"2017-12-30T13:46:29","guid":{"rendered":"http:\/\/blogs.correio24horas.com.br\/mesalte\/?p=13897"},"modified":"2017-12-30T10:46:29","modified_gmt":"2017-12-30T13:46:29","slug":"pabllo-vittar-sera-jurada-de-episodio-de-rupauls-drag-race-diz-jornal","status":"publish","type":"post","link":"https:\/\/blogs.correio24horas.com.br\/mesalte\/pabllo-vittar-sera-jurada-de-episodio-de-rupauls-drag-race-diz-jornal\/","title":{"rendered":"Pabllo Vittar ser\u00e1 jurada de epis\u00f3dio de RuPaul\u2019s Drag Race, diz jornal"},"content":{"rendered":"<p>Voc\u00ea acha que j\u00e1 leu tudo que tinha que ler sobre Pabllo Vittar esse ano? Enganou-se!\u00a0 Segundo a coluna Zapping, do jornal Agora, publicada neste s\u00e1bado (30), a drag queen brasileira teria sido convidada a participar do reality \u201cRuPaul\u2019s Drag Race\u201d.<\/p>\n<p>De acordo com a publica\u00e7\u00e3o, Pabllo recebeu\u00a0 convite para participar como jurada convidada de um dos epis\u00f3dios da 11\u00aa temporada, que ser\u00e1 gravada no segundo semestre de 2018.<\/p>\n<p>O Me Salte tentou contato com a equipe da Pabllo para confirmar a informa\u00e7\u00e3o mas n\u00e3o obteve retorno at\u00e9 a publica\u00e7\u00e3o desta mat\u00e9ria.<\/p>\n<p>Ap\u00f3s o Carnaval, Pabllo come\u00e7ar\u00e1 a gravar novas m\u00fasicas nos Estados Unidos, conforme ela anunciou essa semana em Salvador.<\/p>\n<p>A cantora tamb\u00e9m prometeu que seu pr\u00f3ximo disco ter\u00e1 v\u00e1rias parcerias internacionais. Ser\u00e1 que vai ter um feat da Pabllo com a mama Ru? #SeriaMeuSonho<\/p>\n","protected":false},"excerpt":{"rendered":"<p>Voc\u00ea acha que j\u00e1 leu tudo que tinha que ler sobre Pabllo Vittar esse ano? Enganou-se!\u00a0 Segundo a coluna Zapping, do jornal Agora, publicada neste s\u00e1bado [&hellip;]<\/p>\n","protected":false},"author":1,"featured_media":13457,"comment_status":"open","ping_status":"open","sticky":false,"template":"","format":"image","meta":{"footnotes":""},"categories":[80,25],"tags":[1470],"class_list":["post-13897","post","type-post","status-publish","format-image","has-post-thumbnail","hentry","category-home","category-me-transformo","tag-vittar","post_format-post-format-image"],"_links":{"self":[{"href":"https:\/\/blogs.correio24horas.com.br\/mesalte\/wp-json\/wp\/v2\/posts\/13897","targetHints":{"allow":["GET"]}}],"collection":[{"href":"https:\/\/blogs.correio24horas.com.br\/mesalte\/wp-json\/wp\/v2\/posts"}],"about":[{"href":"https:\/\/blogs.correio24horas.com.br\/mesalte\/wp-json\/wp\/v2\/types\/post"}],"author":[{"embeddable":true,"href":"https:\/\/blogs.correio24horas.com.br\/mesalte\/wp-json\/wp\/v2\/users\/1"}],"replies":[{"embeddable":true,"href":"https:\/\/blogs.correio24horas.com.br\/mesalte\/wp-json\/wp\/v2\/comments?post=13897"}],"version-history":[{"count":2,"href":"https:\/\/blogs.correio24horas.com.br\/mesalte\/wp-json\/wp\/v2\/posts\/13897\/revisions"}],"predecessor-version":[{"id":13899,"href":"https:\/\/blogs.correio24horas.com.br\/mesalte\/wp-json\/wp\/v2\/posts\/13897\/revisions\/13899"}],"wp:featuredmedia":[{"embeddable":true,"href":"https:\/\/blogs.correio24horas.com.br\/mesalte\/wp-json\/wp\/v2\/media\/13457"}],"wp:attachment":[{"href":"https:\/\/blogs.correio24horas.com.br\/mesalte\/wp-json\/wp\/v2\/media?parent=13897"}],"wp:term":[{"taxonomy":"category","embeddable":true,"href":"https:\/\/blogs.correio24horas.com.br\/mesalte\/wp-json\/wp\/v2\/categories?post=13897"},{"taxonomy":"post_tag","embeddable":true,"href":"https:\/\/blogs.correio24horas.com.br\/mesalte\/wp-json\/wp\/v2\/tags?post=13897"}],"curies":[{"name":"wp","href":"https:\/\/api.w.org\/{rel}","templated":true}]}}