{"id":13880,"date":"2017-12-29T14:03:46","date_gmt":"2017-12-29T17:03:46","guid":{"rendered":"http:\/\/blogs.correio24horas.com.br\/mesalte\/?p=13880"},"modified":"2017-12-29T14:58:58","modified_gmt":"2017-12-29T17:58:58","slug":"conheca-a-historia-de-sebastian-dance-a-dancarina-que-lacrou-no-palco-com-pabllo-vittar","status":"publish","type":"post","link":"https:\/\/blogs.correio24horas.com.br\/mesalte\/conheca-a-historia-de-sebastian-dance-a-dancarina-que-lacrou-no-palco-com-pabllo-vittar\/","title":{"rendered":"Conhe\u00e7a a hist\u00f3ria de Sebastian Dance, a dan\u00e7arina que lacrou no palco com Pabllo Vittar"},"content":{"rendered":"<p>\u00d3rf\u00e3 de pai e m\u00e3e, Sebastian Dance viveu at\u00e9 os 18 anos em um orfanato na Ribeira, em Salvador. Foi deixada na porta da institui\u00e7\u00e3o dentro de uma caixa de isopor e passou a vida lutando para se destacar no meio da multid\u00e3o. Ontem, aos 41 anos, roubou a cena durante o show da drag queen Pabllo Vittar no Festival da Virada Salvador.<\/p>\n<p>Ficou 30 minutos, em p\u00e9, nos ombos de um desconhecido tentando chamar a aten\u00e7\u00e3o da diva. Conseguiu. Subiu no palco, dan\u00e7ou K.O. (m\u00fasica de maior sucesso da drag) e mostrou para o mundo o gingado que pode ser visto atualmente nas praias da Barra, Boca do Rio e Imbu\u00ed em apresenta\u00e7\u00f5es de dan\u00e7a que faz para sobreviver.<\/p>\n<blockquote class=\"instagram-media\" style=\"background: #FFF; border: 0; border-radius: 3px; box-shadow: 0 0 1px 0 rgba(0,0,0,0.5),0 1px 10px 0 rgba(0,0,0,0.15); margin: 1px; max-width: 658px; padding: 0; width: calc(100% - 2px);\" data-instgrm-captioned=\"\" data-instgrm-permalink=\"https:\/\/www.instagram.com\/p\/BdRNLzAnUtr\/\" data-instgrm-version=\"8\">\n<div style=\"padding: 8px;\">\n<div style=\"background: #F8F8F8; line-height: 0; margin-top: 40px; padding: 28.194444444444443% 0; text-align: center; width: 100%;\"><\/div>\n<p style=\"margin: 8px 0 0 0; padding: 0 4px;\"><a style=\"color: #000; font-family: Arial,sans-serif; font-size: 14px; font-style: normal; font-weight: normal; line-height: 17px; text-decoration: none; word-wrap: break-word;\" href=\"https:\/\/www.instagram.com\/p\/BdRNLzAnUtr\/\" target=\"_blank\">Olha s\u00f3 o close em cima do palco do festival da virada Salvador. @sebastiandance subiu no palco e deu K.O. ao som de @pabllovittar #salvador #virada #viradasalvador #festivaldavirada #pabllo #vittar #vittarlovers #vittaremsalvador #gay #lgbt #closemesalte<\/a><\/p>\n<p style=\"color: #c9c8cd; font-family: Arial,sans-serif; font-size: 14px; line-height: 17px; margin-bottom: 0; margin-top: 8px; overflow: hidden; padding: 8px 0 7px; text-align: center; text-overflow: ellipsis; white-space: nowrap;\">Uma publica\u00e7\u00e3o compartilhada por <a style=\"color: #c9c8cd; font-family: Arial,sans-serif; font-size: 14px; font-style: normal; font-weight: normal; line-height: 17px;\" href=\"https:\/\/www.instagram.com\/me_salte\/\" target=\"_blank\"> Me Salte<\/a> (@me_salte) em <time style=\"font-family: Arial,sans-serif; font-size: 14px; line-height: 17px;\" datetime=\"2017-12-29T02:13:35+00:00\">28 de Dez, 2017 \u00e0s 6:13 PST<\/time><\/p>\n<\/div>\n<\/blockquote>\n<p><script src=\"\/\/platform.instagram.com\/en_US\/embeds.js\" async=\"\" defer=\"defer\"><\/script><\/p>\n<p>Formada em dan\u00e7a, jazz e bal\u00e9 atrav\u00e9s de projeto social da Universidade Federal da Bahia, \u00a0em 1997, Sebastian j\u00e1 teve oportunidade de sentir o gostinho da fama. &#8220;Cheguei a dan\u00e7ar dois shows com Daniela Mercury nos anos 1990. Quando eu sai do orfanato cheguei tamb\u00e9m a dan\u00e7ar um tempo no grupo \u00c9 o Tchan por dois meses. Fiz programas de televis\u00e3o famosos de rede nacional&#8221;, conta Sebastian que ganhou esse nome, segundo ela relata, no programa Doming\u00e3o do Faust\u00e3o.<\/p>\n<p>&#8220;Eu estava no camarim quando Faust\u00e3o me viu e disse que eu parecia com o Sebastian (famoso pela propaganda das lojas C&amp;A). Ele me chamou desse nome ao vivo e hoje \u00e9 o nome que me reconhe\u00e7o&#8221;, relata Sebastian que desde ontem n\u00e3o para de ser solicitada pela imprensa. &#8220;J\u00e1 perdi as contas de \u00a0quantas entrevistas eu dei. Mas gosto assim porque sou famosa&#8221;, brinca.<\/p>\n<p><img loading=\"lazy\" decoding=\"async\" class=\"aligncenter size-full wp-image-13884\" src=\"https:\/\/blogs.correio24h.com.br\/mesalte\/wp-content\/uploads\/2017\/12\/sebastian.jpg\" alt=\"sebastian\" width=\"443\" height=\"575\" srcset=\"https:\/\/blogs.correio24h.com.br\/mesalte\/wp-content\/uploads\/2017\/12\/sebastian.jpg 443w, https:\/\/blogs.correio24h.com.br\/mesalte\/wp-content\/uploads\/2017\/12\/sebastian-231x300.jpg 231w, https:\/\/blogs.correio24h.com.br\/mesalte\/wp-content\/uploads\/2017\/12\/sebastian-112x146.jpg 112w, https:\/\/blogs.correio24h.com.br\/mesalte\/wp-content\/uploads\/2017\/12\/sebastian-39x50.jpg 39w, https:\/\/blogs.correio24h.com.br\/mesalte\/wp-content\/uploads\/2017\/12\/sebastian-58x75.jpg 58w\" sizes=\"auto, (max-width: 443px) 100vw, 443px\" \/><\/p>\n<p>Sebastian ressalta que n\u00e3o gosta de r\u00f3tulos nem de g\u00eaneros. &#8220;N\u00e3o sou um homem gay, n\u00e3o sou uma travesti. Eu sou diferente. N\u00e3o preciso botar cabelo, tatuagem. Sou uma diferen\u00e7a e vivo feliz por isso. O povo me chama de Sebastiana, de Sebastian, mas eu sou eu e pronto&#8221;, afirma Sebastian que sonha em ter reconhecimento e oportunidade de voltar aos palcos.<\/p>\n<p><strong>Quer close?<\/strong><\/p>\n<blockquote class=\"instagram-media\" style=\"background: #FFF; border: 0; border-radius: 3px; box-shadow: 0 0 1px 0 rgba(0,0,0,0.5),0 1px 10px 0 rgba(0,0,0,0.15); margin: 1px; max-width: 658px; padding: 0; width: calc(100% - 2px);\" data-instgrm-captioned=\"\" data-instgrm-permalink=\"https:\/\/www.instagram.com\/p\/BcTRxLilyH8\/\" data-instgrm-version=\"8\">\n<div style=\"padding: 8px;\">\n<div style=\"background: #F8F8F8; line-height: 0; margin-top: 40px; padding: 50.0% 0; text-align: center; width: 100%;\"><\/div>\n<p><a style=\"color: #000; font-family: Arial,sans-serif; font-size: 14px; font-style: normal; font-weight: normal; line-height: 17px; text-decoration: none; word-wrap: break-word;\" href=\"https:\/\/www.instagram.com\/p\/BcTRxLilyH8\/\" target=\"_blank\">Se a Bahia tem muito mais no porto da Barra \u00e9 ver\u00e3o<\/a><\/p>\n<p>Uma publica\u00e7\u00e3o compartilhada por <a style=\"color: #c9c8cd; font-family: Arial,sans-serif; font-size: 14px; font-style: normal; font-weight: normal; line-height: 17px;\" href=\"https:\/\/www.instagram.com\/sebastiandance\/\" target=\"_blank\"> Sebastian Oficial\u00ae<\/a> (@sebastiandance) em <time style=\"font-family: Arial,sans-serif; font-size: 14px; line-height: 17px;\" datetime=\"2017-12-05T00:56:42+00:00\">4 de Dez, 2017 \u00e0s 4:56 PST<\/time>\n<\/div>\n<\/blockquote>\n<p><script src=\"\/\/platform.instagram.com\/en_US\/embeds.js\" async=\"\" defer=\"defer\"><\/script><\/p>\n<p>&#8220;Eu moro de aluguel. Minha casa pegou fogo no ano passado. Minha \u00fanica fonte de renda s\u00e3o os shows que fa\u00e7o nas praias. Ganho, em m\u00e9dia, R$ 800 por m\u00eas. Disso eu tiro o aluguel, o dinheiro da academia e de comer&#8221;, destaca a dan\u00e7arina que mora no bairro de Pitua\u00e7u.<\/p>\n<p><strong>&#8220;Olha a bunda dessa menina&#8221;<\/strong><br \/>\nA express\u00e3o que Pabllo Vittar fez no palco \u00e9 a mesma que Sebastian ouve o tempo todo na rua. O corpo em forma &#8211; que ela deixa \u00e0 mostra com seus tops, sainhas e biqu\u00ednis &#8211; deixa muita gente admirado. &#8220;Enquanto ela me abra\u00e7ava dizia que eu era gostosa. Ela disse que Anitta precisava me conhecer&#8221;, revela Sebastian.<\/p>\n<p>A forma, aos 41 anos, \u00e9 resultado de\u00a0muita malha\u00e7\u00e3o. &#8220;Eu n\u00e3o bebo, n\u00e3o fumo e n\u00e3o uso drogas. Eu s\u00f3 como comida saud\u00e1vel e malho todos os dias para ficar com a bunda durinha. Esse corpo aqui \u00e9 todo de academia. Eu amo malhar&#8221;.<\/p>\n<p><img loading=\"lazy\" decoding=\"async\" class=\"aligncenter size-full wp-image-13885\" src=\"https:\/\/blogs.correio24h.com.br\/mesalte\/wp-content\/uploads\/2017\/12\/sebastian-praia.jpg\" alt=\"sebastian praia\" width=\"551\" height=\"573\" srcset=\"https:\/\/blogs.correio24h.com.br\/mesalte\/wp-content\/uploads\/2017\/12\/sebastian-praia.jpg 551w, https:\/\/blogs.correio24h.com.br\/mesalte\/wp-content\/uploads\/2017\/12\/sebastian-praia-288x300.jpg 288w, https:\/\/blogs.correio24h.com.br\/mesalte\/wp-content\/uploads\/2017\/12\/sebastian-praia-140x146.jpg 140w, https:\/\/blogs.correio24h.com.br\/mesalte\/wp-content\/uploads\/2017\/12\/sebastian-praia-48x50.jpg 48w, https:\/\/blogs.correio24h.com.br\/mesalte\/wp-content\/uploads\/2017\/12\/sebastian-praia-72x75.jpg 72w\" sizes=\"auto, (max-width: 551px) 100vw, 551px\" \/><\/p>\n<p>&#8220;Eu sai de casa ontem na inten\u00e7\u00e3o de subir no palco para ela me d\u00e1 uma oportunidade. Venho buscando isso h\u00e1 dez anos, ter uma nova visibilidade. Eu senti nos olhos dela que ela ia me ajudar. Ela \u00e9 igual a mim. Precisamos nos ajudar. Fiquei meia hora no pesco\u00e7o de algu\u00e9m que eu nem sei quem era, que s\u00f3 quis me ajudar&#8221;, afirma Sebastian que j\u00e1 recebeu convites para curtir mais dias do Festival de Virada no camarote.<\/p>\n<p>Nas redes sociais Sebastian sempre ahasa. &#8220;Eu gosto de causar por minhas pernas pr\u00f3prias. Vou na Barroquinha, compro meus tops e fa\u00e7o sucesso por onde passo. Sofremos preconceito, mas temos que lutar com alegria&#8221;.<\/p>\n<p><strong>Sebastian no Porto<\/strong><\/p>\n<blockquote class=\"instagram-media\" style=\"background: #FFF; border: 0; border-radius: 3px; box-shadow: 0 0 1px 0 rgba(0,0,0,0.5),0 1px 10px 0 rgba(0,0,0,0.15); margin: 1px; max-width: 658px; padding: 0; width: calc(100% - 2px);\" data-instgrm-captioned=\"\" data-instgrm-permalink=\"https:\/\/www.instagram.com\/p\/Bc8E9tJliGd\/\" data-instgrm-version=\"8\">\n<div style=\"padding: 8px;\">\n<div style=\"background: #F8F8F8; line-height: 0; margin-top: 40px; padding: 50.0% 0; text-align: center; width: 100%;\"><\/div>\n<p><a style=\"color: #000; font-family: Arial,sans-serif; font-size: 14px; font-style: normal; font-weight: normal; line-height: 17px; text-decoration: none; word-wrap: break-word;\" href=\"https:\/\/www.instagram.com\/p\/Bc8E9tJliGd\/\" target=\"_blank\">Chegou vem para Bahia no porto da Barra vem<\/a><\/p>\n<p>Uma publica\u00e7\u00e3o compartilhada por <a style=\"color: #c9c8cd; font-family: Arial,sans-serif; font-size: 14px; font-style: normal; font-weight: normal; line-height: 17px;\" href=\"https:\/\/www.instagram.com\/sebastiandance\/\" target=\"_blank\"> Sebastian Oficial\u00ae<\/a> (@sebastiandance) em <time style=\"font-family: Arial,sans-serif; font-size: 14px; line-height: 17px;\" datetime=\"2017-12-20T21:13:24+00:00\">20 de Dez, 2017 \u00e0s 1:13 PST<\/time><\/p>\n<\/div>\n<\/blockquote>\n<p>&#8220;Foi uma sensa\u00e7\u00e3o incr\u00edvel dan\u00e7ar com ela. Ela que me deu essa oportunidade de estar ao lado dela, e de mostrar meu trabalho&#8221;, disse Sebastian que se candidatou ao cargo de vereador pelo PSDB ano passado mas s\u00f3 obteve 106 votos.<\/p>\n<p>Ela disse que quer, agora, uma oportunidade num grupo de dan\u00e7a ou numa banda: &#8220;Pabllo me deu essa oportunidade de mostrar meu trabalho. Quero dan\u00e7ar, seguir minha carreira, ter uma oportunidade em algum grupo ou fazer carreira solo&#8221;.<\/p>\n<p><script src=\"\/\/platform.instagram.com\/en_US\/embeds.js\" async=\"\" defer=\"defer\"><\/script><\/p>\n","protected":false},"excerpt":{"rendered":"<p>\u00d3rf\u00e3 de pai e m\u00e3e, Sebastian Dance viveu at\u00e9 os 18 anos em um orfanato na Ribeira, em Salvador. Foi deixada na porta da institui\u00e7\u00e3o dentro [&hellip;]<\/p>\n","protected":false},"author":1,"featured_media":13883,"comment_status":"open","ping_status":"open","sticky":false,"template":"","format":"image","meta":{"footnotes":""},"categories":[80,9],"tags":[1583,827,1582],"class_list":["post-13880","post","type-post","status-publish","format-image","has-post-thumbnail","hentry","category-home","category-me-orgulho","tag-festival-da-virada-salvador","tag-pabllo-vittar","tag-sebastian","post_format-post-format-image"],"_links":{"self":[{"href":"https:\/\/blogs.correio24horas.com.br\/mesalte\/wp-json\/wp\/v2\/posts\/13880","targetHints":{"allow":["GET"]}}],"collection":[{"href":"https:\/\/blogs.correio24horas.com.br\/mesalte\/wp-json\/wp\/v2\/posts"}],"about":[{"href":"https:\/\/blogs.correio24horas.com.br\/mesalte\/wp-json\/wp\/v2\/types\/post"}],"author":[{"embeddable":true,"href":"https:\/\/blogs.correio24horas.com.br\/mesalte\/wp-json\/wp\/v2\/users\/1"}],"replies":[{"embeddable":true,"href":"https:\/\/blogs.correio24horas.com.br\/mesalte\/wp-json\/wp\/v2\/comments?post=13880"}],"version-history":[{"count":4,"href":"https:\/\/blogs.correio24horas.com.br\/mesalte\/wp-json\/wp\/v2\/posts\/13880\/revisions"}],"predecessor-version":[{"id":13892,"href":"https:\/\/blogs.correio24horas.com.br\/mesalte\/wp-json\/wp\/v2\/posts\/13880\/revisions\/13892"}],"wp:featuredmedia":[{"embeddable":true,"href":"https:\/\/blogs.correio24horas.com.br\/mesalte\/wp-json\/wp\/v2\/media\/13883"}],"wp:attachment":[{"href":"https:\/\/blogs.correio24horas.com.br\/mesalte\/wp-json\/wp\/v2\/media?parent=13880"}],"wp:term":[{"taxonomy":"category","embeddable":true,"href":"https:\/\/blogs.correio24horas.com.br\/mesalte\/wp-json\/wp\/v2\/categories?post=13880"},{"taxonomy":"post_tag","embeddable":true,"href":"https:\/\/blogs.correio24horas.com.br\/mesalte\/wp-json\/wp\/v2\/tags?post=13880"}],"curies":[{"name":"wp","href":"https:\/\/api.w.org\/{rel}","templated":true}]}}