{"id":13874,"date":"2017-12-29T13:00:43","date_gmt":"2017-12-29T16:00:43","guid":{"rendered":"http:\/\/blogs.correio24horas.com.br\/mesalte\/?p=13874"},"modified":"2017-12-29T13:01:35","modified_gmt":"2017-12-29T16:01:35","slug":"concurso-mister-verao-acontecera-dia-28-de-janeiro","status":"publish","type":"post","link":"https:\/\/blogs.correio24horas.com.br\/mesalte\/concurso-mister-verao-acontecera-dia-28-de-janeiro\/","title":{"rendered":"Concurso Mister Ver\u00e3o acontecer\u00e1 dia 28 de janeiro"},"content":{"rendered":"<p>Quem \u00e9 o homem mais bonito do Ver\u00e3o de Salvador? Essa pergunta ser\u00e1 respondida no dia 28 de janeiro na segunda edi\u00e7\u00e3o do concurso Mister Ver\u00e3o. A sele\u00e7\u00e3o acontecer\u00e1 no Teatro do Irdeb na Federa\u00e7\u00e3o. Ser\u00e3o\u00a0doze rapazes na busca do t\u00edtulo que ser\u00e1 passado por Danilo Barreto, vencedor da edi\u00e7\u00e3o 2017.<\/p>\n<p>\u201cParticipar do concurso abriu muitas portas pra mim neste ano, j\u00e1 concorri a v\u00e1rios outros t\u00edtulos e venho trabalhando bastante como modelo.\u00a0A dica que tenho pra dar ao meu sucessor \u00e9 que aproveite tudo que o concurso pode oferecer e se jogue de cabe\u00e7a, pois o sonho s\u00f3 se realiza com muito trabalho\u201d, diz Barreto.<\/p>\n<p>Os candidatos desfilar\u00e3o pe\u00e7as da Grife Suzy Cardoso (com nova cole\u00e7\u00e3o); \u00a0e Karmo e Kopque (sungas produzidas pelos estilistas Jurandi Karmo e Dione Kopque ).<\/p>\n<p>O Mister Ver\u00e3o \u00e9 um concurso de beleza da Xtreme Model que faz parte da Jomar Souza Produ\u00e7\u00f5es e Eventos. Quem quiser se inscrever ou mais informa\u00e7\u00f5es sobre o concurso pode ligar ou falar pelo Whats App (71) 99206-2171.<\/p>\n<p>Servi\u00e7o:<br \/>\nO Qu\u00ea? Mister Ver\u00e3o 2018<br \/>\nOnde? Teatro do Irdeb, Rua Pedro Gama, 413 &#8211; Federa\u00e7\u00e3o<br \/>\nQuando? 28 de janeiro de 2018 \u00e0s 19 horas<br \/>\nQuanto? R$20,00(inteira) e R$10,00(meia)<\/p>\n","protected":false},"excerpt":{"rendered":"<p>Quem \u00e9 o homem mais bonito do Ver\u00e3o de Salvador? Essa pergunta ser\u00e1 respondida no dia 28 de janeiro na segunda edi\u00e7\u00e3o do concurso Mister Ver\u00e3o. [&hellip;]<\/p>\n","protected":false},"author":1,"featured_media":13875,"comment_status":"open","ping_status":"open","sticky":false,"template":"","format":"image","meta":{"footnotes":""},"categories":[80,27],"tags":[],"class_list":["post-13874","post","type-post","status-publish","format-image","has-post-thumbnail","hentry","category-home","category-me-abano","post_format-post-format-image"],"_links":{"self":[{"href":"https:\/\/blogs.correio24horas.com.br\/mesalte\/wp-json\/wp\/v2\/posts\/13874","targetHints":{"allow":["GET"]}}],"collection":[{"href":"https:\/\/blogs.correio24horas.com.br\/mesalte\/wp-json\/wp\/v2\/posts"}],"about":[{"href":"https:\/\/blogs.correio24horas.com.br\/mesalte\/wp-json\/wp\/v2\/types\/post"}],"author":[{"embeddable":true,"href":"https:\/\/blogs.correio24horas.com.br\/mesalte\/wp-json\/wp\/v2\/users\/1"}],"replies":[{"embeddable":true,"href":"https:\/\/blogs.correio24horas.com.br\/mesalte\/wp-json\/wp\/v2\/comments?post=13874"}],"version-history":[{"count":2,"href":"https:\/\/blogs.correio24horas.com.br\/mesalte\/wp-json\/wp\/v2\/posts\/13874\/revisions"}],"predecessor-version":[{"id":13877,"href":"https:\/\/blogs.correio24horas.com.br\/mesalte\/wp-json\/wp\/v2\/posts\/13874\/revisions\/13877"}],"wp:featuredmedia":[{"embeddable":true,"href":"https:\/\/blogs.correio24horas.com.br\/mesalte\/wp-json\/wp\/v2\/media\/13875"}],"wp:attachment":[{"href":"https:\/\/blogs.correio24horas.com.br\/mesalte\/wp-json\/wp\/v2\/media?parent=13874"}],"wp:term":[{"taxonomy":"category","embeddable":true,"href":"https:\/\/blogs.correio24horas.com.br\/mesalte\/wp-json\/wp\/v2\/categories?post=13874"},{"taxonomy":"post_tag","embeddable":true,"href":"https:\/\/blogs.correio24horas.com.br\/mesalte\/wp-json\/wp\/v2\/tags?post=13874"}],"curies":[{"name":"wp","href":"https:\/\/api.w.org\/{rel}","templated":true}]}}