{"id":13838,"date":"2017-12-24T16:26:35","date_gmt":"2017-12-24T19:26:35","guid":{"rendered":"http:\/\/blogs.correio24horas.com.br\/mesalte\/?p=13838"},"modified":"2017-12-24T16:27:19","modified_gmt":"2017-12-24T19:27:19","slug":"lorelay-fox-lanca-clipe-cantando-sobre-respeito-e-diversidade-assista","status":"publish","type":"post","link":"https:\/\/blogs.correio24horas.com.br\/mesalte\/lorelay-fox-lanca-clipe-cantando-sobre-respeito-e-diversidade-assista\/","title":{"rendered":"Lorelay Fox lan\u00e7a clipe cantando sobre respeito e diversidade; assista"},"content":{"rendered":"<p>Quer colocar a fam\u00edlia para refletir neste Natal? Ent\u00e3o, adicione o v\u00eddeo abaixo na playlist da ceia e observe as rea\u00e7\u00f5es de todos ao seu redor. A drag queen e youtuber Lorelay Fox lan\u00e7ou neste domingo (24) uma par\u00f3dia da can\u00e7\u00e3o Trem Bala. A m\u00fasica, nomeada de Nossa Voz, fala sobre preconceito e respeito \u00e0 diversidade.<\/p>\n<p>&nbsp;<\/p>\n<p><strong>Veja a letra e acompanhe o v\u00eddeo abaixo&gt;<\/strong><br \/>\nNOSSA VOZ &#8211; Par\u00f3dia Trem Bala<\/p>\n<p>N\u00e3o \u00e9 sobre ter todas as curtidas do face pra mim<br \/>\nNem sobre postar todo dia no insta o que eu comi<br \/>\n\u00c9 sobre casar e poder assumir o que h\u00e1 entre n\u00f3s<br \/>\nE sobre viver uma vida e ver que n\u00e3o estamos s\u00f3s<\/p>\n<p>Eu bem sei o quanto \u00e9 dif\u00edcil<br \/>\nSe sentir desprezado e um lixo na Sociedade<br \/>\nEnt\u00e3o me d\u00ea a sua m\u00e3o<br \/>\nPois juntos vamos mudar tudo \u00e9 s\u00f3 ter coragem<\/p>\n<p>N\u00e3o \u00e9 pra postar um text\u00e3o e lacrar quem j\u00e1 te ofendeu<br \/>\n\u00c9 sobre ensinar e ter calma e amor com quem nunca aprendeu<br \/>\n\u00c9 sobre apoiar o negro, o cego, a mulher e o av\u00f4<br \/>\nPra ent\u00e3o gritar junto, unido, amigo, \u00e9 nessa que eu vou&#8230;<\/p>\n<p>A gente tem agora a chance<br \/>\nDe fazer a nossa revanche<br \/>\nEnt\u00e3o vem lutar&#8230;<br \/>\nAbrace essa causa t\u00e3o grande,<br \/>\nQue a festa do nosso orgulho j\u00e1 vai come\u00e7ar&#8230;<\/p>\n<p>N\u00e3o \u00e9 para ter muito mais direitos pra poder humilhar<br \/>\n\u00c9 sobre ser gente ter nome e respeito pro mundo aceitar<br \/>\nEnt\u00e3o vamos parar com briguinha de ego entre gay e sapat\u00e3o<br \/>\nPois no fundo o branco e o negro tem neles um s\u00f3 cora\u00e7\u00e3o&#8230;<\/p>\n<p>Segura na nossa esperan\u00e7a,<br \/>\nPois desde que eu sou crian\u00e7a muito eu sofri<br \/>\nQue a vida \u00e9 um grito abafado,<br \/>\nE a gente vai sofrer calado sen\u00e3o resistir<br \/>\nLaia laia laia laia laia<br \/>\nLaia laia laia laia laia<\/p>\n<p>Segura na nossa esperan\u00e7a,<br \/>\nPois desde que eu sou crian\u00e7a muito eu sofri<br \/>\nQue a vida \u00e9 um grito abafado,<br \/>\nE a gente vai sofrer calado sen\u00e3o resistir<br \/>\n.<\/p>\n<p><iframe loading=\"lazy\" src=\"https:\/\/www.youtube.com\/embed\/kbqX7bGIqRA\" width=\"560\" height=\"315\" frameborder=\"0\" allowfullscreen=\"allowfullscreen\"><\/iframe><\/p>\n<p>&nbsp;<\/p>\n<p>ELENCO:<br \/>\nFranz Ventura<br \/>\nNataly Neri<br \/>\nDiva Depress\u00e3o<br \/>\nMaira Medeiros<br \/>\nCanal das Bee<br \/>\nMaicon Santini<br \/>\nHenrytado<\/p>\n<p>Letra: Lorelay Fox<br \/>\nArranjo e Piano: Franz Ventura<br \/>\nCoaching Vocal: Rafael Vieira<br \/>\nGrava\u00e7\u00e3o e Masteriza\u00e7\u00e3o: Paulo Senoni<br \/>\nC\u00e2mera\/fotografia: Cesar Gomes Miguel<br \/>\nPiano vintage cedido por: Aronne Pianos<\/p>\n","protected":false},"excerpt":{"rendered":"<p>Quer colocar a fam\u00edlia para refletir neste Natal? Ent\u00e3o, adicione o v\u00eddeo abaixo na playlist da ceia e observe as rea\u00e7\u00f5es de todos ao seu redor. [&hellip;]<\/p>\n","protected":false},"author":1,"featured_media":13839,"comment_status":"open","ping_status":"open","sticky":false,"template":"","format":"image","meta":{"footnotes":""},"categories":[80,9],"tags":[175,1578,1579,1580,1577],"class_list":["post-13838","post","type-post","status-publish","format-image","has-post-thumbnail","hentry","category-home","category-me-orgulho","tag-diversidade","tag-lorelay","tag-lorelay-fox","tag-natal","tag-para-tudo","post_format-post-format-image"],"_links":{"self":[{"href":"https:\/\/blogs.correio24horas.com.br\/mesalte\/wp-json\/wp\/v2\/posts\/13838","targetHints":{"allow":["GET"]}}],"collection":[{"href":"https:\/\/blogs.correio24horas.com.br\/mesalte\/wp-json\/wp\/v2\/posts"}],"about":[{"href":"https:\/\/blogs.correio24horas.com.br\/mesalte\/wp-json\/wp\/v2\/types\/post"}],"author":[{"embeddable":true,"href":"https:\/\/blogs.correio24horas.com.br\/mesalte\/wp-json\/wp\/v2\/users\/1"}],"replies":[{"embeddable":true,"href":"https:\/\/blogs.correio24horas.com.br\/mesalte\/wp-json\/wp\/v2\/comments?post=13838"}],"version-history":[{"count":2,"href":"https:\/\/blogs.correio24horas.com.br\/mesalte\/wp-json\/wp\/v2\/posts\/13838\/revisions"}],"predecessor-version":[{"id":13841,"href":"https:\/\/blogs.correio24horas.com.br\/mesalte\/wp-json\/wp\/v2\/posts\/13838\/revisions\/13841"}],"wp:featuredmedia":[{"embeddable":true,"href":"https:\/\/blogs.correio24horas.com.br\/mesalte\/wp-json\/wp\/v2\/media\/13839"}],"wp:attachment":[{"href":"https:\/\/blogs.correio24horas.com.br\/mesalte\/wp-json\/wp\/v2\/media?parent=13838"}],"wp:term":[{"taxonomy":"category","embeddable":true,"href":"https:\/\/blogs.correio24horas.com.br\/mesalte\/wp-json\/wp\/v2\/categories?post=13838"},{"taxonomy":"post_tag","embeddable":true,"href":"https:\/\/blogs.correio24horas.com.br\/mesalte\/wp-json\/wp\/v2\/tags?post=13838"}],"curies":[{"name":"wp","href":"https:\/\/api.w.org\/{rel}","templated":true}]}}