{"id":13567,"date":"2017-11-29T17:27:02","date_gmt":"2017-11-29T20:27:02","guid":{"rendered":"http:\/\/blogs.correio24horas.com.br\/mesalte\/?p=13567"},"modified":"2017-11-29T17:27:02","modified_gmt":"2017-11-29T20:27:02","slug":"quer-tirar-uma-foto-com-a-pabllo-vittar-e-curtir-o-show-no-open-bar-saiba-como","status":"publish","type":"post","link":"https:\/\/blogs.correio24horas.com.br\/mesalte\/quer-tirar-uma-foto-com-a-pabllo-vittar-e-curtir-o-show-no-open-bar-saiba-como\/","title":{"rendered":"Quer tirar uma foto com a Pabllo Vittar e curtir o show no open bar? saiba como"},"content":{"rendered":"<p>Quer tirar uma foto com a Pabllo\u00a0 Vittar e ainda curtir o show dela no front stage open bar? O\u00a0Me Salte e a Amsterdam Salvador v\u00e3o realizar seu sonho. O melhor \u00e9 que voc\u00ea ainda vai poder levar uma pessoa como acompanhante. Para ganhar a promo\u00e7\u00e3o voc\u00ea precisa escrever no coment\u00e1rio na postagem do instagram do @me_salte correspondente ao concurso cultural com\u00a0 uma frase dizendo porque voc\u00ea merece tirar uma foto ao lado da Vittar marcando tr\u00eas amigos. N\u00e3o h\u00e1 limite de postagem por pessoa. A melhor frase ganha o direito de ir para a festa, com um acompanhante e tirar a foto com a artista depois do show.<\/p>\n<p>Importante: quem ganhar a promo\u00e7\u00e3o precisa est\u00e1 no local do evento no momento da abertura dos port\u00f5es j\u00e1 que o hor\u00e1rio da foto pode ser mudado de acordo com a disponibilidade e orienta\u00e7\u00e3o da produ\u00e7\u00e3o da artista. O vencedor e seu acompanhante devem ter 18 anos no dia da realiza\u00e7\u00e3o do evento. Ser\u00e3o aceitas frases enviadas at\u00e9 o 23h59 do dia 5 de dezembro.<\/p>\n<p>O resultado ser\u00e1 divulgado pelo @me_salte no dia 6 de dezembro . O vencedor precisar\u00e1 enviar, no dia 6 de dezembro, nome completo, telefone e rg para cadastro de acesso ao evento.<\/p>\n<p><a href=\"https:\/\/www.instagram.com\/p\/BcF6z4wnzzV\/?taken-by=me_salte\" target=\"_blank\">CLIQUE AQUI PARA PARTICIPAR DA PROMO\u00c7\u00c3O\u00a0<\/a><\/p>\n<p>Se o vencedor da promo\u00e7\u00e3o n\u00e3o enviar aos dados at\u00e9 17h do dia 6 de dezembro perde o direito ao benef\u00edcio e uma nova escolha ser\u00e1 feita e divulgada no Instagram do @me_salte no mesmo dia at\u00e9 19h. O show da Pabllo acontecer\u00e1 no dia 7 de dezembro no Alto do And\u00fa em Salvador e ter\u00e1 tamb\u00e9m a apresenta\u00e7\u00e3o da banda Babado Novo.<\/p>\n","protected":false},"excerpt":{"rendered":"<p>Quer tirar uma foto com a Pabllo\u00a0 Vittar e ainda curtir o show dela no front stage open bar? O\u00a0Me Salte e a Amsterdam Salvador v\u00e3o [&hellip;]<\/p>\n","protected":false},"author":1,"featured_media":13568,"comment_status":"open","ping_status":"open","sticky":false,"template":"","format":"image","meta":{"footnotes":""},"categories":[28,80],"tags":[],"class_list":["post-13567","post","type-post","status-publish","format-image","has-post-thumbnail","hentry","category-farofa-digital","category-home","post_format-post-format-image"],"_links":{"self":[{"href":"https:\/\/blogs.correio24horas.com.br\/mesalte\/wp-json\/wp\/v2\/posts\/13567","targetHints":{"allow":["GET"]}}],"collection":[{"href":"https:\/\/blogs.correio24horas.com.br\/mesalte\/wp-json\/wp\/v2\/posts"}],"about":[{"href":"https:\/\/blogs.correio24horas.com.br\/mesalte\/wp-json\/wp\/v2\/types\/post"}],"author":[{"embeddable":true,"href":"https:\/\/blogs.correio24horas.com.br\/mesalte\/wp-json\/wp\/v2\/users\/1"}],"replies":[{"embeddable":true,"href":"https:\/\/blogs.correio24horas.com.br\/mesalte\/wp-json\/wp\/v2\/comments?post=13567"}],"version-history":[{"count":1,"href":"https:\/\/blogs.correio24horas.com.br\/mesalte\/wp-json\/wp\/v2\/posts\/13567\/revisions"}],"predecessor-version":[{"id":13569,"href":"https:\/\/blogs.correio24horas.com.br\/mesalte\/wp-json\/wp\/v2\/posts\/13567\/revisions\/13569"}],"wp:featuredmedia":[{"embeddable":true,"href":"https:\/\/blogs.correio24horas.com.br\/mesalte\/wp-json\/wp\/v2\/media\/13568"}],"wp:attachment":[{"href":"https:\/\/blogs.correio24horas.com.br\/mesalte\/wp-json\/wp\/v2\/media?parent=13567"}],"wp:term":[{"taxonomy":"category","embeddable":true,"href":"https:\/\/blogs.correio24horas.com.br\/mesalte\/wp-json\/wp\/v2\/categories?post=13567"},{"taxonomy":"post_tag","embeddable":true,"href":"https:\/\/blogs.correio24horas.com.br\/mesalte\/wp-json\/wp\/v2\/tags?post=13567"}],"curies":[{"name":"wp","href":"https:\/\/api.w.org\/{rel}","templated":true}]}}