{"id":13532,"date":"2017-11-28T09:13:37","date_gmt":"2017-11-28T12:13:37","guid":{"rendered":"http:\/\/blogs.correio24horas.com.br\/mesalte\/?p=13532"},"modified":"2017-11-28T17:25:57","modified_gmt":"2017-11-28T20:25:57","slug":"precisamos-falar-sobre-futebol-por-que-uma-dedada-assusta-tanto-os-heteros","status":"publish","type":"post","link":"https:\/\/blogs.correio24horas.com.br\/mesalte\/precisamos-falar-sobre-futebol-por-que-uma-dedada-assusta-tanto-os-heteros\/","title":{"rendered":"Precisamos falar sobre futebol: por que uma &#8216;dedada&#8217; assusta tanto os heteros?"},"content":{"rendered":"<p>Desde o \u00faltimo domingo n\u00e3o se fala em outra coisa nos notici\u00e1rios esportivos a n\u00e3o ser <a href=\"http:\/\/www.correio24horas.com.br\/noticia\/nid\/em-sumula-arbitro-relata-dedada-de-rodrigo-em-trellez\/\" target=\"_blank\">as dedadas que o zagueiro Rodrigo<\/a>, da Ponte Preta, deu no atacante Tr\u00e9llez, do Vit\u00f3ria, durante o triunfo do Le\u00e3o sobre o time paulista. O lance ocorreu aos 19 minutos do primeiro tempo, quando a Ponte Preta vencia o jogo por 2&#215;0. Rodrigo foi expulso ap\u00f3s &#8220;introduzir duas vezes seu dedo m\u00e9dio entre as n\u00e1degas&#8221; do jogador do Vit\u00f3ria&#8221;.<\/p>\n<p>Al\u00e9m da atitude considerada antidesportiva o que mais me chamou a aten\u00e7\u00e3o \u00e9 o medo que, especialmente os heteros, est\u00e3o tendo em abordar o assunto. Eu j\u00e1 vi not\u00edcias relacionadas a agress\u00f5es em est\u00e1dios por jogadores &#8211; cabe\u00e7adas de Zidane, mordidas de Tevez, etc &#8211; mas nenhuma veio acompanhada de tanto medo de fala.<\/p>\n<p><iframe loading=\"lazy\" src=\"https:\/\/www.youtube.com\/embed\/fIwFMc_iSsE\" width=\"560\" height=\"315\" frameborder=\"0\" allowfullscreen=\"allowfullscreen\"><\/iframe><\/p>\n<p>Aos meus ouvidos os coment\u00e1rios chegaram sempre acompanhados de um &#8216;l\u00e1 ele&#8217;. No r\u00e1dio ouvi um cronista esportivo dizer que &#8216;Rodrigo fez aquilo que os viados fazem&#8217;. Ora, nobre cronista. Acho que tu anda um pouco desinformado. N\u00e3o vejo gays dando dedada no colega de trabalho assim&#8230;<\/p>\n<p>O que acho interessante \u00e9 que muitos sequer conseguem falar a palavra bunda. A heterossexualidade \u00e9 t\u00e3o fr\u00e1gil em alguns que sequer eles conseguem dizer que o jogador botou o dedo na bunda do outro. Gente, falar BUNDA n\u00e3o d\u00f3i!\u00a0Pelo que vi do v\u00eddeo at\u00e9 o Tr\u00e9llez, que recebeu as dedadas, n\u00e3o deve ter sentido dor. Melhor do que isso: depois da dedada\u00a0Tr\u00e9llez fez foi dois gols que garantiram o triunfo do Vit\u00f3ria.<\/p>\n<p>Falar n\u00e3o vai fazer voc\u00ea ser menos hetero ou, como outro ser (sem) luz disse: &#8216;botar o dedo no l\u00e1 ele n\u00e3o pode sen\u00e3o pode gostar&#8217;. Criatura, n\u00e3o tenha medo da sua sexualidade. Apenas viva sua vida.<\/p>\n<p>E ainda tem um molho nessa hist\u00f3ria: o time de Rodrigo acabou sendo rebaixado pela derrota. E de quem \u00e9 a culpa? Do dedo de Rodrigo &#8211; pelo menos foi assim que os torcedores e muitos jornalistas esportivos disseram. Um jornal at\u00e9 colocou a frase &#8216;O dedo colocou a Ponte no buraco&#8217;.<\/p>\n<p>Ora, pelo que vi da tabela do Campeonato Brasileiro a Ponte Preta perdeu, al\u00e9m do jogo para o Vit\u00f3ria, outras 17 partidas. Em nenhuma delas teve dedo na bunda. Ou seja, a culpa n\u00e3o \u00e9 do dedo.<\/p>\n<p>Reflexos de falas como essas corroboram com o machismo no futebol. A necessidade masculina de colocar o futebol como algo apenas hetero \u00e9 irritante e desnecess\u00e1ria.<\/p>\n<p>Os gritos de &#8216;juiz viado&#8217;, que &#8216;viadagem \u00e9 essa&#8217;&#8230;.(coloque aqui tudo que voc\u00ea j\u00e1 ouviu na vida) &#8230;. s\u00e3o t\u00e3o opressivos que afugentam muitos gays do esporte.<\/p>\n<p>O futebol \u00e9 um dos campos onde o preconceito sexual est\u00e1 mais enraizado culturalmente no nosso pa\u00eds. Acham que viado n\u00e3o joga bem futebol. Ledo engano. Eu mesmo quando era crian\u00e7a era artilheiro do time infantil da escola. Sim, ganhei at\u00e9 campeonato. Mas, migrei para o baleado pois achava mais divertido (isso \u00e9 assunto para outro post).<\/p>\n<p>Para quebrar essa l\u00f3gica machista e preconceituosa, aconteceu no Rio de Janeiro, em novembro, a 1\u00aa edi\u00e7\u00e3o do campeonato brasileiro de futebol gay: a Champions LiGay.<\/p>\n<blockquote class=\"instagram-media\" style=\"background: #FFF; border: 0; border-radius: 3px; box-shadow: 0 0 1px 0 rgba(0,0,0,0.5),0 1px 10px 0 rgba(0,0,0,0.15); margin: 1px; max-width: 658px; padding: 0; width: calc(100% - 2px);\" data-instgrm-version=\"7\">\n<div style=\"padding: 8px;\">\n<div style=\"background: #F8F8F8; line-height: 0; margin-top: 40px; padding: 33.02139037433155% 0; text-align: center; width: 100%;\"><\/div>\n<p style=\"color: #c9c8cd; font-family: Arial,sans-serif; font-size: 14px; line-height: 17px; margin-bottom: 0; margin-top: 8px; overflow: hidden; padding: 8px 0 7px; text-align: center; text-overflow: ellipsis; white-space: nowrap;\"><a style=\"color: #c9c8cd; font-family: Arial,sans-serif; font-size: 14px; font-style: normal; font-weight: normal; line-height: 17px; text-decoration: none;\" href=\"https:\/\/www.instagram.com\/p\/Bb9UC6unEY4\/\" target=\"_blank\">Uma publica\u00e7\u00e3o compartilhada por &#x1f3f3;\ufe0f\u200d&#x1f308;\u26bd\ufe0f Bharbixas F. C. \u26bd&#x1f308; (@bharbixas)<\/a> em <time style=\"font-family: Arial,sans-serif; font-size: 14px; line-height: 17px;\" datetime=\"2017-11-26T12:12:43+00:00\">Nov 26, 2017 \u00e0s 4:12 PST<\/time><\/p>\n<\/div>\n<\/blockquote>\n<p><script src=\"\/\/platform.instagram.com\/en_US\/embeds.js\" async=\"\" defer=\"defer\"><\/script><\/p>\n<p>O campeonato teve oito times gays de seis cidades do pa\u00eds, todos militantes da inclus\u00e3o LGBT no futebol. Participaram as equipes BeesCats e Alligaytors (Rio de Janeiro), Futeboys e Unicorns (S\u00e3o Paulo), Bharbixas (Belo Horizonte), Bravus (Bras\u00edlia), Magia (Porto Alegre) e Sereyos (Florian\u00f3polis).<\/p>\n<p>Os Bharbixas ganharam. E, ao contr\u00e1rio do que voc\u00ea possa imaginar, n\u00e3o teve nenhuma dedada em campo registrada na s\u00famula. Parece que isso \u00e9 coisa de hetero, hein!<\/p>\n<p><em>Edit = Um detalhe: esse texto n\u00e3o \u00e9 sobre o ato da dedada e sim sobre a forma com ele foi noticiado.\u00a0Obviamente, n\u00e3o concordamos com nenhuma viol\u00eancia!<\/em><\/p>\n","protected":false},"excerpt":{"rendered":"<p>Desde o \u00faltimo domingo n\u00e3o se fala em outra coisa nos notici\u00e1rios esportivos a n\u00e3o ser as dedadas que o zagueiro Rodrigo, da Ponte Preta, deu [&hellip;]<\/p>\n","protected":false},"author":1,"featured_media":13535,"comment_status":"open","ping_status":"open","sticky":false,"template":"","format":"image","meta":{"footnotes":""},"categories":[80,9],"tags":[1544,1545,1546,1547],"class_list":["post-13532","post","type-post","status-publish","format-image","has-post-thumbnail","hentry","category-home","category-me-orgulho","tag-dedada","tag-ponte-preta","tag-rodrigo","tag-vitoria","post_format-post-format-image"],"_links":{"self":[{"href":"https:\/\/blogs.correio24horas.com.br\/mesalte\/wp-json\/wp\/v2\/posts\/13532","targetHints":{"allow":["GET"]}}],"collection":[{"href":"https:\/\/blogs.correio24horas.com.br\/mesalte\/wp-json\/wp\/v2\/posts"}],"about":[{"href":"https:\/\/blogs.correio24horas.com.br\/mesalte\/wp-json\/wp\/v2\/types\/post"}],"author":[{"embeddable":true,"href":"https:\/\/blogs.correio24horas.com.br\/mesalte\/wp-json\/wp\/v2\/users\/1"}],"replies":[{"embeddable":true,"href":"https:\/\/blogs.correio24horas.com.br\/mesalte\/wp-json\/wp\/v2\/comments?post=13532"}],"version-history":[{"count":6,"href":"https:\/\/blogs.correio24horas.com.br\/mesalte\/wp-json\/wp\/v2\/posts\/13532\/revisions"}],"predecessor-version":[{"id":13551,"href":"https:\/\/blogs.correio24horas.com.br\/mesalte\/wp-json\/wp\/v2\/posts\/13532\/revisions\/13551"}],"wp:featuredmedia":[{"embeddable":true,"href":"https:\/\/blogs.correio24horas.com.br\/mesalte\/wp-json\/wp\/v2\/media\/13535"}],"wp:attachment":[{"href":"https:\/\/blogs.correio24horas.com.br\/mesalte\/wp-json\/wp\/v2\/media?parent=13532"}],"wp:term":[{"taxonomy":"category","embeddable":true,"href":"https:\/\/blogs.correio24horas.com.br\/mesalte\/wp-json\/wp\/v2\/categories?post=13532"},{"taxonomy":"post_tag","embeddable":true,"href":"https:\/\/blogs.correio24horas.com.br\/mesalte\/wp-json\/wp\/v2\/tags?post=13532"}],"curies":[{"name":"wp","href":"https:\/\/api.w.org\/{rel}","templated":true}]}}