{"id":13521,"date":"2017-11-27T09:47:13","date_gmt":"2017-11-27T12:47:13","guid":{"rendered":"http:\/\/blogs.correio24horas.com.br\/mesalte\/?p=13521"},"modified":"2017-11-27T10:25:28","modified_gmt":"2017-11-27T13:25:28","slug":"tenho-que-doutrinar-as-pessoas-para-que-me-enxerguem-como-empresaria-diz-anitta","status":"publish","type":"post","link":"https:\/\/blogs.correio24horas.com.br\/mesalte\/tenho-que-doutrinar-as-pessoas-para-que-me-enxerguem-como-empresaria-diz-anitta\/","title":{"rendered":"&#8220;Tenho que doutrinar as pessoas para que me enxerguem como empres\u00e1ria&#8221;, diz Anitta"},"content":{"rendered":"<p>Anitta deu, em 2017, seus primeiros passos em busca da carreira internacional. Primeiro, com Paradinha, sua primeira m\u00fasica em espanhol. Depois, com o projeto Xeque-Mate, pelo qual desde setembro lan\u00e7a, a cada m\u00eas, uma nova m\u00fasica e seus clipes. Foram duas em ingl\u00eas, Will I See You e Is That For Me, e uma em espanhol, <strong>Downtown<\/strong>, com o colombiano J. Balvin.<\/p>\n<p><iframe loading=\"lazy\" src=\"https:\/\/www.youtube.com\/embed\/wlS6Ix7mA0w\" width=\"560\" height=\"315\" frameborder=\"0\" allowfullscreen=\"allowfullscreen\"><\/iframe><\/p>\n<p>Vai, Malandra, em portugu\u00eas, mas com rap do norte-americano Maejor, vai encerrar o projeto em dezembro, com uma volta \u00e0s ra\u00edzes. Anitta, de 24 anos, nascida e criada em Hon\u00f3rio Gurgel, no sub\u00farbio do Rio, gravou o clipe no Vidigal. A m\u00fasica, a mais aguardada pelos f\u00e3s, vai trazer de volta o funk que a fez famosa, em 2013, mas que ficou de lado nos \u00faltimos lan\u00e7amentos internacionais.<\/p>\n<p>\u201cDepois vou dar um descanso para a galera e volto com novidades ap\u00f3s o Carnaval\u201d, diz Anitta ao jornal Estado de S. Paulo. At\u00e9 l\u00e1, ela continua com a agenda de shows cheia. Um novo disco, no formato tradicional, sucessor de Bang (2014), por enquanto n\u00e3o est\u00e1 nos planos. \u201cN\u00e3o quis lan\u00e7ar para n\u00e3o ter a press\u00e3o e a expectativa que um \u00e1lbum causa.\u201d<\/p>\n<p>Anitta preferiu apresentar seu trabalho, internacionalmente, m\u00fasica por m\u00fasica. \u201cA inten\u00e7\u00e3o n\u00e3o era ter o hit n\u00famero 1 em todos os lugares, era colocar material na rua. E consegui dar, em n\u00fameros, um resultado legal, ao mesmo tempo sem distanciar o Brasil do meu trabalho.\u201d Os n\u00fameros, ali\u00e1s, s\u00e3o realmente positivos. Paradinha, por exemplo, conta com mais de 200 milh\u00f5es de visualiza\u00e7\u00f5es na plataforma YouTube. J\u00e1 com Downtown, Anitta se tornou a primeira artista brasileira a bater mais de um milh\u00e3o de streamings em um s\u00f3 dia no Spotify.<\/p>\n<p>A carreira internacional decola tamb\u00e9m com ajuda de parcerias. Com <strong>Switch<\/strong>, dueto com a rapper australiana Iggy Azalea, se tornou a primeira brasileira a se apresentar no \u201clate show\u201d dos EUA, no programa de Jimmy Fallon.<\/p>\n<p><iframe loading=\"lazy\" src=\"https:\/\/www.youtube.com\/embed\/LsSGE4TPIn0\" width=\"560\" height=\"315\" frameborder=\"0\" allowfullscreen=\"allowfullscreen\"><\/iframe><\/p>\n<p>J\u00e1 em Sua Cara, do grupo eletr\u00f4nico Major Lazer, encabe\u00e7ado pelo DJ americano Diplo, Anitta dividiu os vocais com Pabllo Vittar e lan\u00e7ou um clipe gravado no Marrocos. Como resultado, o v\u00eddeo teve a melhor estreia no YouTube desde Hello, de Adele, em 2015, com mais de 20 milh\u00f5es de visualiza\u00e7\u00f5es nas primeiras 24 horas.<\/p>\n<p>Para 2018, mais parcerias est\u00e3o por vir. \u201cBastante gente l\u00e1 fora est\u00e1 me procurando, nomes grandes. Como n\u00e3o s\u00e3o trabalhos meus, n\u00e3o posso divulgar nada\u201d, afirma Anitta, que analisa os convites com cautela.<\/p>\n<blockquote><p>\u201cTem que ter planejamento, n\u00e3o d\u00e1 para sair gravando com 500 pessoas. Conforme me convidam, vejo se vai ser bom para mim, para a pessoa e se \u00e9 a hora certa.\u201d<\/p><\/blockquote>\n<p>Todo o cuidado vem do lado empres\u00e1ria. Anitta, que j\u00e1 cursou administra\u00e7\u00e3o, cuida da pr\u00f3pria carreira. Estuda o mercado, n\u00fameros e tend\u00eancias musicais no Brasil e no mundo, com a ajuda de sua equipe. \u201cS\u00e3o pessoas que treinei para trabalhar do meu jeito, muito legais e competentes. Supervisiono cada departamento.\u201d Nas reuni\u00f5es de neg\u00f3cios, ela atende como Larissa Machado, seu nome de batismo. \u201cTenho que doutrinar as pessoas para que me enxerguem como empres\u00e1ria. \u00c9 dif\u00edcil por me verem sempre na TV.\u201d<\/p>\n<p>A cantora agora planeja, aos poucos, seu pr\u00f3prio festival de m\u00fasica, que deve trazer grandes nomes internacionais para o Pa\u00eds. \u201c\u00c9 um ideia, mas n\u00e3o \u00e9 algo que se faz do dia para a noite, \u00e9 muito grande. Por isso ainda n\u00e3o falo muito sobre isso.\u201d Ela nega que os planos tenham surgido ap\u00f3s ficar de fora do Rock in Rio deste ano. \u201cN\u00e3o tivemos briga, inclusive estamos fechando coisas.\u201d<\/p>\n<p><iframe loading=\"lazy\" src=\"https:\/\/www.youtube.com\/embed\/OoxUbYeZyQM\" width=\"560\" height=\"315\" frameborder=\"0\" allowfullscreen=\"allowfullscreen\"><\/iframe><\/p>\n<p>Anitta, ali\u00e1s, diz que faz de tudo para n\u00e3o entrar em brigas. Questionada sobre supostos atritos com Iggy Azalea, Pabllo Vittar e Maluma, colombiano com quem gravou Sim ou N\u00e3o em 2016, ela desconversa. \u201cCada um tem uma maneira de trabalhar. Sou a pessoa que mais sabe separar o pessoal do profissional\u201d, afirma. \u201cN\u00e3o \u00e9 porque cantei com algu\u00e9m que temos que necessariamente ser irm\u00e3os.\u201d<\/p>\n<p>\u201cAs pessoas procuram motivo para colocar os artistas um contra os outros\u201d, completa. Pensando nisso, ela criou tamb\u00e9m a festa Combatchy, que j\u00e1 passou pelo Rio e por S\u00e3o Paulo, onde contou com a participa\u00e7\u00e3o de Claudia Leitte e Karol Conka. \u201cMinha vontade \u00e9 mostrar que n\u00e3o precisamos competir.\u201d<\/p>\n<p><em>As informa\u00e7\u00f5es s\u00e3o do jornal O Estado de S. Paulo.<\/em><\/p>\n","protected":false},"excerpt":{"rendered":"<p>Anitta deu, em 2017, seus primeiros passos em busca da carreira internacional. Primeiro, com Paradinha, sua primeira m\u00fasica em espanhol. Depois, com o projeto Xeque-Mate, pelo [&hellip;]<\/p>\n","protected":false},"author":1,"featured_media":12021,"comment_status":"open","ping_status":"open","sticky":false,"template":"","format":"image","meta":{"footnotes":""},"categories":[80,26],"tags":[790],"class_list":["post-13521","post","type-post","status-publish","format-image","has-post-thumbnail","hentry","category-home","category-me-inspiro","tag-anitta","post_format-post-format-image"],"_links":{"self":[{"href":"https:\/\/blogs.correio24horas.com.br\/mesalte\/wp-json\/wp\/v2\/posts\/13521","targetHints":{"allow":["GET"]}}],"collection":[{"href":"https:\/\/blogs.correio24horas.com.br\/mesalte\/wp-json\/wp\/v2\/posts"}],"about":[{"href":"https:\/\/blogs.correio24horas.com.br\/mesalte\/wp-json\/wp\/v2\/types\/post"}],"author":[{"embeddable":true,"href":"https:\/\/blogs.correio24horas.com.br\/mesalte\/wp-json\/wp\/v2\/users\/1"}],"replies":[{"embeddable":true,"href":"https:\/\/blogs.correio24horas.com.br\/mesalte\/wp-json\/wp\/v2\/comments?post=13521"}],"version-history":[{"count":2,"href":"https:\/\/blogs.correio24horas.com.br\/mesalte\/wp-json\/wp\/v2\/posts\/13521\/revisions"}],"predecessor-version":[{"id":13523,"href":"https:\/\/blogs.correio24horas.com.br\/mesalte\/wp-json\/wp\/v2\/posts\/13521\/revisions\/13523"}],"wp:featuredmedia":[{"embeddable":true,"href":"https:\/\/blogs.correio24horas.com.br\/mesalte\/wp-json\/wp\/v2\/media\/12021"}],"wp:attachment":[{"href":"https:\/\/blogs.correio24horas.com.br\/mesalte\/wp-json\/wp\/v2\/media?parent=13521"}],"wp:term":[{"taxonomy":"category","embeddable":true,"href":"https:\/\/blogs.correio24horas.com.br\/mesalte\/wp-json\/wp\/v2\/categories?post=13521"},{"taxonomy":"post_tag","embeddable":true,"href":"https:\/\/blogs.correio24horas.com.br\/mesalte\/wp-json\/wp\/v2\/tags?post=13521"}],"curies":[{"name":"wp","href":"https:\/\/api.w.org\/{rel}","templated":true}]}}