{"id":13518,"date":"2017-11-27T08:53:12","date_gmt":"2017-11-27T11:53:12","guid":{"rendered":"http:\/\/blogs.correio24horas.com.br\/mesalte\/?p=13518"},"modified":"2017-11-27T08:53:12","modified_gmt":"2017-11-27T11:53:12","slug":"adriana-esteves-e-deborah-secco-serao-casal-na-proxima-novela","status":"publish","type":"post","link":"https:\/\/blogs.correio24horas.com.br\/mesalte\/adriana-esteves-e-deborah-secco-serao-casal-na-proxima-novela\/","title":{"rendered":"Adriana Esteves e  Deborah Secco ser\u00e3o casal na pr\u00f3xima novela"},"content":{"rendered":"<p>Tem sucesso &#8211; and pol\u00eamica &#8211; chegando na televis\u00e3o em breve.\u00a0Adriana Esteves, sucesso em 2012 com a vil\u00e3 Carminha, em \u201cAvenida Brasil\u201d, voltar\u00e1 a ser beeeeeeeeeeeeeeeeeeeem malvada na pr\u00f3xima\u00a0novela das 21h da TV Globo: \u201cDe Volta Pra Casa\u201d. A personagem vai explorar uma garota de programa interpretada por Deborah Secco, com quem ter\u00e1 um conturbado\u00a0relacionamento.<\/p>\n<p>Ao descobrir que a personagem de Deborah tinha um caso com Beto Falc\u00e3o (Em\u00edlio Dantas), cantor dado como morto, a vil\u00e3 a ordena fazer uma grande chantagem, j\u00e1 que ap\u00f3s o seu suposto falecimento, o artista voltou as paradas de sucesso.<\/p>\n<p>A novela \u00a0\u201cDe Volta Pra Casa\u201d tem previs\u00e3o de estreia para abril se passar\u00e1 na Bahia. No elenco tem nomes confirmados de Giovanna Antonelli , Chay Sued e Rodrigo Lombardi. O folhetim leva a assinatura de Jo\u00e3o Emanuel Carneiro, o mesmo criador de Avenida Brasil.<\/p>\n","protected":false},"excerpt":{"rendered":"<p>Tem sucesso &#8211; and pol\u00eamica &#8211; chegando na televis\u00e3o em breve.\u00a0Adriana Esteves, sucesso em 2012 com a vil\u00e3 Carminha, em \u201cAvenida Brasil\u201d, voltar\u00e1 a ser beeeeeeeeeeeeeeeeeeeem [&hellip;]<\/p>\n","protected":false},"author":1,"featured_media":13519,"comment_status":"open","ping_status":"open","sticky":false,"template":"","format":"image","meta":{"footnotes":""},"categories":[28,80],"tags":[1541,1540],"class_list":["post-13518","post","type-post","status-publish","format-image","has-post-thumbnail","hentry","category-farofa-digital","category-home","tag-adriana-esteves","tag-deborah-secco","post_format-post-format-image"],"_links":{"self":[{"href":"https:\/\/blogs.correio24horas.com.br\/mesalte\/wp-json\/wp\/v2\/posts\/13518","targetHints":{"allow":["GET"]}}],"collection":[{"href":"https:\/\/blogs.correio24horas.com.br\/mesalte\/wp-json\/wp\/v2\/posts"}],"about":[{"href":"https:\/\/blogs.correio24horas.com.br\/mesalte\/wp-json\/wp\/v2\/types\/post"}],"author":[{"embeddable":true,"href":"https:\/\/blogs.correio24horas.com.br\/mesalte\/wp-json\/wp\/v2\/users\/1"}],"replies":[{"embeddable":true,"href":"https:\/\/blogs.correio24horas.com.br\/mesalte\/wp-json\/wp\/v2\/comments?post=13518"}],"version-history":[{"count":1,"href":"https:\/\/blogs.correio24horas.com.br\/mesalte\/wp-json\/wp\/v2\/posts\/13518\/revisions"}],"predecessor-version":[{"id":13520,"href":"https:\/\/blogs.correio24horas.com.br\/mesalte\/wp-json\/wp\/v2\/posts\/13518\/revisions\/13520"}],"wp:featuredmedia":[{"embeddable":true,"href":"https:\/\/blogs.correio24horas.com.br\/mesalte\/wp-json\/wp\/v2\/media\/13519"}],"wp:attachment":[{"href":"https:\/\/blogs.correio24horas.com.br\/mesalte\/wp-json\/wp\/v2\/media?parent=13518"}],"wp:term":[{"taxonomy":"category","embeddable":true,"href":"https:\/\/blogs.correio24horas.com.br\/mesalte\/wp-json\/wp\/v2\/categories?post=13518"},{"taxonomy":"post_tag","embeddable":true,"href":"https:\/\/blogs.correio24horas.com.br\/mesalte\/wp-json\/wp\/v2\/tags?post=13518"}],"curies":[{"name":"wp","href":"https:\/\/api.w.org\/{rel}","templated":true}]}}