{"id":13425,"date":"2017-11-19T17:01:58","date_gmt":"2017-11-19T20:01:58","guid":{"rendered":"http:\/\/blogs.correio24horas.com.br\/mesalte\/?p=13425"},"modified":"2017-11-19T17:19:08","modified_gmt":"2017-11-19T20:19:08","slug":"ivete-sangalo-posta-foto-de-biquini-mostrando-barrigao-de-6-meses-to-muito-gravidinea","status":"publish","type":"post","link":"https:\/\/blogs.correio24horas.com.br\/mesalte\/ivete-sangalo-posta-foto-de-biquini-mostrando-barrigao-de-6-meses-to-muito-gravidinea\/","title":{"rendered":"Ivete Sangalo posta foto de biqu\u00edni mostrando barrig\u00e3o de 6 meses: &#8216;t\u00f4 muito gravid\u00ednea&#8217;"},"content":{"rendered":"<p>A cantora Ivete Sangalo aproveitou o domingo (19) para mostrar o barrig\u00e3o de g\u00eameas. Ela usou as redes sociais para mostrar uma foto de biqu\u00edni do alto dos seis meses de gesta\u00e7\u00e3o. Em 20 minutos, a imagem j\u00e1 teve mais de 300 mil curtidas somente no instagram da cantora.<\/p>\n<p>Ivete Sangalo confirmou a gravidez atrav\u00e9s das redes sociais no dia 12 de setembro. Durante sua apresenta\u00e7\u00e3o no Rock in Rio, dias depois, a cantora afirmou para o p\u00fablico que est\u00e1 esperando duas meninas. <a href=\"https:\/\/blogs.correio24horas.com.br\/mesalte\/gravida-ivete-sangalo-suspende-blocos-e-nao-estara-no-carnaval-2018\/\" target=\"_blank\">Ivete est\u00e1 na reta final da gravidez e j\u00e1 anunciou que\u00a0n\u00e3o ir\u00e1 participar do Carnaval de Salvador em 2018<\/a>. Os blocos Coruja e Cerveja&amp;Cia, comandados por ela, tamb\u00e9m n\u00e3o v\u00e3o desfilar na folia com trios.<\/p>\n<p>\u201cEm virtude da alegria de estar esperando duas menininhas, eu n\u00e3o poderei participar do Carnaval, por orienta\u00e7\u00e3o m\u00e9dica e tamb\u00e9m por orienta\u00e7\u00e3o dos meus neur\u00f4nios. Seria uma grande irresponsabilidade minha, j\u00e1 que vou estar perto de dar \u00e0 luz\u201d, explicou a cantora, em bate-papo ao vivo em seu perfil no Instagram quando anunciou a decis\u00e3o. O \u00faltimo show de Ivete antes de parir ser\u00e1 no\u00a0R\u00e9veillon de Salvador,\u00a0quando ela far\u00e1 a contagem regressiva.<\/p>\n<p><strong>Veja abaixo a foto que ela postou hoje:\u00a0<\/strong><\/p>\n<p>&nbsp;<\/p>\n<blockquote class=\"instagram-media\" style=\"background: #FFF; border: 0; border-radius: 3px; box-shadow: 0 0 1px 0 rgba(0,0,0,0.5),0 1px 10px 0 rgba(0,0,0,0.15); margin: 1px; max-width: 658px; padding: 0; width: calc(100% - 2px);\" data-instgrm-captioned=\"\" data-instgrm-version=\"7\">\n<div style=\"padding: 8px;\">\n<div style=\"background: #F8F8F8; line-height: 0; margin-top: 40px; padding: 50.0% 0; text-align: center; width: 100%;\"><\/div>\n<p style=\"margin: 8px 0 0 0; padding: 0 4px;\"><a style=\"color: #000; font-family: Arial,sans-serif; font-size: 14px; font-style: normal; font-weight: normal; line-height: 17px; text-decoration: none; word-wrap: break-word;\" href=\"https:\/\/www.instagram.com\/p\/BbsFU_eFdab\/\" target=\"_blank\">Pense numa mulher que est\u00e1 se sentindo! EU!!! Dia de sol e muita alegria aqui dentro. Um domingo de amor pra gente\u2764\ufe0f&#x1f37c;&#x1f37c; t\u00f4 muito gravid\u00ednea &#x1f602;<\/a><\/p>\n<p style=\"color: #c9c8cd; font-family: Arial,sans-serif; font-size: 14px; line-height: 17px; margin-bottom: 0; margin-top: 8px; overflow: hidden; padding: 8px 0 7px; text-align: center; text-overflow: ellipsis; white-space: nowrap;\">Uma publica\u00e7\u00e3o compartilhada por Veveta (@ivetesangalo) em <time style=\"font-family: Arial,sans-serif; font-size: 14px; line-height: 17px;\" datetime=\"2017-11-19T19:37:02+00:00\">Nov 19, 2017 \u00e0s 11:37 PST<\/time><\/p>\n<\/div>\n<\/blockquote>\n<p><script src=\"\/\/platform.instagram.com\/en_US\/embeds.js\" async=\"\" defer=\"defer\"><\/script><\/p>\n","protected":false},"excerpt":{"rendered":"<p>A cantora Ivete Sangalo aproveitou o domingo (19) para mostrar o barrig\u00e3o de g\u00eameas. Ela usou as redes sociais para mostrar uma foto de biqu\u00edni do [&hellip;]<\/p>\n","protected":false},"author":1,"featured_media":13426,"comment_status":"open","ping_status":"open","sticky":false,"template":"","format":"image","meta":{"footnotes":""},"categories":[80,26],"tags":[415],"class_list":["post-13425","post","type-post","status-publish","format-image","has-post-thumbnail","hentry","category-home","category-me-inspiro","tag-ivete-sangalo","post_format-post-format-image"],"_links":{"self":[{"href":"https:\/\/blogs.correio24horas.com.br\/mesalte\/wp-json\/wp\/v2\/posts\/13425","targetHints":{"allow":["GET"]}}],"collection":[{"href":"https:\/\/blogs.correio24horas.com.br\/mesalte\/wp-json\/wp\/v2\/posts"}],"about":[{"href":"https:\/\/blogs.correio24horas.com.br\/mesalte\/wp-json\/wp\/v2\/types\/post"}],"author":[{"embeddable":true,"href":"https:\/\/blogs.correio24horas.com.br\/mesalte\/wp-json\/wp\/v2\/users\/1"}],"replies":[{"embeddable":true,"href":"https:\/\/blogs.correio24horas.com.br\/mesalte\/wp-json\/wp\/v2\/comments?post=13425"}],"version-history":[{"count":4,"href":"https:\/\/blogs.correio24horas.com.br\/mesalte\/wp-json\/wp\/v2\/posts\/13425\/revisions"}],"predecessor-version":[{"id":13430,"href":"https:\/\/blogs.correio24horas.com.br\/mesalte\/wp-json\/wp\/v2\/posts\/13425\/revisions\/13430"}],"wp:featuredmedia":[{"embeddable":true,"href":"https:\/\/blogs.correio24horas.com.br\/mesalte\/wp-json\/wp\/v2\/media\/13426"}],"wp:attachment":[{"href":"https:\/\/blogs.correio24horas.com.br\/mesalte\/wp-json\/wp\/v2\/media?parent=13425"}],"wp:term":[{"taxonomy":"category","embeddable":true,"href":"https:\/\/blogs.correio24horas.com.br\/mesalte\/wp-json\/wp\/v2\/categories?post=13425"},{"taxonomy":"post_tag","embeddable":true,"href":"https:\/\/blogs.correio24horas.com.br\/mesalte\/wp-json\/wp\/v2\/tags?post=13425"}],"curies":[{"name":"wp","href":"https:\/\/api.w.org\/{rel}","templated":true}]}}